{"id":183409,"date":"2025-06-17T13:18:08","date_gmt":"2025-06-17T13:18:08","guid":{"rendered":"https:\/\/www.europesays.com\/fr\/183409\/"},"modified":"2025-06-17T13:18:08","modified_gmt":"2025-06-17T13:18:08","slug":"linstallation-dun-dome-de-chaleur-fait-craindre-le-pire-au-niveau-des-temperatures","status":"publish","type":"post","link":"https:\/\/www.europesays.com\/fr\/183409\/","title":{"rendered":"l&rsquo;installation d&rsquo;un d\u00f4me de chaleur fait craindre le pire au niveau des temp\u00e9ratures"},"content":{"rendered":"<p>            Par<br \/>\n        <strong><br \/>\n            <a href=\"https:\/\/actu.fr\/auteur\/sports33\" title=\"Consulter tous les articles de Nicolas Gosselin\" rel=\"nofollow noopener\" target=\"_blank\">Nicolas Gosselin<\/a><br \/>\n        <\/strong><\/p>\n<p>        Publi\u00e9 le<\/p>\n<p>            17 juin 2025 \u00e0 15h07        <\/p>\n<p>\u00c0 <strong>Bordeaux<\/strong>, le mercure pourrait atteindre les <strong>37 degr\u00e9s<\/strong> en cette fin de semaine. De jeudi 19 juin \u00e0 lundi 23 juin 2025, une <a href=\"https:\/\/actu.fr\/tag\/vague-de-chaleur\" rel=\"nofollow noopener\" target=\"_blank\">vague de chaleur intense<\/a> devrait frapper la France et notamment la <strong>Gironde<\/strong>.<\/p>\n<p class=\" wall-content\">Selon <a href=\"https:\/\/actualite.lachainemeteo.com\/actualite-meteo\/2025-06-16\/vague-de-chaleur-et-canicule-cette-semaine-quels-sont-les-risques-78998\" rel=\"nofollow noopener\" target=\"_blank\">La Cha\u00eene M\u00e9t\u00e9o<\/a>, cette augmentation progressive des temp\u00e9ratures tout au long de la semaine s\u2019explique par la mise en place d\u2019un <strong>d\u00f4me de chaleur<\/strong> au-dessus du pays.<\/p>\n<p class=\" wall-content\">\n<p class=\" wall-content\">Autrement dit, \u00ab\u00a0un vaste bloc de hautes pressions emp\u00eache l\u2019air chaud de s\u2019\u00e9lever, formant un d\u00f4me\u00a0\u00bb et \u00ab\u00a0en redescendant, l\u2019air chaud bloqu\u00e9 se r\u00e9chauffe par compression\u00a0\u00bb.<\/p>\n<p>Des temp\u00e9ratures anormalement \u00e9lev\u00e9es<\/p>\n<p class=\" wall-content\">En raison de cette anomalie, le mercure va exploser \u00e0 la hausse et les temp\u00e9ratures seront <strong>9 \u00e0 11 degr\u00e9s au-dessus des normales de saison<\/strong> en Gironde durant quatre \u00e0 cinq jours.<\/p>\n<p class=\" wall-content\">M\u00e9t\u00e9o France annonce des maximales \u00e0 36 degr\u00e9s du jeudi au lundi, hormis le dimanche o\u00f9 les pr\u00e9visionnistes \u00e9voquent une maximale \u00e0 34 degr\u00e9s. Et les temp\u00e9ratures ne devraient plus redescendre sous les 20 degr\u00e9s la nuit, \u00e0 partir de vendredi.<\/p>\n<p class=\" wall-content\">Ce sera valable dans l\u2019ensemble du d\u00e9partement sauf <strong>sur le littoral o\u00f9 l\u2019air devrait \u00eatre l\u00e9g\u00e8rement plus doux<\/strong>, y compris la nuit.<\/p>\n<p>Vid\u00e9os : en ce moment sur Actu<\/p>\n<p class=\" wall-content\">\n<p class=\" wall-content\">\u00ab\u00a0Cette vague de chaleur pr\u00e9vue pour le solstice d\u2019\u00e9t\u00e9 s\u2019inscrit dans une tendance g\u00e9n\u00e9rale. Depuis 2000, la France a connu 32 vagues de chaleur, contre 17 avant 2000, et ces \u00e9pisodes sont d\u00e9sormais plus pr\u00e9coces (d\u00e8s mi-juin)\u00a0\u00bb, pr\u00e9cise La Cha\u00eene M\u00e9t\u00e9o, qui met en relation ces \u00e9pisodes m\u00e9t\u00e9orologiques avec le <a href=\"https:\/\/actu.fr\/tag\/rechauffement-climatique\" rel=\"nofollow noopener\" target=\"_blank\">r\u00e9chauffement climatique<\/a>.<\/p>\n<p class=\" wall-content\">Toutefois, elle devrait \u00eatre moins intense que celle de la mi-juin 2022 o\u00f9 on avait atteint <strong>des records absolus dans le sud-ouest<\/strong> (43 degr\u00e9s \u00e0 Biarritz et 40 degr\u00e9s \u00e0 Bordeaux) mais plus se rapprocher de la vague de chaleur de juin 2017 o\u00f9 il avait fait 37 degr\u00e9s \u00e0 Bordeaux.<\/p>\n<p>Une alerte canicule \u00e0 craindre ?<\/p>\n<p class=\" wall-content\">Selon La Cha\u00eene M\u00e9t\u00e9o, le <a href=\"https:\/\/actu.fr\/tag\/canicule\" rel=\"nofollow noopener\" target=\"_blank\">seuil caniculaire<\/a> pourrait m\u00eame \u00eatre atteint. Pour cela, il faudrait que les fortes chaleurs persistent pendant au moins trois jours et trois nuits de suite ; ce qui pourrait \u00eatre le cas \u00e0 Bordeaux avec des temp\u00e9ratures \u00e0 35-36 degr\u00e9s la journ\u00e9e et \u00e9gales ou sup\u00e9rieures \u00e0 20 degr\u00e9s la nuit, de vendredi \u00e0 dimanche voire lundi.<\/p>\n<p class=\" wall-content\">\u00ab\u00a0L\u2019intensit\u00e9 et la dur\u00e9e de cette vague de chaleur restent encore <strong>tr\u00e8s incertaines<\/strong> et \u00e0 pr\u00e9ciser ces prochains jours\u00a0\u00bb, nuance <a href=\"https:\/\/actu.fr\/tag\/meteo-france\" rel=\"nofollow noopener\" target=\"_blank\">M\u00e9t\u00e9o France<\/a> dans un bulletin publi\u00e9 le 16 juin.<\/p>\n<p class=\" wall-content\">Suivez toute l\u2019actualit\u00e9 de vos villes et m\u00e9dias favoris en vous inscrivant \u00e0 <a href=\"https:\/\/moncompte.actu.fr\" title=\"D\u00e9couvez Mon Actu\" rel=\"nofollow noopener\" data-trk=\"{&quot;cta&quot;:{&quot;action&quot;:&quot;https:\\\/\\\/moncompte.actu.fr&quot;,&quot;category&quot;:&quot;mon compte&quot;,&quot;from&quot;:&quot;article footer&quot;,&quot;name&quot;:&quot;Mon actu&quot;,&quot;type&quot;:&quot;cta&quot;}}\" target=\"_blank\">Mon Actu<\/a>.<\/p>\n","protected":false},"excerpt":{"rendered":"Par Nicolas Gosselin Publi\u00e9 le 17 juin 2025 \u00e0 15h07 \u00c0 Bordeaux, le mercure pourrait atteindre les 37&hellip;\n","protected":false},"author":2,"featured_media":183410,"comment_status":"","ping_status":"","sticky":false,"template":"","format":"standard","meta":{"footnotes":""},"categories":[2817],"tags":[1111,11,1997,6698,1777,674,1011,27,2487,2357,12,2219,25,15637],"class_list":{"0":"post-183409","1":"post","2":"type-post","3":"status-publish","4":"format-standard","5":"has-post-thumbnail","7":"category-bordeaux","8":"tag-actu","9":"tag-actualites","10":"tag-bordeaux","11":"tag-canicule","12":"tag-eu","13":"tag-europe","14":"tag-fr","15":"tag-france","16":"tag-meteo","17":"tag-meteo-france","18":"tag-news","19":"tag-nouvelle-aquitaine","20":"tag-republique-francaise","21":"tag-vague-de-chaleur"},"share_on_mastodon":{"url":"https:\/\/pubeurope.com\/@fr\/114698905384980356","error":""},"_links":{"self":[{"href":"https:\/\/www.europesays.com\/fr\/wp-json\/wp\/v2\/posts\/183409","targetHints":{"allow":["GET"]}}],"collection":[{"href":"https:\/\/www.europesays.com\/fr\/wp-json\/wp\/v2\/posts"}],"about":[{"href":"https:\/\/www.europesays.com\/fr\/wp-json\/wp\/v2\/types\/post"}],"author":[{"embeddable":true,"href":"https:\/\/www.europesays.com\/fr\/wp-json\/wp\/v2\/users\/2"}],"replies":[{"embeddable":true,"href":"https:\/\/www.europesays.com\/fr\/wp-json\/wp\/v2\/comments?post=183409"}],"version-history":[{"count":0,"href":"https:\/\/www.europesays.com\/fr\/wp-json\/wp\/v2\/posts\/183409\/revisions"}],"wp:featuredmedia":[{"embeddable":true,"href":"https:\/\/www.europesays.com\/fr\/wp-json\/wp\/v2\/media\/183410"}],"wp:attachment":[{"href":"https:\/\/www.europesays.com\/fr\/wp-json\/wp\/v2\/media?parent=183409"}],"wp:term":[{"taxonomy":"category","embeddable":true,"href":"https:\/\/www.europesays.com\/fr\/wp-json\/wp\/v2\/categories?post=183409"},{"taxonomy":"post_tag","embeddable":true,"href":"https:\/\/www.europesays.com\/fr\/wp-json\/wp\/v2\/tags?post=183409"}],"curies":[{"name":"wp","href":"https:\/\/api.w.org\/{rel}","templated":true}]}}