{"id":183417,"date":"2025-06-17T13:22:11","date_gmt":"2025-06-17T13:22:11","guid":{"rendered":"https:\/\/www.europesays.com\/fr\/183417\/"},"modified":"2025-06-17T13:22:11","modified_gmt":"2025-06-17T13:22:11","slug":"vague-de-chaleur-restez-vigilants","status":"publish","type":"post","link":"https:\/\/www.europesays.com\/fr\/183417\/","title":{"rendered":"Vague de chaleur : restez vigilants !"},"content":{"rendered":"<p class=\"introduction\">Avec l&rsquo;\u00e9t\u00e9, le risque de vagues de chaleur nous pousse \u00e0 rester vigilants. Cette ann\u00e9e encore, les \u00e9quipes du Centre Communal d&rsquo;Action Sociale (CCAS) de Roubaix se tiennent pr\u00eates \u00e0 intervenir pour assister les personnes inscrites au Registre communal des personnes vuln\u00e9rables (RCPV). Cette initiative vise \u00e0 garantir la s\u00e9curit\u00e9 des r\u00e9sidents les plus fragiles pendant les \u00e9pisodes de canicule.<\/p>\n<p><b>Le Registre Communal des Personnes Vuln\u00e9rables en p\u00e9riode de canicule<\/b><\/p>\n<p>Le RCPV est con\u00e7u pour aider les personnes isol\u00e9es, \u00e2g\u00e9es de 65 ans et plus, les personnes de 60 ans et plus inaptes au travail, ainsi que celles en situation de handicap. En cas de forte chaleur, les \u00e9quipes du CCAS peuvent contacter ces individus pour v\u00e9rifier leur \u00e9tat, fournir des conseils, ou d\u00e9clencher une intervention si n\u00e9cessaire, comme une visite \u00e0 domicile ou alerter les secours.<\/p>\n<p><b>Conseils de pr\u00e9vention en cas de fortes chaleurs<\/b><\/p>\n<p>Pour vous prot\u00e9ger durant les p\u00e9riodes de fortes chaleurs, voici quelques conseils essentiels :<\/p>\n<ul>\n<li style=\"font-weight: 400;\" aria-level=\"1\"><strong>Buvez r\u00e9guli\u00e8rement de l\u2019eau<\/strong>, environ 1,5 litre par jour, sans attendre d\u2019avoir soif.<\/li>\n<li style=\"font-weight: 400;\" aria-level=\"1\"><strong>Rafra\u00eechissez-vous<\/strong> plusieurs fois par jour \u00e0 l\u2019aide d\u2019un brumisateur ou d\u2019un linge humide.<\/li>\n<li style=\"font-weight: 400;\" aria-level=\"1\"><strong>\u00c9vitez les boissons alcoolis\u00e9es<\/strong>, tr\u00e8s sucr\u00e9es ou contenant de la caf\u00e9ine.<\/li>\n<li style=\"font-weight: 400;\" aria-level=\"1\"><strong>Limitez les sorties<\/strong> pendant les heures les plus chaudes et passez du temps dans des lieux frais.<\/li>\n<li style=\"font-weight: 400;\" aria-level=\"1\"><strong>Portez des v\u00eatements l\u00e9gers<\/strong> et un chapeau pour vous prot\u00e9ger.<\/li>\n<li style=\"font-weight: 400;\" aria-level=\"1\"><strong>Gardez votre logement frais<\/strong> en fermant fen\u00eatres et volets pendant la journ\u00e9e, et a\u00e9rez la nuit.<\/li>\n<li style=\"font-weight: 400;\" aria-level=\"1\">En cas de malaise, appelez imm\u00e9diatement le 15 (SAMU).<\/li>\n<\/ul>\n<p class=\"title\">\u00c0 la recherche de fra\u00eecheur \u00e0 Roubaix ?<\/p>\n<p>Si vous cherchez un endroit agr\u00e9able pour vous rafra\u00eechir, Roubaix offre plusieurs \u00eelots de fra\u00eecheur, parcs et jardins pour vous d\u00e9tendre pendant les fortes chaleurs. Consultez la cartographie des lieux frais pour trouver les meilleurs endroits pour \u00e9chapper \u00e0 la chaleur :<br \/>&gt; <a title=\"Les lieux de fraicheur dans la M\u00e9tropole Europ\u00e9enne de Lille\" href=\"https:\/\/geomel.lillemetropole.fr\/adws\/app\/665a2caf-ec7f-11ec-819a-fdfabfcd91f7\/\" target=\"_blank\" rel=\"noopener nofollow\">Les lieux de fraicheur dans la M\u00e9tropole Europ\u00e9enne de Lille<\/a>.<\/p>\n","protected":false},"excerpt":{"rendered":"Avec l&rsquo;\u00e9t\u00e9, le risque de vagues de chaleur nous pousse \u00e0 rester vigilants. Cette ann\u00e9e encore, les \u00e9quipes&hellip;\n","protected":false},"author":2,"featured_media":183418,"comment_status":"","ping_status":"","sticky":false,"template":"","format":"standard","meta":{"footnotes":""},"categories":[2815],"tags":[1111,11,5223,1777,674,1011,27,811,1307,12,32149,25],"class_list":{"0":"post-183417","1":"post","2":"type-post","3":"status-publish","4":"format-standard","5":"has-post-thumbnail","7":"category-lille","8":"tag-actu","9":"tag-actualites","10":"tag-ccas","11":"tag-eu","12":"tag-europe","13":"tag-fr","14":"tag-france","15":"tag-hauts-de-france","16":"tag-lille","17":"tag-news","18":"tag-plan-canicule","19":"tag-republique-francaise"},"share_on_mastodon":{"url":"https:\/\/pubeurope.com\/@fr\/114698921090988731","error":""},"_links":{"self":[{"href":"https:\/\/www.europesays.com\/fr\/wp-json\/wp\/v2\/posts\/183417","targetHints":{"allow":["GET"]}}],"collection":[{"href":"https:\/\/www.europesays.com\/fr\/wp-json\/wp\/v2\/posts"}],"about":[{"href":"https:\/\/www.europesays.com\/fr\/wp-json\/wp\/v2\/types\/post"}],"author":[{"embeddable":true,"href":"https:\/\/www.europesays.com\/fr\/wp-json\/wp\/v2\/users\/2"}],"replies":[{"embeddable":true,"href":"https:\/\/www.europesays.com\/fr\/wp-json\/wp\/v2\/comments?post=183417"}],"version-history":[{"count":0,"href":"https:\/\/www.europesays.com\/fr\/wp-json\/wp\/v2\/posts\/183417\/revisions"}],"wp:featuredmedia":[{"embeddable":true,"href":"https:\/\/www.europesays.com\/fr\/wp-json\/wp\/v2\/media\/183418"}],"wp:attachment":[{"href":"https:\/\/www.europesays.com\/fr\/wp-json\/wp\/v2\/media?parent=183417"}],"wp:term":[{"taxonomy":"category","embeddable":true,"href":"https:\/\/www.europesays.com\/fr\/wp-json\/wp\/v2\/categories?post=183417"},{"taxonomy":"post_tag","embeddable":true,"href":"https:\/\/www.europesays.com\/fr\/wp-json\/wp\/v2\/tags?post=183417"}],"curies":[{"name":"wp","href":"https:\/\/api.w.org\/{rel}","templated":true}]}}