{"id":183422,"date":"2025-06-17T13:25:18","date_gmt":"2025-06-17T13:25:18","guid":{"rendered":"https:\/\/www.europesays.com\/fr\/183422\/"},"modified":"2025-06-17T13:25:18","modified_gmt":"2025-06-17T13:25:18","slug":"jacques-hardelay-elu-president-de-marseille-provence-croisiere","status":"publish","type":"post","link":"https:\/\/www.europesays.com\/fr\/183422\/","title":{"rendered":"Jacques Hardelay \u00e9lu Pr\u00e9sident de Marseille Provence Croisi\u00e8re"},"content":{"rendered":"<p>\t\t\t\t\t Ing\u00e9nieur de formation, Jacques Hardelay poss\u00e8de une solide exp\u00e9rience dans les secteurs industriel et maritime. Il a occup\u00e9 des postes de direction au sein de grands groupes comme SAB WABCO et Alstom Transport, avant de devenir Directeur G\u00e9n\u00e9ral des Chantiers de l\u2019Atlantique, o\u00f9 il supervise la construction de paquebots jusqu\u2019en 2012. Il rejoint ensuite Alstom Hydro en tant que Directeur des Op\u00e9rations.<\/p>\n<p>En 2015, il prend la t\u00eate des Chantiers Navals de Marseille, qu\u2019il pr\u00e9side jusqu\u2019en 2021. En Octobre 2023, Jacques Hardelay est nomm\u00e9 Pr\u00e9sident D\u00e9l\u00e9gu\u00e9 de Marseille Provence Croisi\u00e8re.\n\t\t\t\t <\/p>\n","protected":false},"excerpt":{"rendered":"Ing\u00e9nieur de formation, Jacques Hardelay poss\u00e8de une solide exp\u00e9rience dans les secteurs industriel et maritime. Il a occup\u00e9&hellip;\n","protected":false},"author":2,"featured_media":183423,"comment_status":"","ping_status":"","sticky":false,"template":"","format":"standard","meta":{"footnotes":""},"categories":[2814],"tags":[1111,11,2380,1777,674,1011,27,32150,884,32151,12,882,25],"class_list":{"0":"post-183422","1":"post","2":"type-post","3":"status-publish","4":"format-standard","5":"has-post-thumbnail","7":"category-marseille","8":"tag-actu","9":"tag-actualites","10":"tag-croisiere","11":"tag-eu","12":"tag-europe","13":"tag-fr","14":"tag-france","15":"tag-jean-francois-suhas","16":"tag-marseille","17":"tag-marseille-provence-croisiere","18":"tag-news","19":"tag-provence-alpes-cote-dazur","20":"tag-republique-francaise"},"share_on_mastodon":{"url":"https:\/\/pubeurope.com\/@fr\/114698933026578232","error":""},"_links":{"self":[{"href":"https:\/\/www.europesays.com\/fr\/wp-json\/wp\/v2\/posts\/183422","targetHints":{"allow":["GET"]}}],"collection":[{"href":"https:\/\/www.europesays.com\/fr\/wp-json\/wp\/v2\/posts"}],"about":[{"href":"https:\/\/www.europesays.com\/fr\/wp-json\/wp\/v2\/types\/post"}],"author":[{"embeddable":true,"href":"https:\/\/www.europesays.com\/fr\/wp-json\/wp\/v2\/users\/2"}],"replies":[{"embeddable":true,"href":"https:\/\/www.europesays.com\/fr\/wp-json\/wp\/v2\/comments?post=183422"}],"version-history":[{"count":0,"href":"https:\/\/www.europesays.com\/fr\/wp-json\/wp\/v2\/posts\/183422\/revisions"}],"wp:featuredmedia":[{"embeddable":true,"href":"https:\/\/www.europesays.com\/fr\/wp-json\/wp\/v2\/media\/183423"}],"wp:attachment":[{"href":"https:\/\/www.europesays.com\/fr\/wp-json\/wp\/v2\/media?parent=183422"}],"wp:term":[{"taxonomy":"category","embeddable":true,"href":"https:\/\/www.europesays.com\/fr\/wp-json\/wp\/v2\/categories?post=183422"},{"taxonomy":"post_tag","embeddable":true,"href":"https:\/\/www.europesays.com\/fr\/wp-json\/wp\/v2\/tags?post=183422"}],"curies":[{"name":"wp","href":"https:\/\/api.w.org\/{rel}","templated":true}]}}