{"id":183426,"date":"2025-06-17T13:27:12","date_gmt":"2025-06-17T13:27:12","guid":{"rendered":"https:\/\/www.europesays.com\/fr\/183426\/"},"modified":"2025-06-17T13:27:12","modified_gmt":"2025-06-17T13:27:12","slug":"lyon-140-oeuvres-du-peintre-francois-rouan-a-voir-au-musee-des-beaux-arts","status":"publish","type":"post","link":"https:\/\/www.europesays.com\/fr\/183426\/","title":{"rendered":"Lyon : 140 \u0153uvres du peintre Fran\u00e7ois Rouan \u00e0 voir au mus\u00e9e des Beaux-Arts"},"content":{"rendered":"<p><img loading=\"lazy\" decoding=\"async\" alt=\"\u00a9 ADAGP, Paris, 2025\/image Atelier Laversine - Cette peinture \u00e0 la cire sur toile intitul\u00e9e &quot;Coquille n\u00b0XXXI&quot; a \u00e9t\u00e9 cr\u00e9\u00e9e en 1995 par Fran\u00e7ois Rouan. Elle est expos\u00e9e actuellement au mus\u00e9e des Beaux-Arts de Lyon.\" data-zoom-src=\"https:\/\/www.europesays.com\/fr\/wp-content\/uploads\/2025\/06\/initial-exposition-peintre-francois-rouan-coquille-ndegxxxi-musee-des-beaux-arts-lyon.jpg\" data-zoomable=\"\" height=\"702\" src=\"https:\/\/www.europesays.com\/fr\/wp-content\/uploads\/2025\/06\/initial-exposition-peintre-francois-rouan-coquille-ndegxxxi-musee-des-beaux-arts-lyon.jpg\" width=\"1248\"\/>  <\/p>\n<p class=\"article-desc\">\u00a9 ADAGP, Paris, 2025\/image Atelier Laversine &#8211; Cette peinture \u00e0 la cire sur toile intitul\u00e9e \u00ab\u00a0Coquille n\u00b0XXXI\u00a0\u00bb a \u00e9t\u00e9 cr\u00e9\u00e9e en 1995 par Fran\u00e7ois Rouan. Elle est expos\u00e9e actuellement au mus\u00e9e des Beaux-Arts de Lyon. <\/p>\n<p><strong>Fran\u00e7ois Rouan <\/strong>est connu pour ses \u00ab\u00a0toiles tress\u00e9es\u00a0\u00bb, qui en ont fait sa marque de fabrique au fil du temps. Associ\u00e9 \u00e0 ses d\u00e9buts au <strong>mouvement Supports\/Surfaces<\/strong>, il n\u2019y a pourtant jamais \u00e9t\u00e9 affili\u00e9 et son travail s\u2019en d\u00e9marque par sa singularit\u00e9 et la diversit\u00e9 des mat\u00e9riaux qu\u2019il emploie. <\/p>\n<p>\u00ab\u00a0Fran\u00e7ois Rouan, autour de l&#8217;empreinte\u00a0\u00bb, la nouvelle exposition du mus\u00e9e des Beaux-Arts de Lyon <\/p>\n<p>Intitul\u00e9e tr\u00e8s justement Fran\u00e7ois Rouan, autour de l\u2019empreinte, cette <strong>exposition<\/strong> propos\u00e9e actuellement par le<strong>\u00a0mus\u00e9e des Beaux-Arts de Lyon<\/strong> n\u2019est pas monographique, comme l\u2019a rappel\u00e9 la directrice du mus\u00e9e et co-commissaire de l\u2019exposition. L&rsquo;exposition pr\u00e9sente tout de m\u00eame pr\u00e8s de<strong> 140 \u0153uvres<\/strong> de l\u2019artiste, peintures, dessins et photographies. <\/p>\n<p>Parce qu\u2019en effet, l\u2019empreinte, au sens propre comme au figur\u00e9, marque l\u2019ensemble de son \u0153uvre. Que ce soit l\u2019empreinte du film Shoah de <strong>Claude Lanzmann<\/strong> avec les toiles qui ouvrent l\u2019expo, rassembl\u00e9es dans une premi\u00e8re salle baptis\u00e9e \u00ab\u00a0St\u00fccke\u00a0\u00bb en r\u00e9f\u00e9rence aux morceaux d\u00e9membr\u00e9s et d\u00e9shumanis\u00e9s des corps supplici\u00e9s, qui apportent sa r\u00e9ponse de<strong> peintre<\/strong> \u00e0 la question de l\u2019irrepr\u00e9sentable. <\/p>\n<p>Ou celles qu\u2019il exp\u00e9rimente quand, \u00e0 la fin des ann\u00e9es 1980, il se met \u00e0 la<strong> photographie<\/strong> et demande \u00e0 ses mod\u00e8les de s\u2019asseoir sur des films plastiques tr\u00e8s fins qu\u2019il reproduit sur papier puis incorpore \u00e0 des couches color\u00e9es et d\u00e9double pour brouiller le regard.<\/p>\n<p>Ce sera la s\u00e9rie Coquilles dont le public peut voir des exemples dans la deuxi\u00e8me salle. Il n\u2019aura de cesse, d\u00e8s lors de repr\u00e9senter le<strong> sexe f\u00e9minin<\/strong>, comme un hommage \u00e0 L\u2019origine du monde de <strong>Gustave Courbet<\/strong> et de produire des figures presque fantastiques, entre tressage (on devrait plut\u00f4t parler de tissage, du reste), photographie et peinture \u00e0 la cire et poudre de marbre. <\/p>\n<p>On se laissera charmer par la vari\u00e9t\u00e9 des sujets, des supports, des m\u00e9thodes et des couleurs, de ses \u00e9tudes des<strong> fresques de Lorenzetti<\/strong> lors de son s\u00e9jour \u00e0 <strong>Sienne<\/strong> \u00e0 ses Transis, r\u00e9alis\u00e9s beaucoup plus r\u00e9cemment, apr\u00e8s la commande que lui a pass\u00e9 l\u2019<strong>Abbaye royale de Fontevraud <\/strong>de r\u00e9aliser les vitraux du grand r\u00e9fectoire. <\/p>\n<p>Fran\u00e7ois Rouan sera pr\u00e9sent au MBA de Lyon le 27 juin <\/p>\n<p>Une analyse qui l\u2019am\u00e8ne \u00e0 r\u00e9fl\u00e9chir \u00e0 des formats plus verticaux et qui donne \u00e0 voir de splendides peintures m\u00ealant le motif de la mort et la vie, entre traces et touches de couleurs, empreintes et volutes.<\/p>\n<p>A l\u2019instar des Transim\u00e8res, des tirages argentiques retravaill\u00e9s et compos\u00e9s \u00e0 la m\u00eame \u00e9poque. Ou des V\u00e9nus de la 8e salle, inspir\u00e9es de la d\u00e9couverte des \u00ab\u00a0<strong>V\u00e9nus de Renancourt\u00a0\u00bb<\/strong>, une s\u00e9rie de <strong>statuettes <\/strong>du <strong>pal\u00e9olithique sup\u00e9rieur<\/strong> retrouv\u00e9es sur le chantier de fouilles pr\u00e9ventives du quartier de Renancourt \u00e0 Amiens de 2014 \u00e0 2019. Fran\u00e7ois Rouan les dessinent avec pr\u00e9cision et po\u00e9sie ou les peint en grand format sur ses fameuses toiles tress\u00e9s. <\/p>\n<p>Une magnifique d\u00e9couverte d\u2019un peintre pr\u00e9cieux et profond\u00e9ment moderne avec lequel les visiteurs pourront \u00e9changer le <strong>vendredi 27 juin <\/strong>(12h30) dans le cadre des \u00ab\u00a0rendez-vous de midi\u00a0\u00bb organis\u00e9s par le MBA de Lyon.\u00a0 <\/p>\n<p>Infos pratiques <\/p>\n<p>Exposition \u00ab\u00a0Fran\u00e7ois Rouan, autour de l&#8217;empreinte\u00a0\u00bb. Jusqu\u2019au 21 septembre 2025. <\/p>\n<p>Mus\u00e9e des Beaux-Arts, 20, place des Terreaux, 69001 Lyon. <\/p>\n<p>Horaires et billetterie sur le site : <a href=\"https:\/\/www.mba-lyon.fr\/fr\" rel=\"noopener\" target=\"_blank\">www.mba-lyon.fr<\/a>.<\/p>\n","protected":false},"excerpt":{"rendered":"\u00a9 ADAGP, Paris, 2025\/image Atelier Laversine &#8211; Cette peinture \u00e0 la cire sur toile intitul\u00e9e \u00ab\u00a0Coquille n\u00b0XXXI\u00a0\u00bb a&hellip;\n","protected":false},"author":2,"featured_media":183427,"comment_status":"","ping_status":"","sticky":false,"template":"","format":"standard","meta":{"footnotes":""},"categories":[1889],"tags":[1111,11,2430,1777,674,1011,27,2428,32152,11625,12,1585,25,3336],"class_list":{"0":"post-183426","1":"post","2":"type-post","3":"status-publish","4":"format-standard","5":"has-post-thumbnail","7":"category-lyon","8":"tag-actu","9":"tag-actualites","10":"tag-auvergne-rhone-alpes","11":"tag-eu","12":"tag-europe","13":"tag-fr","14":"tag-france","15":"tag-lyon","16":"tag-musu00e9e-des-beaux-arts-de-lyon","17":"tag-musu00e9es","18":"tag-news","19":"tag-peinture","20":"tag-republique-francaise","21":"tag-sortir-u00e0-lyon"},"share_on_mastodon":{"url":"https:\/\/pubeurope.com\/@fr\/114698940899602672","error":""},"_links":{"self":[{"href":"https:\/\/www.europesays.com\/fr\/wp-json\/wp\/v2\/posts\/183426","targetHints":{"allow":["GET"]}}],"collection":[{"href":"https:\/\/www.europesays.com\/fr\/wp-json\/wp\/v2\/posts"}],"about":[{"href":"https:\/\/www.europesays.com\/fr\/wp-json\/wp\/v2\/types\/post"}],"author":[{"embeddable":true,"href":"https:\/\/www.europesays.com\/fr\/wp-json\/wp\/v2\/users\/2"}],"replies":[{"embeddable":true,"href":"https:\/\/www.europesays.com\/fr\/wp-json\/wp\/v2\/comments?post=183426"}],"version-history":[{"count":0,"href":"https:\/\/www.europesays.com\/fr\/wp-json\/wp\/v2\/posts\/183426\/revisions"}],"wp:featuredmedia":[{"embeddable":true,"href":"https:\/\/www.europesays.com\/fr\/wp-json\/wp\/v2\/media\/183427"}],"wp:attachment":[{"href":"https:\/\/www.europesays.com\/fr\/wp-json\/wp\/v2\/media?parent=183426"}],"wp:term":[{"taxonomy":"category","embeddable":true,"href":"https:\/\/www.europesays.com\/fr\/wp-json\/wp\/v2\/categories?post=183426"},{"taxonomy":"post_tag","embeddable":true,"href":"https:\/\/www.europesays.com\/fr\/wp-json\/wp\/v2\/tags?post=183426"}],"curies":[{"name":"wp","href":"https:\/\/api.w.org\/{rel}","templated":true}]}}