{"id":183428,"date":"2025-06-17T13:28:10","date_gmt":"2025-06-17T13:28:10","guid":{"rendered":"https:\/\/www.europesays.com\/fr\/183428\/"},"modified":"2025-06-17T13:28:10","modified_gmt":"2025-06-17T13:28:10","slug":"grace-a-la-region-ile-de-france-cette-rue-emblematique-de-la-ville-va-etre-renovee","status":"publish","type":"post","link":"https:\/\/www.europesays.com\/fr\/183428\/","title":{"rendered":"gr\u00e2ce \u00e0 la R\u00e9gion Ile-de-France, cette rue embl\u00e9matique de la ville va \u00eatre r\u00e9nov\u00e9e"},"content":{"rendered":"<p>            Par<br \/>\n        <strong><br \/>\n            <a href=\"https:\/\/actu.fr\/auteur\/redaction-lerepublique\" title=\"Consulter tous les articles de R\u00e9daction La R\u00e9publique de Seine et Marne\" rel=\"nofollow noopener\" target=\"_blank\">R\u00e9daction La R\u00e9publique de Seine et Marne<\/a><br \/>\n        <\/strong><\/p>\n<p>        Publi\u00e9 le<\/p>\n<p>            17 juin 2025 \u00e0 15h00        <\/p>\n<p>Vendredi 6 juin 2025, Jean-Philippe Dugoin-Cl\u00e9ment, vice-pr\u00e9sident \u00e0 la R\u00e9gion \u00cele-de-France, et Olivier Lavenka, maire de <a href=\"https:\/\/actu.fr\/ile-de-france\/provins_77379\" rel=\"nofollow noopener\" target=\"_blank\">Provins<\/a> (<b>Seine-et-Marne<\/b>), ont sign\u00e9 <b>un Contrat d\u2019am\u00e9nagement r\u00e9gional (Car)<\/b> visant \u00e0 subventionner deux projets \u00e0 hauteur d\u2019<b>un million d\u2019euros<\/b> : la requalification urbaine, paysag\u00e8re et fonctionnelle de <a href=\"https:\/\/actu.fr\/ile-de-france\/provins_77379\/provins-nouveau-jardin-pistes-cyclables-promenades-la-ceinture-verte-se-devoile_60738695.html\" rel=\"nofollow noopener\" target=\"_blank\">la ceinture verte<\/a> et la<b> requalification urbaine<\/b> de la<b> rue Saint-Thibault<\/b>, sur sa portion allant de la <b>place du Ch\u00e2tel <\/b>\u00e0 la <b>rue des Jacobins<\/b>.<\/p>\n<p class=\" wall-content\">\u00ab Apr\u00e8s plusieurs mois de travaux, la r\u00e9alisation de la voie verte, <b>partag\u00e9e entre pi\u00e9tons et cyclistes,<\/b> est pr\u00eate \u00e0 \u00eatre livr\u00e9e dans sa totalit\u00e9 d\u2019ici \u00e0 quelques semaines \u00bb, a annonc\u00e9 le premier \u00e9dile.<\/p>\n<p>\u00c0 Provins, les travaux de la rue Saint-Thibault d\u00e9buteront le 30 juin 2025<\/p>\n<p class=\" wall-content\">Cette ceinture verte suit le trac\u00e9 des anciens remparts historiques sur plus de 3\u00a0km et permet la jonction entre le jardin Garnier, la Roseraie de Provins et le tout nouveau jardin public qui s\u2019appellera \u00ab Jardin des promenades de Provins \u00bb.<\/p>\n<p class=\" wall-content\">\u00ab Le projet pr\u00e9voit <b>trois interventions<\/b> dans <b>le jardin horticole de Provins<\/b>, avec la d\u00e9molition de l\u2019ancien b\u00e2timent de l\u2019octroi, autrefois occup\u00e9 par la soci\u00e9t\u00e9 d\u2019horticulture, la <b>cr\u00e9ation d\u2019une serre horticole <\/b>de 120 m\u00b2 \u00e0 l\u2019emplacement du b\u00e2timent d\u00e9moli, ainsi que la restauration et la s\u00e9curisation d\u2019un tron\u00e7on non class\u00e9 des remparts \u00bb, a rappel\u00e9 Olivier Lavenka.<\/p>\n<p>    <img   decoding=\"async\" loading=\"lazy\" class=\"size-large\" src=\"https:\/\/www.europesays.com\/fr\/wp-content\/uploads\/2025\/06\/743240389a486193240389a488e324v-960x640.jpg\" alt=\"Remise du ch\u00e8que de la R2gion Ile-de-France provins ch\u00e8que r\u00e9gion Ile-de-France\" width=\"960\" height=\"640\"\/><br \/>\n    Jean-Philippe Dugoin-Cl\u00e9ment, vice-pr\u00e9sident \u00e0 la R\u00e9gion \u00cele-de-France, a remis un ch\u00e8que d\u2019un million d\u2019euros \u00e0 la Ville de Provins, dans le cadre d\u2019un contrat d\u2019am\u00e9nagement rural visant \u00e0 financer une partie des travaux de la ceinture verte et de la requalification de la rue Saint-Thibault \u00a9CH\/RSM77Vid\u00e9os : en ce moment sur Actu<\/p>\n<p class=\" wall-content\">La seconde op\u00e9ration subventionn\u00e9e par la R\u00e9gion concerne la rue Saint-Thibault, reliant la ville-basse \u00e0 la ville-haute, de <b>l\u2019esplanade de l\u2019H\u00f4tel-Dieu au carrefour du Val<\/b>. L\u2019objectif est de <b>valoriser cet itin\u00e9raire <\/b>par des <b>am\u00e9nagements qualitatifs<\/b>, \u00e0 la hauteur de son importance historique et urbaine.<\/p>\n<p class=\" wall-content\">\u00ab J\u2019ai re\u00e7u les riverains en <b>r\u00e9union publique <\/b>afin de leur expliquer les phases de travaux, pr\u00e9cise le maire. Ils ont demand\u00e9 \u00e0 l\u2019unanimit\u00e9 de r\u00e9aliser ces travaux en une seule et m\u00eame p\u00e9riode, qui s\u2019\u00e9talera du <b>30 juin au 15 octobre 2025<\/b>. \u00bb<\/p>\n<p class=\" wall-content\">Lors des travaux, <b>des d\u00e9viations seront mises en place<\/b> pour desservir les diff\u00e9rents \u00e9tablissements scolaires et la sortie de la ville-haute par la porte de Jouy.<\/p>\n<p class=\" wall-content\">Suivez toute l\u2019actualit\u00e9 de vos villes et m\u00e9dias favoris en vous inscrivant \u00e0 <a href=\"https:\/\/moncompte.actu.fr\" title=\"D\u00e9couvez Mon Actu\" rel=\"nofollow noopener\" data-trk=\"{&quot;cta&quot;:{&quot;action&quot;:&quot;https:\\\/\\\/moncompte.actu.fr&quot;,&quot;category&quot;:&quot;mon compte&quot;,&quot;from&quot;:&quot;article footer&quot;,&quot;name&quot;:&quot;Mon actu&quot;,&quot;type&quot;:&quot;cta&quot;}}\" target=\"_blank\">Mon Actu<\/a>.<\/p>\n","protected":false},"excerpt":{"rendered":"Par R\u00e9daction La R\u00e9publique de Seine et Marne Publi\u00e9 le 17 juin 2025 \u00e0 15h00 Vendredi 6 juin&hellip;\n","protected":false},"author":2,"featured_media":183429,"comment_status":"","ping_status":"","sticky":false,"template":"","format":"standard","meta":{"footnotes":""},"categories":[1592],"tags":[1111,11,1777,674,1011,27,662,12,626,25,104,2086,1352],"class_list":{"0":"post-183428","1":"post","2":"type-post","3":"status-publish","4":"format-standard","5":"has-post-thumbnail","7":"category-ile-de-france","8":"tag-actu","9":"tag-actualites","10":"tag-eu","11":"tag-europe","12":"tag-fr","13":"tag-france","14":"tag-ile-de-france","15":"tag-news","16":"tag-paris","17":"tag-republique-francaise","18":"tag-societe","19":"tag-travaux","20":"tag-urbanisme"},"share_on_mastodon":{"url":"https:\/\/pubeurope.com\/@fr\/114698944985742779","error":""},"_links":{"self":[{"href":"https:\/\/www.europesays.com\/fr\/wp-json\/wp\/v2\/posts\/183428","targetHints":{"allow":["GET"]}}],"collection":[{"href":"https:\/\/www.europesays.com\/fr\/wp-json\/wp\/v2\/posts"}],"about":[{"href":"https:\/\/www.europesays.com\/fr\/wp-json\/wp\/v2\/types\/post"}],"author":[{"embeddable":true,"href":"https:\/\/www.europesays.com\/fr\/wp-json\/wp\/v2\/users\/2"}],"replies":[{"embeddable":true,"href":"https:\/\/www.europesays.com\/fr\/wp-json\/wp\/v2\/comments?post=183428"}],"version-history":[{"count":0,"href":"https:\/\/www.europesays.com\/fr\/wp-json\/wp\/v2\/posts\/183428\/revisions"}],"wp:featuredmedia":[{"embeddable":true,"href":"https:\/\/www.europesays.com\/fr\/wp-json\/wp\/v2\/media\/183429"}],"wp:attachment":[{"href":"https:\/\/www.europesays.com\/fr\/wp-json\/wp\/v2\/media?parent=183428"}],"wp:term":[{"taxonomy":"category","embeddable":true,"href":"https:\/\/www.europesays.com\/fr\/wp-json\/wp\/v2\/categories?post=183428"},{"taxonomy":"post_tag","embeddable":true,"href":"https:\/\/www.europesays.com\/fr\/wp-json\/wp\/v2\/tags?post=183428"}],"curies":[{"name":"wp","href":"https:\/\/api.w.org\/{rel}","templated":true}]}}