{"id":183449,"date":"2025-06-17T13:39:15","date_gmt":"2025-06-17T13:39:15","guid":{"rendered":"https:\/\/www.europesays.com\/fr\/183449\/"},"modified":"2025-06-17T13:39:15","modified_gmt":"2025-06-17T13:39:15","slug":"voitures-electriques-chinoises-leurope-sous-pression","status":"publish","type":"post","link":"https:\/\/www.europesays.com\/fr\/183449\/","title":{"rendered":"Voitures \u00e9lectriques chinoises: l\u2019Europe sous pression"},"content":{"rendered":"<p appliedstyle=\"ParagraphStyle\/100_Textes de base%3a101_Txt_base_renf_x08\" wwclass=\"Georgia_Pro9Regular\">\u00abLa question du chargement et de l\u2019autonomie des batteries constitue une pr\u00e9occupation majeure pour les consommateurs suisses. Beaucoup renoncent au moteur \u00e9lectrique au profit de v\u00e9hicules hybrides ou thermiques en raison de l\u2019absence de moyens de recharge satisfaisants\u00bb, dit Ilaria Besozzi, directrice de Swisscharge, une entreprise active dans les solutions de recharge pour la mobilit\u00e9 \u00e9lectrique. Les super-chargeurs constituent-ils la cl\u00e9 du probl\u00e8me? \u00abA terme, il serait b\u00e9n\u00e9fique que le pays dispose d\u2019une infrastructure plus performante, notamment sur les autoroutes, mais cela demandera sans doute des investissements importants dans le r\u00e9seau \u00e9lectrique. Dans un pays qui compte pr\u00e8s de 60% de locataires, le d\u00e9fi imm\u00e9diat est d\u2019assurer un meilleur acc\u00e8s aux bornes \u00e9lectriques dans les garages et sur les places de parc des immeubles r\u00e9sidentiels. Le droit de recharge (qui devrait \u00eatre soumis au vote du Conseil des Etats lors de la session parlementaire de juin 2025, ndlr) constituerait un outil d\u00e9cisif \u00e0 moyen terme.\u00bb Pour Ilaria Besozzi, l\u2019int\u00e9r\u00eat des constructeurs chinois pour la Suisse est globalement un bon signal pour le secteur de la mobilit\u00e9 \u00e9lectrique. \u00abCes nouveaux arrivants devront toutefois veiller \u00e0 disposer d\u2019un bon r\u00e9seau de distribution, par exemple au travers de partenariats avec des concessionnaires d\u00e9j\u00e0 bien implant\u00e9s.\u00bb BYD s\u2019\u00e9tait notamment rapproch\u00e9 du distributeur Emil Frey, mais aucun accord n\u2019a finalement \u00e9t\u00e9 sign\u00e9.<\/p>\n","protected":false},"excerpt":{"rendered":"\u00abLa question du chargement et de l\u2019autonomie des batteries constitue une pr\u00e9occupation majeure pour les consommateurs suisses. Beaucoup&hellip;\n","protected":false},"author":2,"featured_media":183450,"comment_status":"","ping_status":"","sticky":false,"template":"","format":"standard","meta":{"footnotes":""},"categories":[1586],"tags":[11,646,1777,674,1011,27,12,25],"class_list":{"0":"post-183449","1":"post","2":"type-post","3":"status-publish","4":"format-standard","5":"has-post-thumbnail","7":"category-europe","8":"tag-actualites","9":"tag-automobile","10":"tag-eu","11":"tag-europe","12":"tag-fr","13":"tag-france","14":"tag-news","15":"tag-republique-francaise"},"share_on_mastodon":{"url":"https:\/\/pubeurope.com\/@fr\/114698988020675148","error":""},"_links":{"self":[{"href":"https:\/\/www.europesays.com\/fr\/wp-json\/wp\/v2\/posts\/183449","targetHints":{"allow":["GET"]}}],"collection":[{"href":"https:\/\/www.europesays.com\/fr\/wp-json\/wp\/v2\/posts"}],"about":[{"href":"https:\/\/www.europesays.com\/fr\/wp-json\/wp\/v2\/types\/post"}],"author":[{"embeddable":true,"href":"https:\/\/www.europesays.com\/fr\/wp-json\/wp\/v2\/users\/2"}],"replies":[{"embeddable":true,"href":"https:\/\/www.europesays.com\/fr\/wp-json\/wp\/v2\/comments?post=183449"}],"version-history":[{"count":0,"href":"https:\/\/www.europesays.com\/fr\/wp-json\/wp\/v2\/posts\/183449\/revisions"}],"wp:featuredmedia":[{"embeddable":true,"href":"https:\/\/www.europesays.com\/fr\/wp-json\/wp\/v2\/media\/183450"}],"wp:attachment":[{"href":"https:\/\/www.europesays.com\/fr\/wp-json\/wp\/v2\/media?parent=183449"}],"wp:term":[{"taxonomy":"category","embeddable":true,"href":"https:\/\/www.europesays.com\/fr\/wp-json\/wp\/v2\/categories?post=183449"},{"taxonomy":"post_tag","embeddable":true,"href":"https:\/\/www.europesays.com\/fr\/wp-json\/wp\/v2\/tags?post=183449"}],"curies":[{"name":"wp","href":"https:\/\/api.w.org\/{rel}","templated":true}]}}