{"id":183453,"date":"2025-06-17T13:41:12","date_gmt":"2025-06-17T13:41:12","guid":{"rendered":"https:\/\/www.europesays.com\/fr\/183453\/"},"modified":"2025-06-17T13:41:12","modified_gmt":"2025-06-17T13:41:12","slug":"le-combat-dun-fils-renie-par-sa-mere-de-82-ans-amoureuse-dun-brouteur","status":"publish","type":"post","link":"https:\/\/www.europesays.com\/fr\/183453\/","title":{"rendered":"le combat d&rsquo;un fils reni\u00e9 par sa m\u00e8re de 82 ans, amoureuse d&rsquo;un brouteur"},"content":{"rendered":"<p>Le 9 juin dernier, Marie-Jo, une Rouennaise de 82 ans a retrouv\u00e9 sa Normandie <a href=\"https:\/\/www.ledauphine.com\/faits-divers-justice\/2025\/06\/02\/apres-le-feux-brad-pitt-une-octogenaire-arnaquee-par-un-faux-frederic-lopez\" target=\"_blank\" rel=\"nofollow noopener\">apr\u00e8s neuf mois pass\u00e9s \u00e0 Abidjan<\/a>, en C\u00f4te d&rsquo;Ivoire. Un soulagement pour son fils Xavier, \u00e2g\u00e9 de 61 ans, habitant en C\u00f4te-d&rsquo;Or&#8230; Mais de courte dur\u00e9e. Retour en arri\u00e8re : il y a neuf mois, Marie-Jo pensait avoir affaire \u00e0 Fr\u00e9d\u00e9ric Lopez, animateur de Rendez-vous en terre inconnue, mais discutait en fait avec <a href=\"https:\/\/www.ledauphine.com\/societe\/2025\/01\/18\/arnaques-sentimentales-en-ligne-qui-sont-les-brouteurs\" target=\"_blank\" rel=\"nofollow noopener\">un brouteur<\/a> en C\u00f4te d&rsquo;Ivoire.<\/p>\n<p>Mais m\u00eame apr\u00e8s avoir d\u00e9masqu\u00e9 l\u2019usurpateur, elle a tout de m\u00eame d\u00e9cid\u00e9 de le rejoindre \u00e0 Abidjan. S&rsquo;en sont suivis neuf mois d\u2019angoisse pour son fils durant lesquels il a remu\u00e9 ciel et terre pour que la veuve, tomb\u00e9e amoureuse de Christ, un Ivoirien de 28 ans, \u00ab revienne \u00e0 la raison et comprenne qu\u2019elle est victime d\u2019une arnaque sentimentale, d\u2019un brouteur \u00bb, rapporte <a href=\"https:\/\/www.bienpublic.com\/faits-divers-justice\/2025\/06\/16\/brouteur-ivoirien-depuis-le-retour-de-ma-mere-je-ne-la-reconnais-plus\" target=\"_blank\" rel=\"nofollow noopener\">Le Bien Public<\/a>.<\/p>\n<p>Mais les retrouvailles sont explosives, confie Xavier, son fils unique au quotidien bourguignon. \u00ab Elle est dans un tel \u00e9tat d\u2019esprit\u2026 Elle ne voulait m\u00eame pas monter dans la voiture \u00e0 son arriv\u00e9e \u00e0 l\u2019a\u00e9roport \u00bb, raconte-t-il. \u00ab Dans le VTC qui la conduisait, quand elle a su que mon p\u00e8re et ma s\u0153ur l\u2019attendaient \u00e0 Rouen, elle est devenue hyst\u00e9rique, elle a menac\u00e9 de se jeter de la voiture \u00bb, explique Charl\u00e8ne, sa petite-fille.\u00a0<\/p>\n<p>\u00ab Les brouteurs lui ont lav\u00e9 le cerveau \u00bb<\/p>\n<p>Et pour cause, Marie-Jo, qui a perdu une trentaine de kilos, n\u2019est pas rentr\u00e9e pour voir sa famille, ni reprendre son quotidien. \u00ab\u00a0Elle est venue pour r\u00e9gler tous ses papiers, et elle ne fait que r\u00e9p\u00e9ter qu\u2019elle va repartir \u00e0 Abidjan, que sa vie est l\u00e0-bas avec Christ, qu\u2019elle est heureuse, qu\u2019elle fait ce qu\u2019elle veut\u2026\u00a0\u00bb, souligne Xavier.<\/p>\n<p>Malgr\u00e9 son d\u00e9sir de retenir sa m\u00e8re, Xavier s&rsquo;est fait une raison. \u00ab\u00a0Les brouteurs lui ont lav\u00e9 le cerveau. [&#8230;] Une fois partie, pour moi, elle sera comme morte \u00bb, l\u00e2che-t-il, \u00e9mu. \u00ab Je sais que la prochaine fois que j\u2019aurai de ses nouvelles, c\u2019est soit parce qu\u2019elle n\u2019aura plus d\u2019argent, soit parce qu\u2019elle sera d\u00e9c\u00e9d\u00e9e. \u00bb<\/p>\n<p class=\"note\">&gt;&gt; Lire l&rsquo;article du <a href=\"https:\/\/www.bienpublic.com\/faits-divers-justice\/2025\/06\/16\/brouteur-ivoirien-depuis-le-retour-de-ma-mere-je-ne-la-reconnais-plus\" target=\"_blank\" rel=\"nofollow noopener\">Bien Public<\/a>.<\/p>\n","protected":false},"excerpt":{"rendered":"Le 9 juin dernier, Marie-Jo, une Rouennaise de 82 ans a retrouv\u00e9 sa Normandie apr\u00e8s neuf mois pass\u00e9s&hellip;\n","protected":false},"author":2,"featured_media":183454,"comment_status":"","ping_status":"","sticky":false,"template":"","format":"standard","meta":{"footnotes":""},"categories":[2],"tags":[11,274,107,1011,27,329,12,25],"class_list":{"0":"post-183453","1":"post","2":"type-post","3":"status-publish","4":"format-standard","5":"has-post-thumbnail","7":"category-actualites","8":"tag-actualites","9":"tag-faits-divers-justice","10":"tag-fil-info","11":"tag-fr","12":"tag-france","13":"tag-france-monde","14":"tag-news","15":"tag-republique-francaise"},"share_on_mastodon":{"url":"https:\/\/pubeurope.com\/@fr\/114698995836345259","error":""},"_links":{"self":[{"href":"https:\/\/www.europesays.com\/fr\/wp-json\/wp\/v2\/posts\/183453","targetHints":{"allow":["GET"]}}],"collection":[{"href":"https:\/\/www.europesays.com\/fr\/wp-json\/wp\/v2\/posts"}],"about":[{"href":"https:\/\/www.europesays.com\/fr\/wp-json\/wp\/v2\/types\/post"}],"author":[{"embeddable":true,"href":"https:\/\/www.europesays.com\/fr\/wp-json\/wp\/v2\/users\/2"}],"replies":[{"embeddable":true,"href":"https:\/\/www.europesays.com\/fr\/wp-json\/wp\/v2\/comments?post=183453"}],"version-history":[{"count":0,"href":"https:\/\/www.europesays.com\/fr\/wp-json\/wp\/v2\/posts\/183453\/revisions"}],"wp:featuredmedia":[{"embeddable":true,"href":"https:\/\/www.europesays.com\/fr\/wp-json\/wp\/v2\/media\/183454"}],"wp:attachment":[{"href":"https:\/\/www.europesays.com\/fr\/wp-json\/wp\/v2\/media?parent=183453"}],"wp:term":[{"taxonomy":"category","embeddable":true,"href":"https:\/\/www.europesays.com\/fr\/wp-json\/wp\/v2\/categories?post=183453"},{"taxonomy":"post_tag","embeddable":true,"href":"https:\/\/www.europesays.com\/fr\/wp-json\/wp\/v2\/tags?post=183453"}],"curies":[{"name":"wp","href":"https:\/\/api.w.org\/{rel}","templated":true}]}}