{"id":183459,"date":"2025-06-17T13:45:12","date_gmt":"2025-06-17T13:45:12","guid":{"rendered":"https:\/\/www.europesays.com\/fr\/183459\/"},"modified":"2025-06-17T13:45:12","modified_gmt":"2025-06-17T13:45:12","slug":"le-beach-pro-tour-de-retour-a-montreal-cet-ete","status":"publish","type":"post","link":"https:\/\/www.europesays.com\/fr\/183459\/","title":{"rendered":"Le Beach Pro Tour de retour \u00e0 Montr\u00e9al cet \u00e9t\u00e9"},"content":{"rendered":"<p class=\"sc-iNIeMn cOQdtk\">Les meilleures \u00e9quipes de volleyball de plage du monde d\u00e9barqueront \u00e0 Montr\u00e9al cet \u00e9t\u00e9. Le Beach Pro Tour s&rsquo;arr\u00eatera au parc Jean-Drapeau du 13 au 17 ao\u00fbt. <\/p>\n<p class=\"sc-iNIeMn cOQdtk\">Pour l&rsquo;occasion, un stade de 3200 places sera construit sur le circuit Gilles-Villeneuve. <\/p>\n<p class=\"sc-iNIeMn cOQdtk\">Nous voulions nous assurer d&rsquo;offrir une exp\u00e9rience aux gens qui vont se d\u00e9placer, a expliqu\u00e9 le directeur g\u00e9n\u00e9ral de l&rsquo;\u00e9v\u00e9nement, Joseph Limare. Nous allons construire un stade dans l&rsquo;\u00e9pingle du circuit Gilles-Villeneuve. L&rsquo;acc\u00e8s sera facile gr\u00e2ce au m\u00e9tro. Le festival Lasso sera en m\u00eame temps sur l&rsquo;\u00eele Sainte-H\u00e9l\u00e8ne. On s&rsquo;attend donc \u00e0 beaucoup de monde et \u00e0 un esprit festif.<\/p>\n<blockquote class=\"sc-heIBml doEnWU text-gray700 light:text-gray700 dark:text-gray200\">\n<p class=\"sc-leQnM kcgHGh !font-display text-6 leading-5 xsToSm:text-5 font-bold text-gray700 light:text-gray700 dark:text-gray200 font-medium\">Le volleyball de plage, oui, c&rsquo;est du sport de haut niveau, mais c&rsquo;est aussi un party.<\/p>\n<p>Une citation de Joseph Limare, directeur g\u00e9n\u00e9ral du Beach Pro Tour \u00e0 Montr\u00e9al<\/p><\/blockquote>\n<p class=\"sc-iNIeMn cOQdtk\">Faute de financement, l&rsquo;\u00e9dition 2024 du Beach Pro Tour de Montr\u00e9al a \u00e9t\u00e9 annul\u00e9e, apr\u00e8s une r\u00e9ussite en 2023. Radio-Canada Sports <a class=\"border-b border-solid transition-colors text-blue600 hover:text-blue600 light:text-blue600 light:hover:text-blue600 dark:text-blue400 dark:hover:text-blue400 border-gray900\/25 light:border-gray900\/25 dark:border-gray100\/25 hover:border-blue600 light:hover:border-blue600 dark:hover:border-blue400 hover:bg-gray999\/10 light:hover:bg-gray999\/10 dark:hover:bg-gray0\/10\" href=\"https:\/\/ici.radio-canada.ca\/info\/long-format\/2085769\/montreal-ville-evenements-sportifs-inquietude\" rel=\"nofollow noopener\" target=\"_blank\">rapportait en juillet dernier<\/a> que les f\u00e9d\u00e9rations internationale et nationale avaient tent\u00e9 en vain d&rsquo;organiser l&rsquo;\u00e9v\u00e9nement en 2024. Les confirmations financi\u00e8res de la Ville de Montr\u00e9al tardaient trop et les subventions f\u00e9d\u00e9rales \u00e0 la baisse ont fait en sorte que sa tenue \u00e9tait devenue impossible.<\/p>\n<p class=\"sc-iNIeMn cOQdtk\">Le Beach Pro Tour s&rsquo;\u00e9tait arr\u00eat\u00e9 \u00e0 Montr\u00e9al en 2023 pour la pr\u00e9sentation d&rsquo;un tournoi \u00c9lite 16, regroupant les 16\u00a0meilleurs duos tant f\u00e9minins que masculins. Il s&rsquo;agissait alors de la premi\u00e8re comp\u00e9tition de ce circuit \u00e0 <a class=\"border-b border-solid transition-colors text-blue600 hover:text-blue600 light:text-blue600 light:hover:text-blue600 dark:text-blue400 dark:hover:text-blue400 border-gray900\/25 light:border-gray900\/25 dark:border-gray100\/25 hover:border-blue600 light:hover:border-blue600 dark:hover:border-blue400 hover:bg-gray999\/10 light:hover:bg-gray999\/10 dark:hover:bg-gray0\/10\" href=\"https:\/\/ici.radio-canada.ca\/sports\/1997841\/volleyball-plage-beach-world-tour-montreal-parc-jean-drapeau\" rel=\"nofollow noopener\" target=\"_blank\">se d\u00e9rouler dans la m\u00e9tropole qu\u00e9b\u00e9coise<\/a>.<\/p>\n<p class=\"sc-iNIeMn cOQdtk\">Le promoteur d&rsquo;\u00e9v\u00e9nements sportifs Joseph Limare, dont le groupe est derri\u00e8re les Grands Prix cyclistes de Qu\u00e9bec et de Montr\u00e9al, le marathon de Montr\u00e9al et les Championnats du monde de cyclisme sur route de 2026, a \u00e9t\u00e9 approch\u00e9 par Tourisme Montr\u00e9al au cours des derniers mois. Rapidement, il a senti l&rsquo;int\u00e9r\u00eat face \u00e0 cet \u00e9v\u00e9nement, notamment de la part des diff\u00e9rents bailleurs de fonds publics. <\/p>\n<p class=\"sc-iNIeMn cOQdtk\">Le Montr\u00e9al Beach Pro Tour est un \u00e9v\u00e9nement d\u2019envergure qui attirera des milliers de touristes et d\u2019adeptes de<br \/>volleyball de plage, de m\u00eame que des athl\u00e8tes de renomm\u00e9e mondiale provenant du Qu\u00e9bec autant que de<br \/>l\u2019international. Ce tournoi renforce la r\u00e9putation de Montr\u00e9al comme v\u00e9ritable ville sportive, a mentionn\u00e9 Christine Fr\u00e9chette, ministre de l\u2019\u00c9conomie, de l\u2019Innovation et de l\u2019\u00c9nergie, et ministre responsable de la r\u00e9gion de Montr\u00e9al. <\/p>\n<p class=\"sc-iNIeMn cOQdtk\">La pr\u00e9sence des meilleurs athl\u00e8tes de cette discipline dans notre m\u00e9tropole illustre parfaitement la polyvalence de Montr\u00e9al et son pouvoir d\u2019attraction en tant que ville h\u00f4tesse d\u2019\u00e9v\u00e9nements sportifs d\u2019envergure, a indiqu\u00e9 Yves Lalumi\u00e8re, pr\u00e9sident-directeur g\u00e9n\u00e9ral de Tourisme Montr\u00e9al.<\/p>\n<p class=\"sc-iNIeMn cOQdtk\">En 2023, \u00e0 Montr\u00e9al, les Canadiennes Melissa Humana-Paredes et Brandie Wilkerson ont mis la main sur la m\u00e9daille d&rsquo;or. Et l&rsquo;\u00e9t\u00e9 dernier, ce m\u00eame duo a d\u00e9croch\u00e9 l&rsquo;<a class=\"border-b border-solid transition-colors text-blue600 hover:text-blue600 light:text-blue600 light:hover:text-blue600 dark:text-blue400 dark:hover:text-blue400 border-gray900\/25 light:border-gray900\/25 dark:border-gray100\/25 hover:border-blue600 light:hover:border-blue600 dark:hover:border-blue400 hover:bg-gray999\/10 light:hover:bg-gray999\/10 dark:hover:bg-gray0\/10\" href=\"https:\/\/ici.radio-canada.ca\/jeux-olympiques\/nouvelle\/2095464\/wilkerson-humana-paredes-argent-canada\" rel=\"nofollow noopener\" target=\"_blank\">argent aux Jeux olympiques de Paris<\/a>. Elles seront encore une fois pr\u00e9sentes cette ann\u00e9e au parc Jean-Drapeau.<\/p>\n<p><img decoding=\"async\" alt=\"Les femmes sourient en tenant deux grands drapeaux canadiens.\" class=\"sc-dgcZxp AMXTg transition-opacity ease-out html-dark:brightness-[.8]\" loading=\"lazy\" src=\"https:\/\/www.europesays.com\/fr\/wp-content\/uploads\/2025\/06\/brandie-wilkerson-melissa-humana-paredes-35950.jpeg\"\/>Ouvrir en mode plein \u00e9cran<\/p>\n<p class=\"sc-eKtvVk fcZseZ\">Brandie Wilkerson et Melissa Humana-Paredes sont championnes de la premi\u00e8re \u00e9tape montr\u00e9alaise du Beach Pro Tour.<\/p>\n<p class=\"sc-oBxuN gSSCEw text-gray600 light:text-gray600 dark:text-gray400\">Photo : Jean-Christophe Pochat \/ Radio-Canada Sports<\/p>\n<p class=\"sc-iNIeMn cOQdtk\">Montr\u00e9al occupe une place bien sp\u00e9ciale dans nos c\u0153urs, surtout depuis le succ\u00e8s retentissant du dernier<br \/>tournoi organis\u00e9 ici. Les amateurs m\u2019ont compl\u00e8tement renvers\u00e9e avec leur passion et leur fiert\u00e9! Je sais que plusieurs athl\u00e8tes ont h\u00e2te de revenir, tout comme moi et Brandie en tant que championnes en titre. J\u2019esp\u00e8re qu\u2019on pourra vivre un autre grand moment \u00e0 Montr\u00e9al, devant une foule canadienne incroyable, a d\u00e9clar\u00e9 Humana-Paredes, par voie de communiqu\u00e9. <\/p>\n<p class=\"sc-iNIeMn cOQdtk\">Je sais d\u00e9j\u00e0 que le tournoi \u00c9lite de Montr\u00e9al sera le point fort de ma saison, tout simplement parce qu\u2019on va jouer chez nous, entour\u00e9es des meilleurs partisanes et partisans qui soient. J\u2019ai vraiment h\u00e2te de d\u00e9fendre notre m\u00e9daille d\u2019or, a ajout\u00e9 sa partenaire.<\/p>\n<p class=\"sc-iNIeMn cOQdtk\">Cette \u00e9tape, comme toutes celles du Beach Pro Tour \u00c9lite 16, <a class=\"border-b border-solid transition-colors text-blue600 hover:text-blue600 light:text-blue600 light:hover:text-blue600 dark:text-blue400 dark:hover:text-blue400 border-gray900\/25 light:border-gray900\/25 dark:border-gray100\/25 hover:border-blue600 light:hover:border-blue600 dark:hover:border-blue400 hover:bg-gray999\/10 light:hover:bg-gray999\/10 dark:hover:bg-gray0\/10\" href=\"https:\/\/ici.tou.tv\/section\/sports\" rel=\"noreferrer nofollow noopener\" target=\"_blank\">sera diffus\u00e9es en direct sur Tou.tv\u00a0(nouvelle fen\u00eatre)<\/a>. Une \u00e9quipe de descripteur et d&rsquo;analyste sera sur place.<\/p>\n","protected":false},"excerpt":{"rendered":"Les meilleures \u00e9quipes de volleyball de plage du monde d\u00e9barqueront \u00e0 Montr\u00e9al cet \u00e9t\u00e9. Le Beach Pro Tour&hellip;\n","protected":false},"author":2,"featured_media":183460,"comment_status":"","ping_status":"","sticky":false,"template":"","format":"standard","meta":{"footnotes":""},"categories":[1417],"tags":[1011,27,60,1470,1469],"class_list":{"0":"post-183459","1":"post","2":"type-post","3":"status-publish","4":"format-standard","5":"has-post-thumbnail","7":"category-volley","8":"tag-fr","9":"tag-france","10":"tag-sports","11":"tag-volley","12":"tag-volleyball"},"share_on_mastodon":{"url":"https:\/\/pubeurope.com\/@fr\/114699011667603135","error":""},"_links":{"self":[{"href":"https:\/\/www.europesays.com\/fr\/wp-json\/wp\/v2\/posts\/183459","targetHints":{"allow":["GET"]}}],"collection":[{"href":"https:\/\/www.europesays.com\/fr\/wp-json\/wp\/v2\/posts"}],"about":[{"href":"https:\/\/www.europesays.com\/fr\/wp-json\/wp\/v2\/types\/post"}],"author":[{"embeddable":true,"href":"https:\/\/www.europesays.com\/fr\/wp-json\/wp\/v2\/users\/2"}],"replies":[{"embeddable":true,"href":"https:\/\/www.europesays.com\/fr\/wp-json\/wp\/v2\/comments?post=183459"}],"version-history":[{"count":0,"href":"https:\/\/www.europesays.com\/fr\/wp-json\/wp\/v2\/posts\/183459\/revisions"}],"wp:featuredmedia":[{"embeddable":true,"href":"https:\/\/www.europesays.com\/fr\/wp-json\/wp\/v2\/media\/183460"}],"wp:attachment":[{"href":"https:\/\/www.europesays.com\/fr\/wp-json\/wp\/v2\/media?parent=183459"}],"wp:term":[{"taxonomy":"category","embeddable":true,"href":"https:\/\/www.europesays.com\/fr\/wp-json\/wp\/v2\/categories?post=183459"},{"taxonomy":"post_tag","embeddable":true,"href":"https:\/\/www.europesays.com\/fr\/wp-json\/wp\/v2\/tags?post=183459"}],"curies":[{"name":"wp","href":"https:\/\/api.w.org\/{rel}","templated":true}]}}