{"id":183463,"date":"2025-06-17T13:47:10","date_gmt":"2025-06-17T13:47:10","guid":{"rendered":"https:\/\/www.europesays.com\/fr\/183463\/"},"modified":"2025-06-17T13:47:10","modified_gmt":"2025-06-17T13:47:10","slug":"je-netais-pas-tres-maligne-aryna-sabalenka-regrette-ses-propos-apres-la-finale-face-a-gauff","status":"publish","type":"post","link":"https:\/\/www.europesays.com\/fr\/183463\/","title":{"rendered":"\u00ab\u00a0Je n\u2019\u00e9tais pas tr\u00e8s maligne\u00a0\u00bb\u2026 Aryna\u00a0Sabalenka regrette ses propos apr\u00e8s la finale face \u00e0 Gauff"},"content":{"rendered":"<p>La <a href=\"https:\/\/www.20minutes.fr\/sport\/tennis\/roland-garros\/4157464-20250607-roland-garros-2025-mykonos-alcool-sucre-aryna-sabalenka-veut-oublier-pire-finale-jouee\" target=\"_blank\" class=\"color-ultramarine c-link\" rel=\"noopener\">petite excursion \u00e0 Mykonos a fait du bien \u00e0 Aryna Sabalenka<\/a>. D\u00e9faite en finale de Roland-Garros, la Bi\u00e9lorusse avait fustig\u00e9 les conditions de jeu, ses erreurs, tout en d\u00e9pr\u00e9ciant la performance de <a href=\"https:\/\/www.20minutes.fr\/sport\/tennis\/roland-garros\/4157467-20250607-roland-garros-2025-titre-coco-gauff-tient-promesse-dessine-filiation-serena-williams\" target=\"_blank\" class=\"color-ultramarine c-link\" rel=\"noopener\">Coco Gauff, vainqueure de ses premiers Internationaux de France<\/a>. Une dizaine de jours apr\u00e8s cette finale, \u00e0 t\u00eate repos\u00e9e, la n\u00b01 mondiale a tenu \u00e0 pr\u00e9senter ses excuses quant \u00e0 ses propos.<\/p>\n<p>Aryna Sabalenka estimait notamment que si <a href=\"https:\/\/www.20minutes.fr\/sport\/iga-swiatek\/\" target=\"_blank\" class=\"color-ultramarine c-link\" rel=\"noopener\">Iga Swiatek<\/a> l\u2019avait battue en demi-finales, la Polonaise se serait impos\u00e9e en finale contre Gauff. \u00ab\u00a0C\u2019\u00e9tait absolument non professionnel de ma part. J\u2019ai laiss\u00e9 parler mes \u00e9motions. Je regrette absolument ce que j\u2019ai dit \u00e0 ce moment-l\u00e0. On fait tous des erreurs\u00a0\u00bb, a expliqu\u00e9 la Bi\u00e9lorusse \u00e0 Eurosport, \u00e0 la veille de son entr\u00e9e en lice au WTA 500 de Berlin.<\/p>\n<p>\u00ab\u00a0J\u2019ai laiss\u00e9 parler mes \u00e9motions\u00a0\u00bb<\/p>\n<p>\u00ab\u00a0J\u2019ai \u00e9crit \u00e0 Coco apr\u00e8s, pas imm\u00e9diatement, mais je lui ai bri\u00e8vement \u00e9crit. Je voulais m\u2019excuser et \u00eatre s\u00fbre qu\u2019elle sache qu\u2019elle avait totalement m\u00e9rit\u00e9 de gagner le tournoi et que je la respecte\u00a0\u00bb, a pr\u00e9cis\u00e9 <a href=\"https:\/\/www.20minutes.fr\/sport\/tennis\/roland-garros\/4156886-20250607-roland-garros-humour-vie-meilleure-chose-sabalenka-1-fait-bien-tennis-feminin\" target=\"_blank\" class=\"color-ultramarine c-link\" rel=\"noopener\">Aryna Sabalenka<\/a>.\u00a0Je n\u2019avais jamais l\u2019intention de l\u2019attaquer. J\u2019\u00e9tais tr\u00e8s \u00e9motive et pas tr\u00e8s maligne au cours de cette conf\u00e9rence de presse.\u00a0\u00bb<\/p>\n<\/p>\n<p>Sabalenka d\u00e9bute sa saison sur gazon en Allemagne avec un huiti\u00e8me de finale mercredi contre la Suissesse Rebeka Masarova, issue des qualifications et tombeuse de l\u2019Am\u00e9ricaine Sofia Kenin au 1er tour.<\/p>\n","protected":false},"excerpt":{"rendered":"La petite excursion \u00e0 Mykonos a fait du bien \u00e0 Aryna Sabalenka. D\u00e9faite en finale de Roland-Garros, la&hellip;\n","protected":false},"author":2,"featured_media":183464,"comment_status":"","ping_status":"","sticky":false,"template":"","format":"standard","meta":{"footnotes":""},"categories":[1415],"tags":[7615,20863,1011,27,4171,517,60,1467],"class_list":{"0":"post-183463","1":"post","2":"type-post","3":"status-publish","4":"format-standard","5":"has-post-thumbnail","7":"category-tennis","8":"tag-aryna-sabalenka","9":"tag-coco-gauff","10":"tag-fr","11":"tag-france","12":"tag-roland-garros","13":"tag-sport","14":"tag-sports","15":"tag-tennis"},"share_on_mastodon":{"url":"https:\/\/pubeurope.com\/@fr\/114699019420867359","error":""},"_links":{"self":[{"href":"https:\/\/www.europesays.com\/fr\/wp-json\/wp\/v2\/posts\/183463","targetHints":{"allow":["GET"]}}],"collection":[{"href":"https:\/\/www.europesays.com\/fr\/wp-json\/wp\/v2\/posts"}],"about":[{"href":"https:\/\/www.europesays.com\/fr\/wp-json\/wp\/v2\/types\/post"}],"author":[{"embeddable":true,"href":"https:\/\/www.europesays.com\/fr\/wp-json\/wp\/v2\/users\/2"}],"replies":[{"embeddable":true,"href":"https:\/\/www.europesays.com\/fr\/wp-json\/wp\/v2\/comments?post=183463"}],"version-history":[{"count":0,"href":"https:\/\/www.europesays.com\/fr\/wp-json\/wp\/v2\/posts\/183463\/revisions"}],"wp:featuredmedia":[{"embeddable":true,"href":"https:\/\/www.europesays.com\/fr\/wp-json\/wp\/v2\/media\/183464"}],"wp:attachment":[{"href":"https:\/\/www.europesays.com\/fr\/wp-json\/wp\/v2\/media?parent=183463"}],"wp:term":[{"taxonomy":"category","embeddable":true,"href":"https:\/\/www.europesays.com\/fr\/wp-json\/wp\/v2\/categories?post=183463"},{"taxonomy":"post_tag","embeddable":true,"href":"https:\/\/www.europesays.com\/fr\/wp-json\/wp\/v2\/tags?post=183463"}],"curies":[{"name":"wp","href":"https:\/\/api.w.org\/{rel}","templated":true}]}}