{"id":183465,"date":"2025-06-17T13:49:09","date_gmt":"2025-06-17T13:49:09","guid":{"rendered":"https:\/\/www.europesays.com\/fr\/183465\/"},"modified":"2025-06-17T13:49:09","modified_gmt":"2025-06-17T13:49:09","slug":"nakagami-remplacera-marini-au-mugello","status":"publish","type":"post","link":"https:\/\/www.europesays.com\/fr\/183465\/","title":{"rendered":"Nakagami remplacera Marini au Mugello"},"content":{"rendered":"<p>Takaaki Nakagami remplacera Luca Marini (Honda HRC Castrol) dans les rangs du HRC lors du Grand Prix Brembo d&rsquo;Italie ce week-end, le transalpin \u00e9tant toujours convalescent.<\/p>\n<p>Le pilote japonais fera sa deuxi\u00e8me apparition en Grand Prix de la saison apr\u00e8s sa participation au Mans, o\u00f9 il avait d\u00e9croch\u00e9 une magnifique sixi\u00e8me place le dimanche. Parall\u00e8lement \u00e0 cette sortie au GP de France, le n\u00b030 a parcouru de nombreux kilom\u00e8tres en tant que pilote d&rsquo;essai et contribu\u00e9 aux progr\u00e8s notables de la RC213V. Le GP d&rsquo;Italie sera l&rsquo;occasion pour Takaaki Nakagami de faire progresser la moto tout en s&rsquo;aguerrissant dans les conditions d&rsquo;un Grand Prix.<\/p>\n<p>Dans son <a href=\"https:\/\/motogp.hondaracingcorporation.com\/report\/mir-joined-by-nakagami-for-italian-gp-challenge\/\" rel=\"nofollow noopener\" target=\"_blank\">communiqu\u00e9 de presse<\/a>, Honda HRC Castrol a confirm\u00e9 que Luca Marini \u00e9tait rentr\u00e9 du Japon pendant le week-end du GP d&rsquo;Aragon et qu&rsquo;il faisait l&rsquo;objet d&rsquo;examens m\u00e9dicaux r\u00e9guliers. Le HRC a \u00e9galement ajout\u00e9 que l&rsquo;\u00e9quipe et son pilote \u00e9taient en contact permanent afin d&rsquo;\u00e9valuer la date de son retour \u00e0 la comp\u00e9tition.<\/p>\n","protected":false},"excerpt":{"rendered":"Takaaki Nakagami remplacera Luca Marini (Honda HRC Castrol) dans les rangs du HRC lors du Grand Prix Brembo&hellip;\n","protected":false},"author":2,"featured_media":183466,"comment_status":"","ping_status":"","sticky":false,"template":"","format":"standard","meta":{"footnotes":""},"categories":[1413],"tags":[1011,27,1457,1456,60,2032],"class_list":{"0":"post-183465","1":"post","2":"type-post","3":"status-publish","4":"format-standard","5":"has-post-thumbnail","7":"category-moto","8":"tag-fr","9":"tag-france","10":"tag-moto","11":"tag-motocycle","12":"tag-sports","13":"tag-text"},"share_on_mastodon":{"url":"https:\/\/pubeurope.com\/@fr\/114699027305965562","error":""},"_links":{"self":[{"href":"https:\/\/www.europesays.com\/fr\/wp-json\/wp\/v2\/posts\/183465","targetHints":{"allow":["GET"]}}],"collection":[{"href":"https:\/\/www.europesays.com\/fr\/wp-json\/wp\/v2\/posts"}],"about":[{"href":"https:\/\/www.europesays.com\/fr\/wp-json\/wp\/v2\/types\/post"}],"author":[{"embeddable":true,"href":"https:\/\/www.europesays.com\/fr\/wp-json\/wp\/v2\/users\/2"}],"replies":[{"embeddable":true,"href":"https:\/\/www.europesays.com\/fr\/wp-json\/wp\/v2\/comments?post=183465"}],"version-history":[{"count":0,"href":"https:\/\/www.europesays.com\/fr\/wp-json\/wp\/v2\/posts\/183465\/revisions"}],"wp:featuredmedia":[{"embeddable":true,"href":"https:\/\/www.europesays.com\/fr\/wp-json\/wp\/v2\/media\/183466"}],"wp:attachment":[{"href":"https:\/\/www.europesays.com\/fr\/wp-json\/wp\/v2\/media?parent=183465"}],"wp:term":[{"taxonomy":"category","embeddable":true,"href":"https:\/\/www.europesays.com\/fr\/wp-json\/wp\/v2\/categories?post=183465"},{"taxonomy":"post_tag","embeddable":true,"href":"https:\/\/www.europesays.com\/fr\/wp-json\/wp\/v2\/tags?post=183465"}],"curies":[{"name":"wp","href":"https:\/\/api.w.org\/{rel}","templated":true}]}}