{"id":183467,"date":"2025-06-17T13:50:10","date_gmt":"2025-06-17T13:50:10","guid":{"rendered":"https:\/\/www.europesays.com\/fr\/183467\/"},"modified":"2025-06-17T13:50:10","modified_gmt":"2025-06-17T13:50:10","slug":"alcaraz-et-raducanu-disputeront-lus-open-en-double-mixte","status":"publish","type":"post","link":"https:\/\/www.europesays.com\/fr\/183467\/","title":{"rendered":"Alcaraz et Raducanu disputeront l\u2019US Open en double mixte"},"content":{"rendered":"<p>Alors que plusieurs paires sont d\u00e9j\u00e0 connues, Alcaraz et Raducanu disputeront ensemble l\u2019US Open.<\/p>\n<p class=\"fig-paragraph\">17 juin (Reuters) &#8211; Neuf des dix meilleurs joueurs mondiaux et neuf des dix meilleures joueuses mondiales ont officiellement particip\u00e9 \u00e0 l\u2019\u00e9preuve de double mixte remani\u00e9e de l\u2019US Open, ont annonc\u00e9 mardi les organisateurs du tournoi, avec les anciens champions en simple\u00a0<a href=\"http:\/\/www.lefigaro.fr\/sports\/tennis\/roland-garros\/carlos-alcaraz-flamboyant-symbole-de-la-nouvelle-ere-du-tennis-20250609\" data-fig-type=\"Article\" data-gtm-custom-categorie=\"navigation\" data-gtm-custom-action=\"crossclick\" data-gtm-custom-label=\"Contextuel\" data-gtm-event=\"customEventSPE\" data-fig-domain=\"LEFIGARO\" target=\"_blank\" rel=\"noopener\">Carlos Alcaraz<\/a>\u00a0et Emma Raducanu faisant \u00e9quipe. La comp\u00e9tition, qui aura lieu une semaine avant le tableau principal des simples lors de sa \u00abFan Week\u00bb, attribuera 1 million de dollars de prix \u00e0 l\u2019\u00e9quipe gagnante.<\/p>\n<p class=\"fig-paragraph\">Seize \u00e9quipes se sont inscrites et la fen\u00eatre d\u2019inscription se termine le 28 juillet, apr\u00e8s quoi les huit meilleures \u00e9quipes avec le meilleur classement combin\u00e9 en simple seront s\u00e9lectionn\u00e9es pour le tirage au sort par acceptation directe, avec huit autres inscriptions wildcard.<\/p>\n<p class=\"fig-paragraph\">\u00abLors de nos discussions initiales sur la r\u00e9invention et l\u2019am\u00e9lioration du championnat de double mixte de l\u2019US Open, nous voulions trouver un moyen de mettre en valeur les meilleurs hommes et femmes du monde en comp\u00e9tition les uns avec les autres et les uns contre les autres\u00a0\u00bb, a d\u00e9clar\u00e9 Lew Sherr, PDG de l\u2019USTA. Nous \u00e9tions convaincus de pouvoir susciter l\u2019enthousiasme des meilleurs joueurs pour cette opportunit\u00e9 unique. Voir les \u00e9quipes d\u00e9j\u00e0 inscrites sur la liste des participants nous remplit tous d\u2019une joie immense.<\/p>\n<p>Une comp\u00e9tition tr\u00e8s relev\u00e9e<\/p>\n<p class=\"fig-paragraph\">\u00ab Cela montre que les joueurs soutiennent ce que nous essayons de faire, et nous savons que les fans vont adorer.\u00a0\u00bb Parmi les autres paires figurent la double championne de l\u2019US Open Naomi Osaka, qui fait \u00e9quipe avec Nick Kyrgios, ainsi que Paula Badosa et Stefanos Tsitsipas.<\/p>\n<p class=\"fig-paragraph\">Les matchs se joueront au meilleur des trois sets, avec des sets courts de quatre jeux, un syst\u00e8me de score sans publicit\u00e9, des tie-breaks \u00e0 quatre partout et un tie-break \u00e0 10 points au lieu d\u2019un troisi\u00e8me set. La finale se jouera au meilleur des trois sets de six jeux. Bien qu\u2019un certain nombre de grands noms tels que Jannik Sinner, Novak Djokovic, Aryna Sabalenka, Iga Swiatek et Naomi Osaka aient particip\u00e9, le format a \u00e9t\u00e9 critiqu\u00e9 par des joueurs de double renomm\u00e9s. Les champions en titre Sara Errani et Andrea Vavassori ont d\u00e9clar\u00e9 que le nouveau format \u00e9tait une \u00ab injustice profonde\u00a0\u00bb qui manquait de respect aux joueurs de double, d\u00e9crivant le nouvel \u00e9v\u00e9nement comme une \u00ab pseudo-exposition ax\u00e9e uniquement sur le divertissement et le spectacle\u00a0\u00bb.<\/p>\n<p class=\"fig-paragraph\">L\u2019US Open a d\u00e9clar\u00e9 que ces changements avaient \u00e9t\u00e9 apport\u00e9s suite au succ\u00e8s de l\u2019\u00e9v\u00e9nement d\u2019exhibition \u00ab Mixed Madness\u00a0\u00bb organis\u00e9 avant le tournoi de l\u2019ann\u00e9e derni\u00e8re, qui a r\u00e9uni un certain nombre de joueurs de simple de haut niveau en \u00e9quipes. \u00ab Prendre des d\u00e9cisions en suivant uniquement la logique du profit est profond\u00e9ment erron\u00e9 dans certaines situations\u00a0\u00bb, ont d\u00e9clar\u00e9 les Italiens Errani et Vavassori.<\/p>\n<p class=\"fig-paragraph\">LISTE DES INSCRIPTIONS EN DOUBLE MIXTE\u00a0:<\/p>\n<p class=\"fig-paragraph\">Emma Raducanu et Carlos Alcaraz<\/p>\n<p class=\"fig-paragraph\">Iga Swiatek et Casper Ruud<\/p>\n<p class=\"fig-paragraph\">Emma Navarro et Jannik Sinner<\/p>\n<p class=\"fig-paragraph\">Aryna Sabalenka et Grigor Dimitrov<\/p>\n<p class=\"fig-paragraph\">Olga Danilovic et Novak Djokovic<\/p>\n<p class=\"fig-paragraph\">Naomi Osaka et Nick Kyrgios<\/p>\n<p class=\"fig-paragraph\">Qinwen Zheng et Jack Draper<\/p>\n<p class=\"fig-paragraph\">Jessica Pegula et Tommy Paul<\/p>\n<p class=\"fig-paragraph\">Jasmin Paolini et Lorenzo Musetti<\/p>\n<p class=\"fig-paragraph\">Elna Rybakina et Taylor Fritz<\/p>\n<p class=\"fig-paragraph\">Mirra Andreeva et Daniel Medvedev<\/p>\n<p class=\"fig-paragraph\">Madison Keys et Frances Tiafoe<\/p>\n<p class=\"fig-paragraph\">Paula Badosa et Stefanos Tsitsipas<\/p>\n<p class=\"fig-paragraph\">Belinda Bencic et Alexander Zverev<\/p>\n<p class=\"fig-paragraph\">Taylor Townsend et Ben Shelton<\/p>\n<p class=\"fig-paragraph\">Sara Errani et Andrea Vavassori \u00e0 Bangalore<\/p>\n","protected":false},"excerpt":{"rendered":"Alors que plusieurs paires sont d\u00e9j\u00e0 connues, Alcaraz et Raducanu disputeront ensemble l\u2019US Open. 17 juin (Reuters) &#8211;&hellip;\n","protected":false},"author":2,"featured_media":183468,"comment_status":"","ping_status":"","sticky":false,"template":"","format":"standard","meta":{"footnotes":""},"categories":[1412],"tags":[47,4169,525,7779,1981,4178,1451,4179,1452,1453,1454,1455,1011,27,1114,3996,4177,4176,4174,4175,1980,4171,60,1467,4172,4173,4170],"class_list":{"0":"post-183467","1":"post","2":"type-post","3":"status-publish","4":"format-standard","5":"has-post-thumbnail","7":"category-f1","8":"tag-actualite","9":"tag-atp","10":"tag-calendrier","11":"tag-carlos-alcaraz","12":"tag-classement","13":"tag-coupe-davis","14":"tag-f1","15":"tag-fed-cup","16":"tag-formula-1","17":"tag-formula1","18":"tag-formule-1","19":"tag-formule1","20":"tag-fr","21":"tag-france","22":"tag-infos","23":"tag-jeux-olympiques","24":"tag-masters-1000","25":"tag-masters-500","26":"tag-masters-series","27":"tag-open-daustralie","28":"tag-resultats","29":"tag-roland-garros","30":"tag-sports","31":"tag-tennis","32":"tag-us-open","33":"tag-wimbledon","34":"tag-wta"},"share_on_mastodon":{"url":"https:\/\/pubeurope.com\/@fr\/114699031219649469","error":""},"_links":{"self":[{"href":"https:\/\/www.europesays.com\/fr\/wp-json\/wp\/v2\/posts\/183467","targetHints":{"allow":["GET"]}}],"collection":[{"href":"https:\/\/www.europesays.com\/fr\/wp-json\/wp\/v2\/posts"}],"about":[{"href":"https:\/\/www.europesays.com\/fr\/wp-json\/wp\/v2\/types\/post"}],"author":[{"embeddable":true,"href":"https:\/\/www.europesays.com\/fr\/wp-json\/wp\/v2\/users\/2"}],"replies":[{"embeddable":true,"href":"https:\/\/www.europesays.com\/fr\/wp-json\/wp\/v2\/comments?post=183467"}],"version-history":[{"count":0,"href":"https:\/\/www.europesays.com\/fr\/wp-json\/wp\/v2\/posts\/183467\/revisions"}],"wp:featuredmedia":[{"embeddable":true,"href":"https:\/\/www.europesays.com\/fr\/wp-json\/wp\/v2\/media\/183468"}],"wp:attachment":[{"href":"https:\/\/www.europesays.com\/fr\/wp-json\/wp\/v2\/media?parent=183467"}],"wp:term":[{"taxonomy":"category","embeddable":true,"href":"https:\/\/www.europesays.com\/fr\/wp-json\/wp\/v2\/categories?post=183467"},{"taxonomy":"post_tag","embeddable":true,"href":"https:\/\/www.europesays.com\/fr\/wp-json\/wp\/v2\/tags?post=183467"}],"curies":[{"name":"wp","href":"https:\/\/api.w.org\/{rel}","templated":true}]}}