{"id":183469,"date":"2025-06-17T13:51:12","date_gmt":"2025-06-17T13:51:12","guid":{"rendered":"https:\/\/www.europesays.com\/fr\/183469\/"},"modified":"2025-06-17T13:51:12","modified_gmt":"2025-06-17T13:51:12","slug":"pont-de-lezardrieux-des-associations-de-cyclistes-appellent-a-manifester","status":"publish","type":"post","link":"https:\/\/www.europesays.com\/fr\/183469\/","title":{"rendered":"Pont de L\u00e9zardrieux\u00a0: des associations de cyclistes appellent \u00e0 manifester"},"content":{"rendered":"<p>Trois associations cyclistes des C\u00f4tes-d\u2019Armor lancent un appel conjoint \u00e0 manifester \u00e0 v\u00e9lo sur le pont de L\u00e9zardrieux, le dimanche 22 juin. Pays de Paimpol \u00e0 v\u00e9lo, <a href=\"https:\/\/www.letelegramme.fr\/cotes-d-armor\/saint-quay-perros-22700\/autour-de-lannion-tregor-bicyclette-sur-tous-les-fronts-6780449.php\" target=\"_blank\" rel=\"noopener\">Tr\u00e9gor bicyclette<\/a> et <a href=\"https:\/\/www.letelegramme.fr\/cotes-d-armor\/saint-brieuc-22000\/on-se-heurte-a-la-realite-du-terrain-velo-utile-maintient-son-exigence-vis-a-vis-de-la-ville-de-saint-brieuc-6811363.php\" target=\"_blank\" rel=\"noopener\">V\u00e9lo utile<\/a> (Saint-Brieuc). \u00ab\u00a0Alors que <a href=\"https:\/\/cotesdarmor.fr\/pont-saint-christophe\/infos-travaux-et-deviations\" target=\"_blank\" rel=\"noopener\">les travaux de r\u00e9fection du pont se terminent<\/a>, le D\u00e9partement des C\u00f4tes-d\u2019Armor a annonc\u00e9 qu\u2019il renon\u00e7ait (du moins temporairement) \u00e0 r\u00e9aliser la passerelle pi\u00e9tons v\u00e9los dont il portait le projet. Ce pont aux trottoirs \u00e9troits, parcouru par un trafic automobile intense, pr\u00e9sente un grand danger pour les cyclistes et un inconfort pour les pi\u00e9tons, alors qu\u2019il fait partie de deux itin\u00e9raires majeurs\u00a0: le GR34 et <a href=\"https:\/\/www.lavelomaritime.fr\/\" target=\"_blank\" rel=\"noopener\">l\u2019Eurov\u00e9lo 4\/V\u00e9lomaritime<\/a> d\u2019int\u00e9r\u00eat europ\u00e9en. Il est par ailleurs le point de passage oblig\u00e9 de nombreux cyclistes du quotidien\u00a0\u00bb, affirment conjointement les organisateurs, dans un communiqu\u00e9 adress\u00e9 \u00e0 notre r\u00e9daction.<\/p>\n<p>Elles estiment aussi que \u00ab\u00a0le D\u00e9partement doit coop\u00e9rer et accompagner les autres collectivit\u00e9s pour diminuer la part dominante qu\u2019occupe l\u2019automobile pour les d\u00e9placements courts (moins de 5 km \u00e0 v\u00e9lo ou moins de 10 km \u00e0 v\u00e9lo \u00e0 assistance \u00e9lectrique)\u00a0\u00bb. Une mesure qui serait b\u00e9n\u00e9fique pour la sant\u00e9 de nos concitoyens, en raison \u00ab\u00a0d\u2019une moindre s\u00e9dentarit\u00e9, d\u2019une baisse des pollutions aux particules fines, et d\u2019une baisse des \u00e9missions de CO2\u00a0\u00bb.<\/p>\n<blockquote><p>Le D\u00e9partement doit coop\u00e9rer et accompagner les autres collectivit\u00e9s pour diminuer la part dominante qu\u2019occupe l\u2019automobile pour les d\u00e9placements courts.<\/p><\/blockquote>\n<p>Interrog\u00e9 sur le sujet de la passerelle pi\u00e9tons-v\u00e9lo projet\u00e9es, <a href=\"https:\/\/www.letelegramme.fr\/bretagne\/pres-de-paimpol-le-pont-de-lezardrieux-completement-rouvert-a-la-circulation-le-27-juin-6800955.php\" target=\"_blank\" rel=\"noopener\">au moment d\u2019une visite de chantier du pont le 17 avril dernier<\/a>, le pr\u00e9sident du D\u00e9partement, Christian Coail, se voulait alors pragmatique. La situation budg\u00e9taire &#8211; et en particulier les baisses d\u2019engagement de l\u2019\u00c9tat &#8211; rendrait difficile, pour les \u00e9lus, toute pr\u00e9vision sur le sujet. Et que ce chantier (de passerelle pi\u00e9tons v\u00e9los) ne pouvait pas, \u00e0 l\u2019heure actuelle, \u00eatre programm\u00e9. Pas annul\u00e9 donc, juste repouss\u00e9.<\/p>\n<p>Appel aussi aux randonneurs<\/p>\n<p>Dimanche 22 juin, un cort\u00e8ge encadr\u00e9 par Pays de Paimpol \u00e0 v\u00e9lo partira de la gare de Paimpol, \u00e0 10\u00a0h\u00a015. Le convoi rejoindra le parking de la plage du Ledano (o\u00f9 il est possible de se rendre directement pour 10\u00a0h\u00a040). \u00ab\u00a0De l\u00e0, un rassemblement avec les cyclistes venus du Tr\u00e9gor est pr\u00e9vu, poursuit PPAV. Le cort\u00e8ge empruntera une premi\u00e8re fois le pont jusqu\u2019au rond-point de la balise (L\u00e9zardrieux) puis fera le trajet inverse pour revenir au point de d\u00e9part\u00a0\u00bb. La distance totale parcourue sera de 2,5 km. Et celles et ceux qui le souhaitent pourront, de retour \u00e0 la plage, \u00ab\u00a0tirer un pique-nique du sac\u00a0\u00bb.<\/p>\n<p>Les organisateurs lancent \u00e9galement un appel \u00e0 mobilisation aux associations de randonn\u00e9e du secteur, \u00ab\u00a0tout comme aux automobilistes, qui ont tout \u00e0 gagner d\u2019une s\u00e9paration du trafic\u00a0\u00bb. Ces derniers seront invit\u00e9s \u00e0 se placer sur les trottoirs, \u00e0 partir de 11\u00a0h\u00a010 et \u00e0 former une haie d\u2019honneur au passage des cyclistes. \u00c0 noter qu\u2019une s\u00e9paration des trafics <a href=\"https:\/\/www.letelegramme.fr\/bretagne\/pres-de-paimpol-le-pont-de-lezardrieux-completement-rouvert-a-la-circulation-le-27-juin-6800955.php\" target=\"_blank\" rel=\"noopener\">a bien \u00e9t\u00e9 annonc\u00e9e par le D\u00e9partement, \u00e0 compter de la fin du chantier<\/a>\u00a0: \u00ab\u00a0Lorsque la r\u00e9ouverture de l\u2019ouvrage \u00e0 une circulation \u00e0 double sens sera effective, une glissi\u00e8re m\u00e9tallique sera install\u00e9e pour assurer la protection accrue des pi\u00e9tons vis-\u00e0-vis du flux de circulation\u00a0\u00bb, assurait le D\u00e9partement en avril.<\/p>\n<p>Contact<\/p>\n<p class=\"note\">Pays de Paimpol \u00e0 v\u00e9lo, par mail\u00a0: contact@ppav.bzh<\/p>\n","protected":false},"excerpt":{"rendered":"Trois associations cyclistes des C\u00f4tes-d\u2019Armor lancent un appel conjoint \u00e0 manifester \u00e0 v\u00e9lo sur le pont de L\u00e9zardrieux,&hellip;\n","protected":false},"author":2,"featured_media":183470,"comment_status":"","ping_status":"","sticky":false,"template":"","format":"standard","meta":{"footnotes":""},"categories":[1411],"tags":[829,2171,1154,207,1011,27,32156,7762,60],"class_list":{"0":"post-183469","1":"post","2":"type-post","3":"status-publish","4":"format-standard","5":"has-post-thumbnail","7":"category-cyclisme","8":"tag-bretagne","9":"tag-cotes-darmor","10":"tag-cycling","11":"tag-cyclisme","12":"tag-fr","13":"tag-france","14":"tag-lezardrieux","15":"tag-paimpol","16":"tag-sports"},"share_on_mastodon":{"url":"https:\/\/pubeurope.com\/@fr\/114699035259527824","error":""},"_links":{"self":[{"href":"https:\/\/www.europesays.com\/fr\/wp-json\/wp\/v2\/posts\/183469","targetHints":{"allow":["GET"]}}],"collection":[{"href":"https:\/\/www.europesays.com\/fr\/wp-json\/wp\/v2\/posts"}],"about":[{"href":"https:\/\/www.europesays.com\/fr\/wp-json\/wp\/v2\/types\/post"}],"author":[{"embeddable":true,"href":"https:\/\/www.europesays.com\/fr\/wp-json\/wp\/v2\/users\/2"}],"replies":[{"embeddable":true,"href":"https:\/\/www.europesays.com\/fr\/wp-json\/wp\/v2\/comments?post=183469"}],"version-history":[{"count":0,"href":"https:\/\/www.europesays.com\/fr\/wp-json\/wp\/v2\/posts\/183469\/revisions"}],"wp:featuredmedia":[{"embeddable":true,"href":"https:\/\/www.europesays.com\/fr\/wp-json\/wp\/v2\/media\/183470"}],"wp:attachment":[{"href":"https:\/\/www.europesays.com\/fr\/wp-json\/wp\/v2\/media?parent=183469"}],"wp:term":[{"taxonomy":"category","embeddable":true,"href":"https:\/\/www.europesays.com\/fr\/wp-json\/wp\/v2\/categories?post=183469"},{"taxonomy":"post_tag","embeddable":true,"href":"https:\/\/www.europesays.com\/fr\/wp-json\/wp\/v2\/tags?post=183469"}],"curies":[{"name":"wp","href":"https:\/\/api.w.org\/{rel}","templated":true}]}}