{"id":183477,"date":"2025-06-17T13:55:11","date_gmt":"2025-06-17T13:55:11","guid":{"rendered":"https:\/\/www.europesays.com\/fr\/183477\/"},"modified":"2025-06-17T13:55:11","modified_gmt":"2025-06-17T13:55:11","slug":"a-brest-le-service-historique-de-la-defense-met-lhydrographe-maurice-rollet-de-lisle-a-lhonneur-dans-un-livre-illustre","status":"publish","type":"post","link":"https:\/\/www.europesays.com\/fr\/183477\/","title":{"rendered":"\u00c0 Brest, le Service historique de la D\u00e9fense met l\u2019hydrographe Maurice Rollet de l\u2019Isle \u00e0 l\u2019honneur dans un livre illustr\u00e9"},"content":{"rendered":"<p>Dans les imposants rayonnages de ses salles d\u2019archives de la rue Malbert \u00e0 Brest, le Service historique de la D\u00e9fense rec\u00e8le de tr\u00e9sors. Pour des raisons surtout techniques, ceux-ci doivent \u00eatre conserv\u00e9s \u00e0 l\u2019abri pr\u00e9cieusement. On y trouve notamment l\u2019\u0153uvre de Maurice Rollet de l\u2019Isle (1859-1943), ing\u00e9nieur hydrographe. Le service hydrographique et oc\u00e9anographique de la Marine (SHD) et l\u2019\u00e9diteur Locus Solus ont d\u00e9cid\u00e9 de mettre en valeur ce travail. Ainsi, Pascal Aumasson, conservateur du patrimoine, Xavier Laubie, \u00e9galement conservateur du patrimoine et chef du SHD, et Gilles Bessero, ex-directeur du Shom, ont rassembl\u00e9 leurs comp\u00e9tences pour \u00e9crire un beau livre.<\/p>\n<p>Abondamment illustr\u00e9<\/p>\n<p>Cet ouvrage, dont la parution co\u00efncide avec les 20 ans de la cr\u00e9ation du Service historique de la D\u00e9fense, est abondamment illustr\u00e9\u00a0: l\u2019hydrographe avait immortalis\u00e9 les rencontres effectu\u00e9es durant ses missions, ainsi que les paysages travers\u00e9s lors des campagnes \u00e0 bord des b\u00e2timents hydrographiques, gr\u00e2ce \u00e0 des dessins au crayon ou \u00e0 la plume et d\u2019aquarelles. Le livre contient aussi des portraits de marins c\u00f4toy\u00e9s par l\u2019hydrographe lors de ses embarquements ainsi que des paysages de Brest et de sa r\u00e9gion. \u00ab\u00a0Des r\u00e9alisations qui mettent en valeur l\u2019humour de l\u2019auteur, qui se r\u00e9v\u00e8le comme un pr\u00e9curseur de la bande dessin\u00e9e\u00a0\u00bb, souligne Pascal Aumasson.<\/p>\n<p>Pratique<\/p>\n","protected":false},"excerpt":{"rendered":"Dans les imposants rayonnages de ses salles d\u2019archives de la rue Malbert \u00e0 Brest, le Service historique de&hellip;\n","protected":false},"author":2,"featured_media":183478,"comment_status":"","ping_status":"","sticky":false,"template":"","format":"standard","meta":{"footnotes":""},"categories":[1357],"tags":[1379,3450,251,1782,58,59,1011,27,1351,1380,567],"class_list":{"0":"post-183477","1":"post","2":"type-post","3":"status-publish","4":"format-standard","5":"has-post-thumbnail","7":"category-livres","8":"tag-books","9":"tag-brest","10":"tag-culture","11":"tag-defense-nationale","12":"tag-divertissement","13":"tag-entertainment","14":"tag-fr","15":"tag-france","16":"tag-litterature","17":"tag-livres","18":"tag-marine-nationale"},"share_on_mastodon":{"url":"https:\/\/pubeurope.com\/@fr\/114699050895911476","error":""},"_links":{"self":[{"href":"https:\/\/www.europesays.com\/fr\/wp-json\/wp\/v2\/posts\/183477","targetHints":{"allow":["GET"]}}],"collection":[{"href":"https:\/\/www.europesays.com\/fr\/wp-json\/wp\/v2\/posts"}],"about":[{"href":"https:\/\/www.europesays.com\/fr\/wp-json\/wp\/v2\/types\/post"}],"author":[{"embeddable":true,"href":"https:\/\/www.europesays.com\/fr\/wp-json\/wp\/v2\/users\/2"}],"replies":[{"embeddable":true,"href":"https:\/\/www.europesays.com\/fr\/wp-json\/wp\/v2\/comments?post=183477"}],"version-history":[{"count":0,"href":"https:\/\/www.europesays.com\/fr\/wp-json\/wp\/v2\/posts\/183477\/revisions"}],"wp:featuredmedia":[{"embeddable":true,"href":"https:\/\/www.europesays.com\/fr\/wp-json\/wp\/v2\/media\/183478"}],"wp:attachment":[{"href":"https:\/\/www.europesays.com\/fr\/wp-json\/wp\/v2\/media?parent=183477"}],"wp:term":[{"taxonomy":"category","embeddable":true,"href":"https:\/\/www.europesays.com\/fr\/wp-json\/wp\/v2\/categories?post=183477"},{"taxonomy":"post_tag","embeddable":true,"href":"https:\/\/www.europesays.com\/fr\/wp-json\/wp\/v2\/tags?post=183477"}],"curies":[{"name":"wp","href":"https:\/\/api.w.org\/{rel}","templated":true}]}}