{"id":183479,"date":"2025-06-17T13:56:12","date_gmt":"2025-06-17T13:56:12","guid":{"rendered":"https:\/\/www.europesays.com\/fr\/183479\/"},"modified":"2025-06-17T13:56:12","modified_gmt":"2025-06-17T13:56:12","slug":"pblvepb-du-18-juin-2025-en-avance-adrien-face-a-la-police","status":"publish","type":"post","link":"https:\/\/www.europesays.com\/fr\/183479\/","title":{"rendered":"PBLVEPB du 18 juin 2025 en avance &#8211; Adrien face \u00e0 la police"},"content":{"rendered":"<p id=\"descriptionPanel\" aria-labelledby=\"descriptionArrow\" aria-expanded=\"false\" class=\"mr-2 line-clamp-2 pr-2.5 text-secondary overflow-visible\">La police interroge Adrien au sujet du braquage au cabinet m\u00e9dical. C&rsquo;est Samuel Gayet qui m\u00e8ne l&rsquo;interrogatoire. Malheureusement, en plein exc\u00e8s de confiance, Adrien lui donne du fil \u00e0 retordre&#8230; Ce qui est difficile \u00e0 supporter pour Samuel. Le policier est particuli\u00e8rement vuln\u00e9rable ces derniers temps, et manque de patience. Morgane interrompt l&rsquo;interrogatoire quand elle trouve une cl\u00e9 suspecte dans les affaires d&rsquo;Adrien&#8230; Premi\u00e8res minutes de l&rsquo;\u00e9pisode 357 du 18 juin 2025 en avance.<\/p>\n<p><a class=\"shrink-0\" href=\"https:\/\/www.tf1.fr\/tf1\/plus-belle-la-vie\" target=\"_blank\" rel=\"noopener\"><img decoding=\"async\" src=\"https:\/\/www.europesays.com\/fr\/wp-content\/uploads\/2025\/06\/program-card-portrait-3-8d37a9-4cd475-0@1x.jpg\" width=\"138\" height=\"184\" alt=\"\" loading=\"eager\" fetchpriority=\"auto\" class=\"aspect-[3\/4] h-24 w-auto rounded-3px\" aria-hidden=\"true\"\/><\/a><\/p>\n","protected":false},"excerpt":{"rendered":"La police interroge Adrien au sujet du braquage au cabinet m\u00e9dical. C&rsquo;est Samuel Gayet qui m\u00e8ne l&rsquo;interrogatoire. Malheureusement,&hellip;\n","protected":false},"author":2,"featured_media":183480,"comment_status":"","ping_status":"","sticky":false,"template":"","format":"standard","meta":{"footnotes":""},"categories":[1356],"tags":[58,1367,23434,59,3483,23433,1011,27,1368,1371,252,1364,1372,1370],"class_list":{"0":"post-183479","1":"post","2":"type-post","3":"status-publish","4":"format-standard","5":"has-post-thumbnail","7":"category-television","8":"tag-divertissement","9":"tag-encore-plus-belle","10":"tag-encore-plus-belle-extrait","11":"tag-entertainment","12":"tag-extrait","13":"tag-extrait-plus-belle-la-vie","14":"tag-fr","15":"tag-france","16":"tag-plus-belle-la-vie","17":"tag-streaming-plus-belle-la-vie","18":"tag-television","19":"tag-tv","20":"tag-video-en-streaming-plus-belle-la-vie","21":"tag-video-plus-belle-la-vie"},"share_on_mastodon":{"url":"https:\/\/pubeurope.com\/@fr\/114699054983754280","error":""},"_links":{"self":[{"href":"https:\/\/www.europesays.com\/fr\/wp-json\/wp\/v2\/posts\/183479","targetHints":{"allow":["GET"]}}],"collection":[{"href":"https:\/\/www.europesays.com\/fr\/wp-json\/wp\/v2\/posts"}],"about":[{"href":"https:\/\/www.europesays.com\/fr\/wp-json\/wp\/v2\/types\/post"}],"author":[{"embeddable":true,"href":"https:\/\/www.europesays.com\/fr\/wp-json\/wp\/v2\/users\/2"}],"replies":[{"embeddable":true,"href":"https:\/\/www.europesays.com\/fr\/wp-json\/wp\/v2\/comments?post=183479"}],"version-history":[{"count":0,"href":"https:\/\/www.europesays.com\/fr\/wp-json\/wp\/v2\/posts\/183479\/revisions"}],"wp:featuredmedia":[{"embeddable":true,"href":"https:\/\/www.europesays.com\/fr\/wp-json\/wp\/v2\/media\/183480"}],"wp:attachment":[{"href":"https:\/\/www.europesays.com\/fr\/wp-json\/wp\/v2\/media?parent=183479"}],"wp:term":[{"taxonomy":"category","embeddable":true,"href":"https:\/\/www.europesays.com\/fr\/wp-json\/wp\/v2\/categories?post=183479"},{"taxonomy":"post_tag","embeddable":true,"href":"https:\/\/www.europesays.com\/fr\/wp-json\/wp\/v2\/tags?post=183479"}],"curies":[{"name":"wp","href":"https:\/\/api.w.org\/{rel}","templated":true}]}}