{"id":183482,"date":"2025-06-17T13:58:13","date_gmt":"2025-06-17T13:58:13","guid":{"rendered":"https:\/\/www.europesays.com\/fr\/183482\/"},"modified":"2025-06-17T13:58:13","modified_gmt":"2025-06-17T13:58:13","slug":"le-cineaste-guillaume-brac-explore-les-amities-adolescentes-dans-deux-documentaires-rts-ch","status":"publish","type":"post","link":"https:\/\/www.europesays.com\/fr\/183482\/","title":{"rendered":"Le cin\u00e9aste Guillaume Brac explore les amiti\u00e9s adolescentes dans deux documentaires &#8211; rts.ch"},"content":{"rendered":"<p>En 2023,\u00a0le cin\u00e9aste Guillaume Brac a r\u00e9alis\u00e9 le court m\u00e9trage\u00a0\u00ab\u00a0Un pincement au c\u0153ur\u00a0\u00bb, suivi en 2024 du long m\u00e9trage\u00a0\u00ab\u00a0Ce n&rsquo;est qu&rsquo;un au revoir\u00a0\u00bb, tous deux \u00e9voquant les amiti\u00e9s adolescentes. Les deux documentaires sortent en salles en ce mois de juin dans le cadre d&rsquo;un m\u00eame programme.<\/p>\n<p>Le cin\u00e9aste fran\u00e7ais Guillaume Brac compte des dizaines de documentaires et de fictions \u00e0 son actif. Ses deux derniers documentaires, le court m\u00e9trage \u00ab\u00a0Un pincement au c\u0153ur\u00a0\u00bb (2023) et le long m\u00e9trage \u00ab\u00a0Ce n&rsquo;est qu&rsquo;un au revoir\u00a0\u00bb (2024) pr\u00e9sent\u00e9 dans la s\u00e9lection de l&rsquo;ACID\u00a0au\u00a0Festival de Cannes 2024, sortent d\u00e9sormais au cin\u00e9ma dans le cadre d&rsquo;un m\u00eame programme.<\/p>\n<p>Si les deux documentaires partagent le th\u00e8me des amiti\u00e9s adolescentes, ils refl\u00e8tent deux mondes tr\u00e8s diff\u00e9rents: \u00ab\u00a0Un pincement au c\u0153ur\u00a0\u00bb a \u00e9t\u00e9 tourn\u00e9 dans un internat du nord de la France, dans l&rsquo;ancien bassin minier d&rsquo;H\u00e9nin-Beaumont, et \u00ab\u00a0Ce n&rsquo;est qu&rsquo;un au revoir\u00a0\u00bb dans un internat de la vall\u00e9e de la Dr\u00f4me, r\u00e9gion alternative plut\u00f4t de gauche.<\/p>\n<p>\u00ab\u00a0Je trouvais que cela dressait un portrait sans doute plus universel de la jeunesse.\u00a0Cela montrait deux jeunesses sur des territoires tr\u00e8s diff\u00e9rents, qui n&rsquo;ont pas du tout acc\u00e8s aux m\u00eames possibilit\u00e9s d&rsquo;\u00e9vasion, de rapport \u00e0 l&rsquo;espace, \u00e0 la nature, etc.\u00a0Et \u00e0 la fois deux jeunesses qui, au fond, sont travers\u00e9es par les m\u00eames questions\u00a0\u00bb, souligne le cin\u00e9aste Guillaume Brac dans le 12h30 du 12 juin.<\/p>\n<p> <img decoding=\"async\" src=\"https:\/\/www.europesays.com\/fr\/wp-content\/uploads\/2025\/06\/afbznx-28913112.image\" alt=\"Une image du film &quot;Ce n'est qu'un au revoir&quot; de Guillaume Brac. [DR]\" title=\"Une image du film &quot;Ce n'est qu'un au revoir&quot; de Guillaume Brac. [DR]\" loading=\"lazy\"\/>  Une image du film \u00ab\u00a0Ce n&rsquo;est qu&rsquo;un au revoir\u00a0\u00bb de Guillaume Brac. [DR] Des amies comme une famille<\/p>\n<p>\u00ab\u00a0Ce n&rsquo;est qu&rsquo;un au revoir\u00a0\u00bb documente la vie de quatre jeunes filles &#8211; Aurore, Nour, Jeanne et Diane -, dans leur internat, l\u00e0 o\u00f9 des liens tr\u00e8s forts se sont tiss\u00e9s. Si Guillaume Brac a eu envie de traiter de l&rsquo;amiti\u00e9 adolescente, c&rsquo;est parce que lui-m\u00eame n&rsquo;a pas eu ce genre de bande de copains qui, lorsqu&rsquo;on est \u00e0 l&rsquo;internat, devient une v\u00e9ritable famille.<\/p>\n<p>\u00ab\u00a0C&rsquo;est un peu un regret, une blessure.\u00a0Et c&rsquo;est une des raisons pour lesquelles j&rsquo;ai eu envie de faire ce film sur une bande d&rsquo;amies tr\u00e8s organique, qui est presque une famille.\u00a0Elles sont \u00e0 l&rsquo;internat et elles vivent tous les jours ensemble.\u00a0Je n&rsquo;ai pas v\u00e9cu \u00e7a et j&rsquo;ai vraiment d\u00e9couvert en faisant le film cette esp\u00e8ce de lien tr\u00e8s beau et tr\u00e8s fort d&rsquo;une bande d&rsquo;amis qui a pass\u00e9 trois ann\u00e9es ensemble.\u00a0Et si la s\u00e9paration est si difficile, c&rsquo;est justement parce que c&rsquo;est une deuxi\u00e8me famille\u00a0\u00bb, explique Guillaume Brac.<\/p>\n<p>Contenu externe<\/p>\n<p> Ce contenu externe ne peut pas \u00eatre affich\u00e9 car il est susceptible de collecter des donn\u00e9es personnelles. Pour voir ce contenu vous devez autoriser la cat\u00e9gorie <strong>R\u00e9seaux sociaux<\/strong>. <\/p>\n<p> Accepter Plus d&rsquo;info <\/p>\n<p>    Un antidote au vieillissement<\/p>\n<p>Pour \u00ab\u00a0Un pincement au c\u0153ur\u00a0\u00bb comme pour \u00ab\u00a0Ce n&rsquo;est qu&rsquo;un au revoir\u00a0\u00bb, Guillaume Brac a donc choisi exclusivement d&rsquo;explorer des amiti\u00e9s f\u00e9minines. \u00ab\u00a0Ce n&rsquo;\u00e9tait pas du tout d\u00e9lib\u00e9r\u00e9 de ma part dans ces deux documentaires de m&rsquo;int\u00e9resser plut\u00f4t \u00e0 des jeunes filles.\u00a0Dans les deux cas, \u00e7a s&rsquo;est impos\u00e9.\u00a0J&rsquo;ai essay\u00e9 de filmer des gar\u00e7ons, mais ils \u00e9taient beaucoup plus timides et avaient beaucoup plus de difficult\u00e9s \u00e0 ouvrir leur coeur, \u00e0 se raconter et \u00e0 explorer leurs \u00e9motions. Je ne veux pas en faire une g\u00e9n\u00e9ralit\u00e9, mais en tout cas, mon exp\u00e9rience a montr\u00e9 cela\u00a0\u00bb, pr\u00e9cise-t-il.<\/p>\n<p>Les relations entre jeunes et l&rsquo;amiti\u00e9 sont au coeur de plusieurs films de Guillaume Brac, notamment la fiction \u00ab\u00a0A l&rsquo;abordage\u00a0\u00bb sortie en 2020. \u00a0\u00ab\u00a0Les films permettent \u00e9videmment de vivre certaines choses par procuration.\u00a0(&#8230;) Moi je me sens tr\u00e8s vivant quand je fais des films.\u00a0Et puis c&rsquo;est vrai que j&rsquo;ai beaucoup film\u00e9 la jeunesse et \u00e7a me fait beaucoup de bien.\u00a0Les ann\u00e9es passent, c&rsquo;est un peu un antidote au vieillissement\u00a0\u00bb, affirme le cin\u00e9aste.<\/p>\n<p>A travers ses deux documentaires sensibles et intimes, Guillaume Brac d\u00e9couvre aussi une g\u00e9n\u00e9ration militante, engag\u00e9e pour le vivant, qui l&rsquo;\u00e9meut. Une g\u00e9n\u00e9ration \u00e0 une \u00e9tape charni\u00e8re de sa vie qui, \u00e0 la fin du lyc\u00e9e et au seuil de l&rsquo;\u00e2ge adulte, d\u00e9couvre la m\u00e9lancolie et s&rsquo;interroge plus que jamais sur l&rsquo;avenir.<\/p>\n<p class=\"sources\">Propos recueillis par Pauline Rappaz<\/p>\n<p class=\"credit\">Adaptation web: ld<\/p>\n<p class=\"article-footnote\">\u00ab\u00a0Ce n&rsquo;est qu&rsquo;un au revoir\u00a0\u00bb (2024), suivi de \u00ab\u00a0Un pincement au coeur\u00a0\u00bb (2023) de Guillaume Brac, Cin\u00e9matographe, Lausanne, le 17 juin 2025; cin\u00e9mas du Gr\u00fctli, Gen\u00e8ve, le 18 juin 2025.<\/p>\n","protected":false},"excerpt":{"rendered":"En 2023,\u00a0le cin\u00e9aste Guillaume Brac a r\u00e9alis\u00e9 le court m\u00e9trage\u00a0\u00ab\u00a0Un pincement au c\u0153ur\u00a0\u00bb, suivi en 2024 du long&hellip;\n","protected":false},"author":2,"featured_media":183483,"comment_status":"","ping_status":"","sticky":false,"template":"","format":"standard","meta":{"footnotes":""},"categories":[1354],"tags":[1693,650,20496,58,59,652,2081,32157,1346,1011,27,32158,2456,1360,4233],"class_list":{"0":"post-183482","1":"post","2":"type-post","3":"status-publish","4":"format-standard","5":"has-post-thumbnail","7":"category-films","8":"tag-arts-et-divertissement","9":"tag-cinema","10":"tag-court-metrage","11":"tag-divertissement","12":"tag-entertainment","13":"tag-famille","14":"tag-film","15":"tag-film-documentaire","16":"tag-films","17":"tag-fr","18":"tag-france","19":"tag-guillaume-brac","20":"tag-long-metrage","21":"tag-movies","22":"tag-realisateur"},"share_on_mastodon":{"url":"https:\/\/pubeurope.com\/@fr\/114699062854067021","error":""},"_links":{"self":[{"href":"https:\/\/www.europesays.com\/fr\/wp-json\/wp\/v2\/posts\/183482","targetHints":{"allow":["GET"]}}],"collection":[{"href":"https:\/\/www.europesays.com\/fr\/wp-json\/wp\/v2\/posts"}],"about":[{"href":"https:\/\/www.europesays.com\/fr\/wp-json\/wp\/v2\/types\/post"}],"author":[{"embeddable":true,"href":"https:\/\/www.europesays.com\/fr\/wp-json\/wp\/v2\/users\/2"}],"replies":[{"embeddable":true,"href":"https:\/\/www.europesays.com\/fr\/wp-json\/wp\/v2\/comments?post=183482"}],"version-history":[{"count":0,"href":"https:\/\/www.europesays.com\/fr\/wp-json\/wp\/v2\/posts\/183482\/revisions"}],"wp:featuredmedia":[{"embeddable":true,"href":"https:\/\/www.europesays.com\/fr\/wp-json\/wp\/v2\/media\/183483"}],"wp:attachment":[{"href":"https:\/\/www.europesays.com\/fr\/wp-json\/wp\/v2\/media?parent=183482"}],"wp:term":[{"taxonomy":"category","embeddable":true,"href":"https:\/\/www.europesays.com\/fr\/wp-json\/wp\/v2\/categories?post=183482"},{"taxonomy":"post_tag","embeddable":true,"href":"https:\/\/www.europesays.com\/fr\/wp-json\/wp\/v2\/tags?post=183482"}],"curies":[{"name":"wp","href":"https:\/\/api.w.org\/{rel}","templated":true}]}}