{"id":183484,"date":"2025-06-17T13:59:15","date_gmt":"2025-06-17T13:59:15","guid":{"rendered":"https:\/\/www.europesays.com\/fr\/183484\/"},"modified":"2025-06-17T13:59:15","modified_gmt":"2025-06-17T13:59:15","slug":"le-nombre-de-melanomes-en-hausse","status":"publish","type":"post","link":"https:\/\/www.europesays.com\/fr\/183484\/","title":{"rendered":"le nombre de m\u00e9lanomes en hausse"},"content":{"rendered":"<p>             <a href=\"https:\/\/ma-sante.news\/wp-content\/uploads\/2025\/06\/campagne-prevention-cancers-de-la-peau-explosion-des-cas-en-france-ligue-Ma-Sante-.jpg\" data-caption=\"Apr\u00e8s un premier m\u00e9lanome, le risque d\u2019en d\u00e9velopper un second atteint 8\u202f%, selon l\u2019Institut National du Cancer (INCa). \u00a9 Freepik\" target=\"_blank\" rel=\"noopener\"><img loading=\"lazy\" decoding=\"async\" width=\"696\" height=\"464\" class=\"entry-thumb td-modal-image\" src=\"data:image\/svg+xml,%3Csvg%20xmlns=\" http:=\"\" data-lazy- data-lazy- alt=\"Une femme avec une tache noire sur la peau, signe de cancer de la peau.\" title=\"campagne pre\u0301vention cancers de la peau explosion des cas en france ligue Ma Sante\u0301\" data-lazy-src=\"https:\/\/www.europesays.com\/fr\/wp-content\/uploads\/2025\/06\/campagne-prevention-cancers-de-la-peau-explosion-des-cas-en-france-ligue-Ma-Sante--696x464.jpg\"\/><\/a>Apr\u00e8s un premier m\u00e9lanome, le risque d\u2019en d\u00e9velopper un second atteint 8\u202f%, selon l\u2019Institut National du Cancer (INCa). \u00a9 Freepik                                    \t\t\t             <a class=\"gofollow\" data-track=\"MjgsMCwxLDYw\" href=\"https:\/\/ma-sante.news\/inscrivez-vous-a-notre-newsletter\/\" target=\"_blank\" rel=\"noopener\"><img loading=\"lazy\" decoding=\"async\" width=\"1068\" height=\"131\" src=\"data:image\/svg+xml,%3Csvg%20xmlns=\" http:=\"\" data-lazy-src=\"https:\/\/www.europesays.com\/fr\/wp-content\/uploads\/2025\/03\/banniere-newsletter.png\"\/><\/a> <\/p>\n<p>L\u2019\u00e9t\u00e9 approche, les terrasses d\u00e9bordent et les plages se remplissent. Le soleil, on l\u2019adore, mais lui, il ne nous fait pas toujours du bien. Surtout \u00e0 notre peau. Car derri\u00e8re le bronzage dor\u00e9 et les baignades \u00e0 r\u00e9p\u00e9tition, <a href=\"https:\/\/ma-sante.news\/juin-jaune-se-proteger-du-soleil-pour-eviter-un-cancer-de-la-peau\/\" target=\"_blank\" rel=\"noopener\">les rayons UV sont \u00e0 l\u2019origine de milliers de cancers chaque ann\u00e9e en France.<\/a><\/p>\n<p>Face \u00e0 ce constat pr\u00e9occupant, une campagne pas comme les autres voit le jour : \u00ab\u202fOn n\u2019est pas des saucisses\u202f\u00bb. Le but ? Faire comprendre \u00e0 tous qu\u2019un coup de soleil peut parfois laisser une trace bien plus grave qu\u2019une peau qui p\u00e8le.<\/p>\n<p>        Campagne \u00ab On n\u2019est pas des saucisses \u00bb : le choc visuel au service de la pr\u00e9vention    <strong>Le cancer de la peau : des chiffres qui donnent des coups de chaud<\/strong>    <\/p>\n<p><a href=\"https:\/\/ma-sante.news\/melanome-nous-observons-une-augmentation-des-cancers-de-la-peau\/\" target=\"_blank\" rel=\"noopener\">Le m\u00e9lanome, forme la plus grave de cancer cutan\u00e9, tue environ 2\u202f000 personnes chaque ann\u00e9e en France<\/a>. Il repr\u00e9sente environ 15\u202f000 \u00e0 18\u202f000 nouveaux cas par an, selon les derni\u00e8res donn\u00e9es de Sant\u00e9 publique France et de l\u2019Institut National du Cancer (INCa).<\/p>\n<p>Mais ce n\u2019est que la partie \u00e9merg\u00e9e de l\u2019iceberg : <a href=\"https:\/\/ma-sante.news\/dangers-des-uv-quand-le-soleil-ne-vous-veut-pas-du-bien\/\" target=\"_blank\" rel=\"noopener\">les cancers cutan\u00e9s non m\u00e9lanocytaires, comme les carcinomes basocellulaires ou \u00e9pidermo\u00efdes<\/a>, sont encore plus nombreux, avec plus de 140\u202f000 cas par an. Une augmentation fulgurante : +111\u202f% chez les femmes et +177\u202f% chez les hommes en trente ans, selon Sant\u00e9 publique France. Les cancers de la peau explosent et, contrairement \u00e0 d\u2019autres, ils sont parmi les plus \u00e9vitables.<\/p>\n<p>        <strong>Des saucisses sur la plage (mais pas les bonnes)<\/strong>    <\/p>\n<p>Avec son slogan pour le moins original, la campagne lanc\u00e9e par la Ligue contre le cancer en juin 2025 mise sur l\u2019impact visuel et l\u2019humour d\u00e9cal\u00e9 pour faire passer un message de sant\u00e9 publique : notre peau n\u2019est pas un barbecue.<\/p>\n<p>Des visuels de saucisses grill\u00e9es, bien align\u00e9es sur des serviettes de plage, illustrent l\u2019analogie : la peau expos\u00e9e sans protection, c\u2019est le m\u00eame sort. Ce parti pris fort vise \u00e0 rappeler que chaque coup de soleil est une agression, et qu\u2019aucune exposition n\u2019est anodine. <\/p>\n<p>Le message : 80\u202f% des cancers de la peau pourraient \u00eatre \u00e9vit\u00e9s en changeant nos comportements face au soleil selon la Ligue contre le cancer.<\/p>\n<p>        Pr\u00e9vention en France : les bons r\u00e9flexes contre le cancer de la peau    <strong>Cr\u00e8me solaire et protection vestimentaire : le combo gagnant<\/strong>    <\/p>\n<p>S\u2019il y avait une trousse de secours estivale id\u00e9ale, elle contiendrait : <a href=\"https:\/\/ma-sante.news\/protection-solaire-le-guide-ideal-pour-profiter-du-soleil-sans-risque\/\" target=\"_blank\" rel=\"noopener\">une cr\u00e8me solaire SPF 30 ou plus<\/a>, un tee-shirt anti-UV, un chapeau de paille ou de toile \u00e0 larges bords, et des lunettes de soleil filtrant les UVA\/UVB (norme CE cat\u00e9gorie 3 ou 4).<\/p>\n<p>La cr\u00e8me solaire seule ne suffit pas. Elle est efficace, oui, mais \u00e0 condition de l\u2019appliquer en quantit\u00e9 suffisante (2 mg\/cm\u00b2, soit environ une cuill\u00e8re \u00e0 caf\u00e9 pour le visage et le cou) et de la renouveler toutes les deux heures, surtout apr\u00e8s une baignade, une sieste, ou une partie de beach-volley. <\/p>\n<p>Et pour les enfants, pas d\u2019exposition directe avant 3 ans. Leur peau est immature, ultra-sensible, et les coups de soleil pr\u00e9coces sont parmi les plus dangereux pour le futur.<\/p>\n<p>Petit rappel utile : un tee-shirt mouill\u00e9 n\u2019est plus efficace contre les UV. Privil\u00e9giez les v\u00eatements en tissus anti-UV, souvent utilis\u00e9s dans les maillots de bain des plus petits.<\/p>\n<p>        <strong>\u00c9viter le soleil aux heures de pointe<\/strong>    <\/p>\n<p>Entre 12h et 16h en m\u00e9tropole (ou 10h\u201314h en Outre-mer), les rayons du soleil sont \u00e0 leur z\u00e9nith, donc \u00e0 leur intensit\u00e9 maximale. C\u2019est \u00e0 ce moment-l\u00e0 que les UV sont les plus dangereux pour la peau.<\/p>\n<p>\u00c0 ces heures-l\u00e0, c\u2019est parasol, nappe \u00e0 l\u2019ombre ou retour au g\u00eete. Le bronzage intense \u201c\u00e0 la m\u00e9diterran\u00e9enne\u201d peut sembler s\u00e9duisant, mais c\u2019est une illusion dangereuse. <\/p>\n<p>Les UV ne sont pas visibles, mais ils marquent en profondeur. Et non, pas besoin de \u201crougir pour bronzer\u201d. Le bronzage est en r\u00e9alit\u00e9 une r\u00e9ponse de d\u00e9fense de la peau face \u00e0 une agression.<\/p>\n<p>        <strong>Dire non aux cabines UV<\/strong>    <\/p>\n<p>Les cabines de bronzage, encore trop pr\u00e9sentes dans certaines salles de sport ou centres esth\u00e9tiques, sont de faux amis. Souvent pr\u00e9sent\u00e9es comme un moyen de \u201cpr\u00e9parer la peau au soleil\u201d, elles sont dangereuses et totalement inefficaces en pr\u00e9vention.<\/p>\n<p>L\u2019Organisation mondiale de la Sant\u00e9 (OMS) les a class\u00e9es canc\u00e9rog\u00e8nes certains (groupe 1), au m\u00eame titre que le tabac ou l\u2019amiante. Selon l\u2019INCa, le risque de d\u00e9velopper un m\u00e9lanome augmente de 59\u202f% si on les utilise avant 35 ans. Et cela grimpe encore avec la fr\u00e9quence d\u2019utilisation.<\/p>\n<p>La r\u00e9glementation interdit d\u00e9sormais leur usage aux mineurs, mais leur banalisation reste pr\u00e9occupante. En r\u00e9sum\u00e9 : le bronzage artificiel, c\u2019est non, m\u00eame avant les vacances, m\u00eame pour un \u201cfond de teint naturel\u201d.<\/p>\n<p>        <strong>Apprendre \u00e0 surveiller sa peau<\/strong>    <\/p>\n<p>Votre peau vous parle. Encore faut-il l\u2019\u00e9couter et la regarder. Un petit grain de beaut\u00e9 qui change, une tache brune qui s\u2019\u00e9tale, un bouton qui ne gu\u00e9rit pas ? Ce sont des signaux d\u2019alerte \u00e0 ne pas ignorer.<\/p>\n<p><a href=\"https:\/\/ma-sante.news\/dermato-quels-sont-les-grains-de-beaute-dangereux\/\" target=\"_blank\" rel=\"noopener\">La r\u00e8gle ABCDE est l\u00e0 pour vous guider<\/a> :<\/p>\n<ul class=\"wp-block-list\">\n<li>A comme Asym\u00e9trie : un grain de beaut\u00e9 qui n\u2019a pas la m\u00eame forme des deux c\u00f4t\u00e9s.<\/li>\n<li>B comme Bords irr\u00e9guliers : flous, dentel\u00e9s, difficiles \u00e0 d\u00e9finir.<\/li>\n<li>C comme Couleur non uniforme : plusieurs teintes (brun, noir, rouge, blanc\u2026).<\/li>\n<li>D comme Diam\u00e8tre : sup\u00e9rieur \u00e0 6 mm.<\/li>\n<li>E comme \u00c9volution : modification de taille, forme, couleur ou texture dans le temps.<\/li>\n<\/ul>\n<p>En cas de doute, une seule consigne : consultez un dermatologue. Le d\u00e9pistage pr\u00e9coce d\u2019un m\u00e9lanome permet une survie \u00e0 5 ans de plus de 90\u202f% s\u2019il est d\u00e9tect\u00e9 t\u00f4t selon l\u2019Inca.<\/p>\n<p>        Une strat\u00e9gie nationale de sant\u00e9 publique    <\/p>\n<p>En parall\u00e8le de cette campagne, des actions sont men\u00e9es dans les \u00e9coles, sur les plages, et dans les pharmacies pour <a href=\"https:\/\/ma-sante.news\/cancer-de-la-peau-soleil-danger\/\" target=\"_blank\" rel=\"noopener\">sensibiliser d\u00e8s le plus jeune \u00e2ge aux cancers de la peau.<\/a> L\u2019enjeu est double :<\/p>\n<ul class=\"wp-block-list\">\n<li>Changer les habitudes des adultes, souvent d\u00e9j\u00e0 expos\u00e9s depuis des ann\u00e9es,<\/li>\n<li>\u00c9duquer les plus jeunes \u00e0 une protection solaire syst\u00e9matique, comme un r\u00e9flexe de sant\u00e9.<\/li>\n<\/ul>\n<p>Et ce n\u2019est pas un luxe : un enfant qui prend cinq coups de soleil dans sa vie triple son <a href=\"https:\/\/ma-sante.news\/soleil-et-cancers-en-30-ans-le-nombre-de-melanomes-a-quadruple\/\" target=\"_blank\" rel=\"noopener\">risque de d\u00e9velopper un m\u00e9lanome<\/a> plus tard selon la <a href=\"https:\/\/www.fondation-arc.org\" target=\"_blank\" rel=\"noopener\">Fondation ARC<\/a>.<\/p>\n<blockquote class=\"wp-block-quote is-layout-flow wp-block-quote-is-layout-flow\">\n<p><strong>\u00c0 SAVOIR<\/strong><\/p>\n<p>Selon Sant\u00e9 publique France, un tiers des Fran\u00e7ais pensent encore qu\u2019il faut attraper un coup de soleil pour bien bronzer. Une id\u00e9e re\u00e7ue tenace, pourtant fausse et dangereuse : un coup de soleil correspond \u00e0 une br\u00fblure de la peau, et augmente significativement le risque de cancer cutan\u00e9, en particulier chez les enfants et les adolescents.<\/p>\n<\/blockquote>\n<p>  <a class=\"gofollow\" data-track=\"MTIsMCwxLDYw\" href=\"https:\/\/ma-sante.news\/annonceurs\/\" target=\"_blank\" rel=\"noopener\"><img loading=\"lazy\" decoding=\"async\" width=\"2560\" height=\"2133\" src=\"data:image\/svg+xml,%3Csvg%20xmlns=\" http:=\"\" data-lazy-src=\"https:\/\/www.europesays.com\/fr\/wp-content\/uploads\/2025\/03\/pub-annonceurs-4-scaled.jpg\"\/><\/a>    <img loading=\"lazy\" decoding=\"async\" width=\"755\" height=\"495\" src=\"data:image\/svg+xml,%3Csvg%20xmlns=\" http:=\"\" data-lazy-src=\"https:\/\/www.europesays.com\/fr\/wp-content\/uploads\/2025\/03\/Image1.jpg\"\/>Inscrivez-vous \u00e0 notre newsletter <br \/>Ma Sant\u00e9                      <\/p>\n","protected":false},"excerpt":{"rendered":"Apr\u00e8s un premier m\u00e9lanome, le risque d\u2019en d\u00e9velopper un second atteint 8\u202f%, selon l\u2019Institut National du Cancer (INCa).&hellip;\n","protected":false},"author":2,"featured_media":183485,"comment_status":"","ping_status":"","sticky":false,"template":"","format":"standard","meta":{"footnotes":""},"categories":[10],"tags":[28146,1011,27,72,28147,9854,14463,71],"class_list":{"0":"post-183484","1":"post","2":"type-post","3":"status-publish","4":"format-standard","5":"has-post-thumbnail","7":"category-sante","8":"tag-coup-de-soleil","9":"tag-fr","10":"tag-france","11":"tag-health","12":"tag-mu00e9lanome","13":"tag-peau","14":"tag-pru00e9vention-cancer","15":"tag-sante"},"share_on_mastodon":{"url":"https:\/\/pubeurope.com\/@fr\/114699066733116019","error":""},"_links":{"self":[{"href":"https:\/\/www.europesays.com\/fr\/wp-json\/wp\/v2\/posts\/183484","targetHints":{"allow":["GET"]}}],"collection":[{"href":"https:\/\/www.europesays.com\/fr\/wp-json\/wp\/v2\/posts"}],"about":[{"href":"https:\/\/www.europesays.com\/fr\/wp-json\/wp\/v2\/types\/post"}],"author":[{"embeddable":true,"href":"https:\/\/www.europesays.com\/fr\/wp-json\/wp\/v2\/users\/2"}],"replies":[{"embeddable":true,"href":"https:\/\/www.europesays.com\/fr\/wp-json\/wp\/v2\/comments?post=183484"}],"version-history":[{"count":0,"href":"https:\/\/www.europesays.com\/fr\/wp-json\/wp\/v2\/posts\/183484\/revisions"}],"wp:featuredmedia":[{"embeddable":true,"href":"https:\/\/www.europesays.com\/fr\/wp-json\/wp\/v2\/media\/183485"}],"wp:attachment":[{"href":"https:\/\/www.europesays.com\/fr\/wp-json\/wp\/v2\/media?parent=183484"}],"wp:term":[{"taxonomy":"category","embeddable":true,"href":"https:\/\/www.europesays.com\/fr\/wp-json\/wp\/v2\/categories?post=183484"},{"taxonomy":"post_tag","embeddable":true,"href":"https:\/\/www.europesays.com\/fr\/wp-json\/wp\/v2\/tags?post=183484"}],"curies":[{"name":"wp","href":"https:\/\/api.w.org\/{rel}","templated":true}]}}