{"id":183494,"date":"2025-06-17T14:04:12","date_gmt":"2025-06-17T14:04:12","guid":{"rendered":"https:\/\/www.europesays.com\/fr\/183494\/"},"modified":"2025-06-17T14:04:12","modified_gmt":"2025-06-17T14:04:12","slug":"emmanuel-ne-comprend-jamais-rien-trump-accuse-macron-de-vouloir-se-faire-de-la-publicite","status":"publish","type":"post","link":"https:\/\/www.europesays.com\/fr\/183494\/","title":{"rendered":"\u00ab\u00a0Emmanuel ne comprend jamais rien\u00a0\u00bb\u2026 Trump accuse Macron de vouloir \u00ab\u00a0se faire de la publicit\u00e9\u00a0\u00bb"},"content":{"rendered":"<p>Bonne ambiance au <a href=\"https:\/\/www.20minutes.fr\/economie\/g7\/\" class=\"color-ultramarine c-link\" rel=\"nofollow noopener\" target=\"_blank\">G7<\/a> entre les chefs d\u2019\u00c9tats. <a href=\"https:\/\/www.20minutes.fr\/dossier\/donald_trump\" class=\"color-ultramarine c-link\" rel=\"nofollow noopener\" target=\"_blank\">Donald Trump<\/a> a assur\u00e9 lundi que son d\u00e9part anticip\u00e9 du groupe des 7 n\u2019avait \u00ab\u00a0rien \u00e0 voir avec un cessez-le-feu\u00a0\u00bb entre <a href=\"https:\/\/www.20minutes.fr\/monde\/israel\/\" class=\"color-ultramarine c-link\" rel=\"nofollow noopener\" target=\"_blank\">Isra\u00ebl<\/a> et l\u2019<a href=\"https:\/\/www.20minutes.fr\/monde\/iran\/\" class=\"color-ultramarine c-link\" rel=\"nofollow noopener\" target=\"_blank\">Iran<\/a>. Et il en a profit\u00e9 pour se payer le pr\u00e9sident fran\u00e7ais.<\/p>\n<p>\u00ab\u00a0Le pr\u00e9sident <a href=\"https:\/\/www.20minutes.fr\/politique\/emmanuel-macron\/\" class=\"color-ultramarine c-link\" rel=\"nofollow noopener\" target=\"_blank\">Emmanuel Macron<\/a>, de France, pour se faire de la publicit\u00e9, a dit par erreur que j\u2019avais quitt\u00e9 le sommet du G7 au <a href=\"https:\/\/www.20minutes.fr\/dossier\/canada\" class=\"color-ultramarine c-link\" rel=\"nofollow noopener\" target=\"_blank\">Canada<\/a> pour retourner \u00e0 Washington pour travailler \u00e0 un cessez-le-feu entre Isra\u00ebl et l\u2019Iran. Faux\u00a0! Il n\u2019a aucune id\u00e9e de la raison pour laquelle je suis maintenant en route pour <a href=\"https:\/\/www.20minutes.fr\/dossier\/washington\" class=\"color-ultramarine c-link\" rel=\"nofollow noopener\" target=\"_blank\">Washington<\/a>, mais cela n\u2019a certainement rien \u00e0 voir avec un cessez-le-feu. C\u2019est beaucoup plus gros que \u00e7a\u00a0\u00bb, a-t-il temp\u00eat\u00e9 sur son r\u00e9seau Truth Social.<\/p>\n<\/p>\n<p>\u00ab\u00a0Volontairement ou pas, Emmanuel ne comprend jamais rien\u00a0\u00bb a encore ass\u00e9n\u00e9 le pr\u00e9sident am\u00e9ricain, peu apr\u00e8s avoir quitt\u00e9 le rassemblement des chefs d\u2019Etat et de gouvernement du G7 dans les Rocheuses canadiennes, un jour plus t\u00f4t que pr\u00e9vu.<\/p>\n<p>Le <a href=\"https:\/\/www.20minutes.fr\/dossier\/president\" class=\"color-ultramarine c-link\" rel=\"nofollow noopener\" target=\"_blank\">pr\u00e9sident<\/a> fran\u00e7ais avait affirm\u00e9 plus t\u00f4t, pendant un point presse en marge du sommet, qu&rsquo; \u00ab\u00a0une offre avait \u00e9t\u00e9 faite\u00a0\u00bb de la part des Am\u00e9ricains pour \u00ab\u00a0une rencontre et d\u2019\u00e9change\u00a0\u00bb avec les Iraniens, ajoutant que \u00ab\u00a0si les Etats-Unis peuvent obtenir un cessez-le-feu, c\u2019est une tr\u00e8s bonne chose.\u00a0\u00bb<\/p>\n<p>Donald Trump a envoy\u00e9 des signaux confus sur le conflit en cours entre Isra\u00ebl et l\u2019Iran ces derni\u00e8res heures, alors que les sp\u00e9culations vont bon train sur un \u00e9ventuel engagement militaire direct des Etats-Unis.<\/p>\n<p>La voie diplomatique abandonn\u00e9e\u00a0?<\/p>\n<p>Tout en exhortant l\u2019Iran \u00e0 conclure un \u00ab\u00a0accord\u00a0\u00bb sur son programme nucl\u00e9aire \u00ab\u00a0avant qu\u2019il ne soit trop tard\u00a0\u00bb, il a aussi, dans un message particuli\u00e8rement alarmiste sur Truth Social, appel\u00e9 \u00e0 \u00ab\u00a0\u00e9vacuer\u00a0\u00bb <a href=\"https:\/\/www.20minutes.fr\/monde\/teheran\/\" class=\"color-ultramarine c-link\" rel=\"nofollow noopener\" target=\"_blank\">T\u00e9h\u00e9ran<\/a>.<\/p>\n<p>Le gouvernement am\u00e9ricain a toutefois assur\u00e9 que la posture des forces am\u00e9ricaines dans la r\u00e9gion restait \u00ab\u00a0d\u00e9fensive\u00a0\u00bb.<\/p>\n<p>Le site Axios affirme par ailleurs que l\u2019ex\u00e9cutif am\u00e9ricain n\u2019a pas abandonn\u00e9 la voie diplomatique, et discute avec l\u2019Iran d\u2019une possible rencontre entre l\u2019\u00e9missaire sp\u00e9cial pour le <a href=\"https:\/\/www.20minutes.fr\/dossier\/moyen_orient\" class=\"color-ultramarine c-link\" rel=\"nofollow noopener\" target=\"_blank\">Moyen-Orient<\/a>, Steve Witkoff, et le ministre iranien des Affaires \u00e9trang\u00e8res Abbas Araghchi.<\/p>\n","protected":false},"excerpt":{"rendered":"Bonne ambiance au G7 entre les chefs d\u2019\u00c9tats. Donald Trump a assur\u00e9 lundi que son d\u00e9part anticip\u00e9 du&hellip;\n","protected":false},"author":2,"featured_media":183495,"comment_status":"","ping_status":"","sticky":false,"template":"","format":"standard","meta":{"footnotes":""},"categories":[5],"tags":[47,11,75,1073,73,1011,27,23564,14,3019,664,74,12,28],"class_list":{"0":"post-183494","1":"post","2":"type-post","3":"status-publish","4":"format-standard","5":"has-post-thumbnail","7":"category-international","8":"tag-actualite","9":"tag-actualites","10":"tag-donald-trump","11":"tag-emmanuel-macron","12":"tag-etats-unis","13":"tag-fr","14":"tag-france","15":"tag-g7","16":"tag-international","17":"tag-iran","18":"tag-israel","19":"tag-monde","20":"tag-news","21":"tag-world"},"share_on_mastodon":{"url":"https:\/\/pubeurope.com\/@fr\/114699086310831861","error":""},"_links":{"self":[{"href":"https:\/\/www.europesays.com\/fr\/wp-json\/wp\/v2\/posts\/183494","targetHints":{"allow":["GET"]}}],"collection":[{"href":"https:\/\/www.europesays.com\/fr\/wp-json\/wp\/v2\/posts"}],"about":[{"href":"https:\/\/www.europesays.com\/fr\/wp-json\/wp\/v2\/types\/post"}],"author":[{"embeddable":true,"href":"https:\/\/www.europesays.com\/fr\/wp-json\/wp\/v2\/users\/2"}],"replies":[{"embeddable":true,"href":"https:\/\/www.europesays.com\/fr\/wp-json\/wp\/v2\/comments?post=183494"}],"version-history":[{"count":0,"href":"https:\/\/www.europesays.com\/fr\/wp-json\/wp\/v2\/posts\/183494\/revisions"}],"wp:featuredmedia":[{"embeddable":true,"href":"https:\/\/www.europesays.com\/fr\/wp-json\/wp\/v2\/media\/183495"}],"wp:attachment":[{"href":"https:\/\/www.europesays.com\/fr\/wp-json\/wp\/v2\/media?parent=183494"}],"wp:term":[{"taxonomy":"category","embeddable":true,"href":"https:\/\/www.europesays.com\/fr\/wp-json\/wp\/v2\/categories?post=183494"},{"taxonomy":"post_tag","embeddable":true,"href":"https:\/\/www.europesays.com\/fr\/wp-json\/wp\/v2\/tags?post=183494"}],"curies":[{"name":"wp","href":"https:\/\/api.w.org\/{rel}","templated":true}]}}