{"id":183508,"date":"2025-06-17T14:11:10","date_gmt":"2025-06-17T14:11:10","guid":{"rendered":"https:\/\/www.europesays.com\/fr\/183508\/"},"modified":"2025-06-17T14:11:10","modified_gmt":"2025-06-17T14:11:10","slug":"la-valette-du-var-combat-les-ilots-de-chaleur","status":"publish","type":"post","link":"https:\/\/www.europesays.com\/fr\/183508\/","title":{"rendered":"La Valette-du-Var combat les \u00eelots de chaleur"},"content":{"rendered":"<p>                    <img loading=\"lazy\" decoding=\"async\" src=\"https:\/\/www.europesays.com\/fr\/wp-content\/uploads\/2025\/06\/471336cad33e25b40d9d6302d733a7.jpg\" class=\"img-responsive post-image\" width=\"680\" height=\"510\" alt=\"La Valette-du-Var combat\" title=\"La Valette-du-Var combat les \u00eelots de chaleur\"\/><\/p>\n<p class=\"chapo\">Apr\u00e8s avoir reconstruit les \u00e9coles du centre-ville, la Municipalit\u00e9 de La Valette repense aussi les espaces publics et les int\u00e8gre \u00e0 un projet plus vaste de v\u00e9g\u00e9talisation.<\/p>\n<p>Elle a fait de la requalification de la place G\u00e9n\u00e9ral de Gaulle un exemple concret de lutte contre les \u00eelots de chaleur et d\u2019adaptation aux enjeux climatiques.<\/p>\n<p>Lors de l\u2019inauguration de la place, <strong>Thierry Albertini,<\/strong> le premier magistrat, s\u2019est f\u00e9licit\u00e9\u00a0: \u00ab\u00a0Malgr\u00e9 les d\u00e9fis techniques et la n\u00e9cessit\u00e9 de pr\u00e9server l\u2019int\u00e9grit\u00e9 du parking souterrain en \u00e9vitant toute surcharge et de maintenir un espace d\u00e9gag\u00e9 pour les manifestations, cette requalification a permis de livrer un am\u00e9nagement exemplaire, tant du point de vue esth\u00e9tique qu\u2019environnemental. L\u2019intervention a respect\u00e9 la trame v\u00e9g\u00e9tale existante avec la conservation et le suivi r\u00e9gulier des platanes et micocouliers bordant la place. Ces \u00e9l\u00e9ments naturels s\u2019\u00e9panouissent dans un cadre redessin\u00e9, en r\u00e9sonance avec l\u2019architecture de la mairie et les b\u00e2timents plus contemporains alentour. Il s\u2019agit d\u2019un trait d\u2019union symbolique entre deux \u00e9poques urbaines, mais aussi d\u2019un geste fort en faveur d\u2019une ville plus r\u00e9siliente \u00a0\u00bb.<\/p>\n<p>En 2023, afin de lutter contre le r\u00e9chauffement climatique et apr\u00e8s avoir r\u00e9alis\u00e9 la requalification et v\u00e9g\u00e9talisation de la place Jean-Moulin, la Ville et la M\u00e9tropole Toulon M\u00e9diterran\u00e9e ont d\u00e9cid\u00e9 de r\u00e9aliser un second projet de v\u00e9g\u00e9talisation en transformant la place de Gaulle.<\/p>\n<p>D\u00c9SORMAIS, LE V\u00c9G\u00c9TAL DOMINE<\/p>\n<p>Ce projet a plusieurs buts. Tout d\u2019abord, \u00e9viter un \u00eelot de chaleur en centre-ville. Ensuite, offrir une exp\u00e9rience agr\u00e9able aux promeneurs et aux usagers des multiples services entourant la place (espace p\u00e9dagogique Jean d\u2019Ormesson, salle polyvalente Val\u00e9rie Garnier, mairie, cabinets m\u00e9dicaux, Archives municipales, banque, Poste, commerce et restaurants). Enfin, renforcer la coh\u00e9rence entre les diff\u00e9rents espaces paysagers de la cit\u00e9, avec une s\u00e9lection d\u2019esp\u00e8ces m\u00e9diterran\u00e9ennes adapt\u00e9es aux contraintes climatiques. Le pari est r\u00e9ussi\u00a0!<\/p>\n<p>En effet, d\u00e9sormais, le v\u00e9g\u00e9tal domine le site gr\u00e2ce \u00e0 des v\u00e9g\u00e9taux implant\u00e9s de part et d\u2019autre de la place. Dans la partie Nord, en compl\u00e9ment des grands micocouliers existants, 9 agrumes (citronniers) ont \u00e9t\u00e9 plant\u00e9s pour cr\u00e9er un premier plan color\u00e9. Au Sud, 3 jacarandas, 3 arbres de Jud\u00e9e et 3 faux poivriers d\u2019au moins 3,5 m\u00e8tres recr\u00e9ent une fa\u00e7ade v\u00e9g\u00e9tale sur le b\u00e2ti existant du M\u00e9di\u00e9val.<\/p>\n<p>\u00c0 l\u2019Ouest, le sol naturel a \u00e9t\u00e9 remis \u00e0 jour et accueille des plantations exotiques. Cette partie devient perm\u00e9able aux eaux de pluie et cr\u00e9e une nouvelle fa\u00e7ade v\u00e9g\u00e9tale pour la place.<\/p>\n<p>Afin de compl\u00e9ter l\u2019ombrage, il a \u00e9t\u00e9 install\u00e9 5 pergolas, r\u00e9alis\u00e9es sur mesure, dont la toiture en t\u00f4le perfor\u00e9e reprend la d\u00e9coupe de feuilles d\u2019oliviers. La nuit, les motifs de la toiture se dessinent sur le sol gr\u00e2ce \u00e0 des projecteurs suspendus \u00e0 la structure. Chaque structure abrite un banc et deux fauteuils dont les assises et dossiers reprennent aussi un motif v\u00e9g\u00e9tal. Un cheminement scintillant tout en courbes vient casser l\u2019orthogonalit\u00e9 du site tout en liaisonnant les diff\u00e9rentes zones de l\u2019espace public.<\/p>\n<p>Photo de Une \u00a9PRESSE AGENCE<\/p>\n","protected":false},"excerpt":{"rendered":"Apr\u00e8s avoir reconstruit les \u00e9coles du centre-ville, la Municipalit\u00e9 de La Valette repense aussi les espaces publics et&hellip;\n","protected":false},"author":2,"featured_media":183509,"comment_status":"","ping_status":"","sticky":false,"template":"","format":"standard","meta":{"footnotes":""},"categories":[9619],"tags":[1111,11,2408,1777,674,1011,27,12,882,25,2310],"class_list":{"0":"post-183508","1":"post","2":"type-post","3":"status-publish","4":"format-standard","5":"has-post-thumbnail","7":"category-toulon","8":"tag-actu","9":"tag-actualites","10":"tag-appels-d","11":"tag-eu","12":"tag-europe","13":"tag-fr","14":"tag-france","15":"tag-news","16":"tag-provence-alpes-cote-dazur","17":"tag-republique-francaise","18":"tag-toulon"},"share_on_mastodon":{"url":"https:\/\/pubeurope.com\/@fr\/114699114023354278","error":""},"_links":{"self":[{"href":"https:\/\/www.europesays.com\/fr\/wp-json\/wp\/v2\/posts\/183508","targetHints":{"allow":["GET"]}}],"collection":[{"href":"https:\/\/www.europesays.com\/fr\/wp-json\/wp\/v2\/posts"}],"about":[{"href":"https:\/\/www.europesays.com\/fr\/wp-json\/wp\/v2\/types\/post"}],"author":[{"embeddable":true,"href":"https:\/\/www.europesays.com\/fr\/wp-json\/wp\/v2\/users\/2"}],"replies":[{"embeddable":true,"href":"https:\/\/www.europesays.com\/fr\/wp-json\/wp\/v2\/comments?post=183508"}],"version-history":[{"count":0,"href":"https:\/\/www.europesays.com\/fr\/wp-json\/wp\/v2\/posts\/183508\/revisions"}],"wp:featuredmedia":[{"embeddable":true,"href":"https:\/\/www.europesays.com\/fr\/wp-json\/wp\/v2\/media\/183509"}],"wp:attachment":[{"href":"https:\/\/www.europesays.com\/fr\/wp-json\/wp\/v2\/media?parent=183508"}],"wp:term":[{"taxonomy":"category","embeddable":true,"href":"https:\/\/www.europesays.com\/fr\/wp-json\/wp\/v2\/categories?post=183508"},{"taxonomy":"post_tag","embeddable":true,"href":"https:\/\/www.europesays.com\/fr\/wp-json\/wp\/v2\/tags?post=183508"}],"curies":[{"name":"wp","href":"https:\/\/api.w.org\/{rel}","templated":true}]}}