{"id":183517,"date":"2025-06-17T14:18:08","date_gmt":"2025-06-17T14:18:08","guid":{"rendered":"https:\/\/www.europesays.com\/fr\/183517\/"},"modified":"2025-06-17T14:18:08","modified_gmt":"2025-06-17T14:18:08","slug":"grenoble-une-jeune-femme-violee-sur-le-campus-universitaire-un-suspect-interpelle","status":"publish","type":"post","link":"https:\/\/www.europesays.com\/fr\/183517\/","title":{"rendered":"Grenoble. Une jeune femme viol\u00e9e sur le campus universitaire, un suspect interpell\u00e9"},"content":{"rendered":"<p>            Par<br \/>\n        <strong><br \/>\n            <a href=\"https:\/\/actu.fr\/auteur\/lisa-rodrigues\" title=\"Consulter tous les articles de Lisa Rodrigues\" target=\"_blank\" rel=\"noopener\">Lisa Rodrigues<\/a><br \/>\n        <\/strong><\/p>\n<p>        Publi\u00e9 le<\/p>\n<p>            17 juin 2025 \u00e0 16h02        <\/p>\n<p>Il y a quelques semaines, la r\u00e9daction relatait <a href=\"https:\/\/actu.fr\/auvergne-rhone-alpes\/grenoble_38185\/grenoble-agressions-en-serie-sur-le-campus-des-situations-prises-tres-au-serieux_62184163.html\" target=\"_blank\" rel=\"noopener\">plusieurs agressions<\/a> ayant eu lieu sur le campus de l\u2019universit\u00e9 Grenoble-Alpes \u00e0 <a href=\"https:\/\/actu.fr\/auvergne-rhone-alpes\/saint-martin-d-heres_38421\" target=\"_blank\" rel=\"noopener\">Saint-Martin-d\u2019H\u00e8res<\/a>. Une petite bande de jeunes gens, parfois cagoul\u00e9s et arm\u00e9s, s\u2019en prenait aux \u00e9tudiants pour voler leurs effets personnels.<br \/>Un renforcement des patrouilles de police et de la s\u00e9curit\u00e9 du campus a \u00e9t\u00e9 d\u00e9cr\u00e9t\u00e9e, mais n\u2019ont apparemment pas \u00e9t\u00e9 suffisantes pour faire peur \u00e0 un homme qui a <strong>viol\u00e9 une jeune femme sur le campus universitaire<\/strong>.<\/p>\n<p>Il menace sa victime d\u2019un couteau<\/p>\n<p class=\" wall-content\">Les faits remontent au samedi 29 mars dernier.<\/p>\n<p class=\" wall-content\">Alors qu\u2019elle rentrait chez elle, la jeune femme croise son agresseur, un jeune homme \u00e2g\u00e9 de 20 ans, sur le campus pr\u00e8s de <a href=\"https:\/\/actu.fr\/auvergne-rhone-alpes\/grenoble_38185\" target=\"_blank\" rel=\"noopener\">Grenoble<\/a>.<\/p>\n<p>    <a href=\"https:\/\/www.google.com\/maps\/embed?pb=!1m18!1m12!1m3!1d5623.72024048615!2d5.7607677958527965!3d45.18992773428278!2m3!1f0!2f0!3f0!3m2!1i1024!2i768!4f13.1!3m3!1m2!1s0x478af5a711e3c637%3A0x58844d6bbc7f206!2sDomaine%20universitaire%20de%20Grenoble!5e0!3m2!1sfr!2sfr!4v1750164477729!5m2!1sfr!2sfr\" title=\"Ouvrie le lien\" target=\"_blank\" rel=\"noopener\">Cliquez ici pour visualiser le contenu<\/a><\/p>\n<p class=\" wall-content\">L\u2019individu va alors l\u2019aborder, puis la <strong>menacer d\u2019un couteau<\/strong> pour la contraindre \u00e0 avoir une relation sexuelle avec lui.<\/p>\n<p>Le suspect mis en examen<\/p>\n<p class=\" wall-content\">Une plainte pour viol est d\u00e9pos\u00e9e par la jeune femme. L\u2019enqu\u00eate est confi\u00e9e au service de police judiciaire de Grenoble.<\/p>\n<p class=\" wall-content\">\n<p class=\" wall-content\">Gr\u00e2ce \u00e0 des <strong>pr\u00e9l\u00e8vements ADN<\/strong> r\u00e9cup\u00e9r\u00e9s sur la victime et \u00e0 \u00ab\u00a0un minutieux travail de recoupement de police scientifique\u00a0\u00bb, les fonctionnaires vont identifier le suspect.\u00a0<\/p>\n<p class=\" wall-content\">Son interpellation a \u00e9t\u00e9 annonc\u00e9e par la Direction interd\u00e9partementale de la police nationale, mardi 17 juin. L\u2019homme a \u00e9t\u00e9 mis en examen et plac\u00e9 en d\u00e9tention provisoire.<\/p>\n<p class=\" wall-content\">Suivez toute l\u2019actualit\u00e9 de vos villes et m\u00e9dias favoris en vous inscrivant \u00e0 <a href=\"https:\/\/moncompte.actu.fr\" title=\"D\u00e9couvez Mon Actu\" rel=\"nofollow noopener\" data-trk=\"{&quot;cta&quot;:{&quot;action&quot;:&quot;https:\\\/\\\/moncompte.actu.fr&quot;,&quot;category&quot;:&quot;mon compte&quot;,&quot;from&quot;:&quot;article footer&quot;,&quot;name&quot;:&quot;Mon actu&quot;,&quot;type&quot;:&quot;cta&quot;}}\" target=\"_blank\">Mon Actu<\/a>.<\/p>\n","protected":false},"excerpt":{"rendered":"Par Lisa Rodrigues Publi\u00e9 le 17 juin 2025 \u00e0 16h02 Il y a quelques semaines, la r\u00e9daction relatait&hellip;\n","protected":false},"author":2,"featured_media":183518,"comment_status":"","ping_status":"","sticky":false,"template":"","format":"standard","meta":{"footnotes":""},"categories":[9566],"tags":[1111,11,2430,1777,674,118,1011,27,2731,12,1072,25,21608,798],"class_list":{"0":"post-183517","1":"post","2":"type-post","3":"status-publish","4":"format-standard","5":"has-post-thumbnail","7":"category-grenoble","8":"tag-actu","9":"tag-actualites","10":"tag-auvergne-rhone-alpes","11":"tag-eu","12":"tag-europe","13":"tag-faits-divers","14":"tag-fr","15":"tag-france","16":"tag-grenoble","17":"tag-news","18":"tag-police","19":"tag-republique-francaise","20":"tag-universite-grenoble-alpes","21":"tag-violences-conjugales"},"share_on_mastodon":{"url":"https:\/\/pubeurope.com\/@fr\/114699141493002498","error":""},"_links":{"self":[{"href":"https:\/\/www.europesays.com\/fr\/wp-json\/wp\/v2\/posts\/183517","targetHints":{"allow":["GET"]}}],"collection":[{"href":"https:\/\/www.europesays.com\/fr\/wp-json\/wp\/v2\/posts"}],"about":[{"href":"https:\/\/www.europesays.com\/fr\/wp-json\/wp\/v2\/types\/post"}],"author":[{"embeddable":true,"href":"https:\/\/www.europesays.com\/fr\/wp-json\/wp\/v2\/users\/2"}],"replies":[{"embeddable":true,"href":"https:\/\/www.europesays.com\/fr\/wp-json\/wp\/v2\/comments?post=183517"}],"version-history":[{"count":0,"href":"https:\/\/www.europesays.com\/fr\/wp-json\/wp\/v2\/posts\/183517\/revisions"}],"wp:featuredmedia":[{"embeddable":true,"href":"https:\/\/www.europesays.com\/fr\/wp-json\/wp\/v2\/media\/183518"}],"wp:attachment":[{"href":"https:\/\/www.europesays.com\/fr\/wp-json\/wp\/v2\/media?parent=183517"}],"wp:term":[{"taxonomy":"category","embeddable":true,"href":"https:\/\/www.europesays.com\/fr\/wp-json\/wp\/v2\/categories?post=183517"},{"taxonomy":"post_tag","embeddable":true,"href":"https:\/\/www.europesays.com\/fr\/wp-json\/wp\/v2\/tags?post=183517"}],"curies":[{"name":"wp","href":"https:\/\/api.w.org\/{rel}","templated":true}]}}