{"id":183523,"date":"2025-06-17T14:21:12","date_gmt":"2025-06-17T14:21:12","guid":{"rendered":"https:\/\/www.europesays.com\/fr\/183523\/"},"modified":"2025-06-17T14:21:12","modified_gmt":"2025-06-17T14:21:12","slug":"deux-cameras-de-videosurveillance-brulees-dans-le-quartier-du-blosne","status":"publish","type":"post","link":"https:\/\/www.europesays.com\/fr\/183523\/","title":{"rendered":"deux cam\u00e9ras de vid\u00e9osurveillance br\u00fbl\u00e9es dans le quartier du Blosne"},"content":{"rendered":"<p>            Par<br \/>\n        <strong><br \/>\n            <a href=\"https:\/\/actu.fr\/auteur\/laurene-fertin\" title=\"Consulter tous les articles de Laur\u00e8ne Fertin\" target=\"_blank\" rel=\"noopener\">Laur\u00e8ne Fertin<\/a><br \/>\n        <\/strong><\/p>\n<p>        Publi\u00e9 le<\/p>\n<p>            17 juin 2025 \u00e0 15h34        <\/p>\n<p>Les faits se sont d\u00e9roul\u00e9s <strong>dans la nuit de lundi 16\u00a0juin \u00e0 mardi 17\u00a0juin 2025,<\/strong> \u00e0 Rennes, <a href=\"https:\/\/actu.fr\/tag\/le-blosne\" target=\"_blank\" rel=\"noopener\">au Blosne<\/a>.<\/p>\n<p class=\" wall-content\"><strong>Deux cam\u00e9ras de vid\u00e9osurveillance<\/strong> ont \u00e9t\u00e9 <strong>br\u00fbl\u00e9es<\/strong> boulevard de Yougoslavie, sous un pr\u00e9au qui a \u00e9t\u00e9 atteint par les flammes, et place Jean-Normand. La police municipale \u00e9tait notamment pr\u00e9sente sur place, dans la matin\u00e9e.<\/p>\n<p>143 cam\u00e9ras de vid\u00e9osurveillance en 2025<\/p>\n<p class=\" wall-content\">Au total, <strong>en 2025,<\/strong> le secteur du Blosne dispose de <strong>quatre cam\u00e9ras de vid\u00e9osurveillance<\/strong> \u2013 notamment sur le secteur Italie, selon une source.\u00a0<\/p>\n<p class=\" wall-content\">Les derni\u00e8res cam\u00e9ras de vid\u00e9osurveillance d\u00e9grad\u00e9es ont \u00e9t\u00e9 constat\u00e9es dans le quartier <strong>Sarah-Bernardht.<\/strong><\/p>\n<p class=\" wall-content\"><a href=\"https:\/\/actu.fr\/bretagne\/rennes_35238\/securite-la-ville-de-rennes-va-installer-une-cinquantaine-de-nouvelles-cameras_60751033.html\" target=\"_blank\" rel=\"noopener\">En f\u00e9vrier 2024, la maire de Rennes, Nathalie App\u00e9r\u00e9, indiquait vouloir installer 50 cam\u00e9ras suppl\u00e9mentaires<\/a> dans le courant de l\u2019ann\u00e9e, surtout sur les points de deals identifi\u00e9s (Blosne, Maurepas et Villejean). L\u2019objectif, <strong>en 2025,<\/strong> \u00e9tant d\u2019en placer 143.<\/p>\n<p>Vid\u00e9os : en ce moment sur Actu<\/p>\n<p class=\" wall-content\">Suivez toute l\u2019actualit\u00e9 de vos villes et m\u00e9dias favoris en vous inscrivant \u00e0 <a href=\"https:\/\/moncompte.actu.fr\" title=\"D\u00e9couvez Mon Actu\" rel=\"nofollow noopener\" data-trk=\"{&quot;cta&quot;:{&quot;action&quot;:&quot;https:\\\/\\\/moncompte.actu.fr&quot;,&quot;category&quot;:&quot;mon compte&quot;,&quot;from&quot;:&quot;article footer&quot;,&quot;name&quot;:&quot;Mon actu&quot;,&quot;type&quot;:&quot;cta&quot;}}\" target=\"_blank\">Mon Actu<\/a>.<\/p>\n","protected":false},"excerpt":{"rendered":"Par Laur\u00e8ne Fertin Publi\u00e9 le 17 juin 2025 \u00e0 15h34 Les faits se sont d\u00e9roul\u00e9s dans la nuit&hellip;\n","protected":false},"author":2,"featured_media":183524,"comment_status":"","ping_status":"","sticky":false,"template":"","format":"standard","meta":{"footnotes":""},"categories":[2821],"tags":[1111,11,829,1777,674,118,1011,27,1310,7905,12,584,25,7939],"class_list":{"0":"post-183523","1":"post","2":"type-post","3":"status-publish","4":"format-standard","5":"has-post-thumbnail","7":"category-rennes","8":"tag-actu","9":"tag-actualites","10":"tag-bretagne","11":"tag-eu","12":"tag-europe","13":"tag-faits-divers","14":"tag-fr","15":"tag-france","16":"tag-incendie","17":"tag-le-blosne","18":"tag-news","19":"tag-rennes","20":"tag-republique-francaise","21":"tag-videosurveillance"},"share_on_mastodon":{"url":"https:\/\/pubeurope.com\/@fr\/114699153154327678","error":""},"_links":{"self":[{"href":"https:\/\/www.europesays.com\/fr\/wp-json\/wp\/v2\/posts\/183523","targetHints":{"allow":["GET"]}}],"collection":[{"href":"https:\/\/www.europesays.com\/fr\/wp-json\/wp\/v2\/posts"}],"about":[{"href":"https:\/\/www.europesays.com\/fr\/wp-json\/wp\/v2\/types\/post"}],"author":[{"embeddable":true,"href":"https:\/\/www.europesays.com\/fr\/wp-json\/wp\/v2\/users\/2"}],"replies":[{"embeddable":true,"href":"https:\/\/www.europesays.com\/fr\/wp-json\/wp\/v2\/comments?post=183523"}],"version-history":[{"count":0,"href":"https:\/\/www.europesays.com\/fr\/wp-json\/wp\/v2\/posts\/183523\/revisions"}],"wp:featuredmedia":[{"embeddable":true,"href":"https:\/\/www.europesays.com\/fr\/wp-json\/wp\/v2\/media\/183524"}],"wp:attachment":[{"href":"https:\/\/www.europesays.com\/fr\/wp-json\/wp\/v2\/media?parent=183523"}],"wp:term":[{"taxonomy":"category","embeddable":true,"href":"https:\/\/www.europesays.com\/fr\/wp-json\/wp\/v2\/categories?post=183523"},{"taxonomy":"post_tag","embeddable":true,"href":"https:\/\/www.europesays.com\/fr\/wp-json\/wp\/v2\/tags?post=183523"}],"curies":[{"name":"wp","href":"https:\/\/api.w.org\/{rel}","templated":true}]}}