{"id":183525,"date":"2025-06-17T14:22:14","date_gmt":"2025-06-17T14:22:14","guid":{"rendered":"https:\/\/www.europesays.com\/fr\/183525\/"},"modified":"2025-06-17T14:22:14","modified_gmt":"2025-06-17T14:22:14","slug":"administration-mathieu-duhamel-quitte-la-prefecture-du-bas-rhin","status":"publish","type":"post","link":"https:\/\/www.europesays.com\/fr\/183525\/","title":{"rendered":"Administration. Mathieu Duhamel quitte la pr\u00e9fecture du Bas-Rhin"},"content":{"rendered":"<p>Mathieu Duhamel avait pris ses fonctions de secr\u00e9taire g\u00e9n\u00e9ral de la pr\u00e9fecture du Bas-Rhin en d\u00e9cembre\u00a02020. Cet administrateur civil, n\u00e9 en 1982 \u00e0 Thionville (Moselle), dipl\u00f4m\u00e9 de l\u2019ENA (promotion Aristide-Briand), avait auparavant occup\u00e9 d\u2019autres fonctions dans la pr\u00e9fectorale\u00a0: sous-pr\u00e9fet de l\u2019Aube, secr\u00e9taire g\u00e9n\u00e9ral de la pr\u00e9fecture, directeur de cabinet du pr\u00e9fet des Hauts-de-Seine.<\/p>\n<p>Au Journal officiel du 13\u00a0juin, a \u00e9t\u00e9 inscrite la nomination de M. Duhamel comme sous-pr\u00e9fet de Bayonne. Il y remplacera Fabrice Rosay, 59 ans, devenu pr\u00e9fet et secr\u00e9taire g\u00e9n\u00e9ral de la pr\u00e9fecture du Rh\u00f4ne, \u00e0 Lyon.<\/p>\n","protected":false},"excerpt":{"rendered":"Mathieu Duhamel avait pris ses fonctions de secr\u00e9taire g\u00e9n\u00e9ral de la pr\u00e9fecture du Bas-Rhin en d\u00e9cembre\u00a02020. Cet administrateur&hellip;\n","protected":false},"author":2,"featured_media":183526,"comment_status":"","ping_status":"","sticky":false,"template":"","format":"standard","meta":{"footnotes":""},"categories":[2820],"tags":[1111,11,2389,2649,1777,674,1011,27,775,12,316,25,104,640],"class_list":{"0":"post-183525","1":"post","2":"type-post","3":"status-publish","4":"format-standard","5":"has-post-thumbnail","7":"category-strasbourg","8":"tag-actu","9":"tag-actualites","10":"tag-alsace","11":"tag-bas-rhin","12":"tag-eu","13":"tag-europe","14":"tag-fr","15":"tag-france","16":"tag-grand-est","17":"tag-news","18":"tag-politique","19":"tag-republique-francaise","20":"tag-societe","21":"tag-strasbourg"},"share_on_mastodon":{"url":"https:\/\/pubeurope.com\/@fr\/114699157172603857","error":""},"_links":{"self":[{"href":"https:\/\/www.europesays.com\/fr\/wp-json\/wp\/v2\/posts\/183525","targetHints":{"allow":["GET"]}}],"collection":[{"href":"https:\/\/www.europesays.com\/fr\/wp-json\/wp\/v2\/posts"}],"about":[{"href":"https:\/\/www.europesays.com\/fr\/wp-json\/wp\/v2\/types\/post"}],"author":[{"embeddable":true,"href":"https:\/\/www.europesays.com\/fr\/wp-json\/wp\/v2\/users\/2"}],"replies":[{"embeddable":true,"href":"https:\/\/www.europesays.com\/fr\/wp-json\/wp\/v2\/comments?post=183525"}],"version-history":[{"count":0,"href":"https:\/\/www.europesays.com\/fr\/wp-json\/wp\/v2\/posts\/183525\/revisions"}],"wp:featuredmedia":[{"embeddable":true,"href":"https:\/\/www.europesays.com\/fr\/wp-json\/wp\/v2\/media\/183526"}],"wp:attachment":[{"href":"https:\/\/www.europesays.com\/fr\/wp-json\/wp\/v2\/media?parent=183525"}],"wp:term":[{"taxonomy":"category","embeddable":true,"href":"https:\/\/www.europesays.com\/fr\/wp-json\/wp\/v2\/categories?post=183525"},{"taxonomy":"post_tag","embeddable":true,"href":"https:\/\/www.europesays.com\/fr\/wp-json\/wp\/v2\/tags?post=183525"}],"curies":[{"name":"wp","href":"https:\/\/api.w.org\/{rel}","templated":true}]}}