{"id":183527,"date":"2025-06-17T14:23:10","date_gmt":"2025-06-17T14:23:10","guid":{"rendered":"https:\/\/www.europesays.com\/fr\/183527\/"},"modified":"2025-06-17T14:23:10","modified_gmt":"2025-06-17T14:23:10","slug":"strasbourg-deuxieme-edition-du-bingo-geant-solidaire-place-kleber-le-27-juin","status":"publish","type":"post","link":"https:\/\/www.europesays.com\/fr\/183527\/","title":{"rendered":"Strasbourg. Deuxi\u00e8me \u00e9dition du bingo g\u00e9ant solidaire place Kl\u00e9ber le 27 juin"},"content":{"rendered":"<p>Pr\u00e8s de 300 participants sont attendus pour tenter leur chance <a href=\"https:\/\/www.dna.fr\/societe\/2024\/06\/05\/un-bingo-geant-place-kleber-au-coeur-du-festival-entendez-voir\" target=\"_blank\" rel=\"noopener\">au bingo g\u00e9ant solidaire<\/a> qui se tiendra le 27\u00a0juin place Kl\u00e9ber, \u00e0 Strasbourg. Plus de 50 lots sont \u00e0 remporter, le tout dans une ambiance conviviale et engag\u00e9e.<\/p>\n<p>Ce rendez-vous embl\u00e9matique s\u2019inscrit dans le cadre du festival \u00ab\u00a0Entendez-Voir\u00a0\u00bb, un \u00e9v\u00e9nement culturel et inclusif d\u00e9di\u00e9 \u00e0 l\u2019accessibilit\u00e9 artistique pour les personnes en situation de handicap visuel. Pour la deuxi\u00e8me fois, le festival s\u2019associe \u00e0 <a href=\"https:\/\/www.dna.fr\/education\/2024\/12\/06\/l-iseg-devient-l-isegcom-une-grande-ecole-entierement-dediee-a-la-communication\" target=\"_blank\" rel=\"noopener\">l\u2019Isegcom<\/a> afin de proposer ce moment fort, m\u00ealant divertissement, solidarit\u00e9 et sensibilisation.<\/p>\n<p>Ce contenu est bloqu\u00e9 car vous n&rsquo;avez pas accept\u00e9 les cookies et autres traceurs.<\/p>\n<p>En cliquant sur \u00ab J\u2019accepte \u00bb, les cookies et autres traceurs seront d\u00e9pos\u00e9s et vous pourrez visualiser les contenus  (<a href=\"\" class=\"consentModule_policy\" target=\"_blank\" title=\"Consulter la politique de protection des donn\u00e9es du fournisseur\">plus d&rsquo;informations<\/a>).<\/p>\n<p>En cliquant sur \u00ab J\u2019accepte tous les cookies \u00bb, vous autorisez des d\u00e9p\u00f4ts de cookies et autres traceurs pour le stockage de vos donn\u00e9es sur nos sites et applications \u00e0 des fins de personnalisation et de ciblage publicitaire.<\/p>\n<p class=\"consentModule_secondaryText\">Vous gardez la possibilit\u00e9 de retirer votre consentement \u00e0 tout moment en consultant notre <a href=\"https:\/\/www.dna.fr\/protection-des-donnees\" target=\"_blank\" title=\"Consulter notre politique de protection des donn\u00e9es\" rel=\"noopener\">politique de protection des donn\u00e9es<\/a>. <br \/>&#13;<br \/>\n            <a href=\"https:\/\/www.dna.fr\/culture-loisirs\/2025\/06\/17\/javascript:Didomi.notice.show()\" class=\"consentModule_cmp\" target=\"_blank\" rel=\"noopener\">G\u00e9rer mes choix<\/a>&#13;\n        <\/p>\n<p>&#13;<br \/>\n                        J&rsquo;accepte&#13;<br \/>\n            J&rsquo;accepte tous les cookies&#13;\n        <\/p>\n<p>\u00ab\u00a0C\u2019est dans le cadre de notre formation que nous organisons cet \u00e9v\u00e9nement. Cela nous promet de nous former par la pratique \u00e0 l\u2019\u00e9v\u00e9nementiel mais surtout de r\u00e9colter des dons pour une noble cause, Vue (d\u2019)ensemble. L\u2019association milite contre la s\u00e9dentarisation des d\u00e9ficients visuels en m\u00e9langeant malvoyants, non-voyants et voyants ensemble afin de partager la diversit\u00e9 des regards\u00a0\u00bb, explique Lisa Calabro, \u00e9tudiante.<\/p>\n<p>  DJ set en soir\u00e9e<\/p>\n<p>La soir\u00e9e sera rythm\u00e9e par un DJ set dynamique, des performances musicales et l\u2019animation assur\u00e9e par Isabelle Wood et Rosanna Quirci, figures du loto solidaire strasbourgeois. Gr\u00e2ce \u00e0 la g\u00e9n\u00e9rosit\u00e9 des commer\u00e7ants locaux, une pluie de cadeaux r\u00e9compensera les participants, dans un esprit de f\u00eate et d\u2019inclusion.<\/p>\n<p>Tous les b\u00e9n\u00e9fices de la soir\u00e9e seront revers\u00e9s \u00e0 l\u2019association \u00ab\u00a0Vue (d\u2019)ensemble\u00a0\u00bb, qui \u0153uvre pour une meilleure reconnaissance des personnes malvoyantes et non-voyantes \u00e0 travers la culture. Un geste g\u00e9n\u00e9reux pour un sourire partag\u00e9\u00a0: voil\u00e0 l\u2019essence m\u00eame de cette soir\u00e9e qui promet d\u2019allier plaisir, g\u00e9n\u00e9rosit\u00e9 et engagement citoyen au c\u0153ur de Strasbourg.<\/p>\n<p class=\"note\">Inscription possible par t\u00e9l\u00e9phone au 03\u00a090\u00a022\u00a014\u00a051 ou sur internet\u00a0: www.helloasso.com\/associations\/vue-d-ensemble\/evenements\/bingo-geant-2<\/p>\n","protected":false},"excerpt":{"rendered":"Pr\u00e8s de 300 participants sont attendus pour tenter leur chance au bingo g\u00e9ant solidaire qui se tiendra le&hellip;\n","protected":false},"author":2,"featured_media":183528,"comment_status":"","ping_status":"","sticky":false,"template":"","format":"standard","meta":{"footnotes":""},"categories":[2820],"tags":[1111,11,2389,2649,1687,2880,1777,674,107,1011,27,775,330,10265,12,25,640,2879],"class_list":{"0":"post-183527","1":"post","2":"type-post","3":"status-publish","4":"format-standard","5":"has-post-thumbnail","7":"category-strasbourg","8":"tag-actu","9":"tag-actualites","10":"tag-alsace","11":"tag-bas-rhin","12":"tag-culture-loisirs","13":"tag-edition-strasbourg","14":"tag-eu","15":"tag-europe","16":"tag-fil-info","17":"tag-fr","18":"tag-france","19":"tag-grand-est","20":"tag-jeux","21":"tag-loto","22":"tag-news","23":"tag-republique-francaise","24":"tag-strasbourg","25":"tag-strasbourg-ville"},"share_on_mastodon":{"url":"https:\/\/pubeurope.com\/@fr\/114699161005071412","error":""},"_links":{"self":[{"href":"https:\/\/www.europesays.com\/fr\/wp-json\/wp\/v2\/posts\/183527","targetHints":{"allow":["GET"]}}],"collection":[{"href":"https:\/\/www.europesays.com\/fr\/wp-json\/wp\/v2\/posts"}],"about":[{"href":"https:\/\/www.europesays.com\/fr\/wp-json\/wp\/v2\/types\/post"}],"author":[{"embeddable":true,"href":"https:\/\/www.europesays.com\/fr\/wp-json\/wp\/v2\/users\/2"}],"replies":[{"embeddable":true,"href":"https:\/\/www.europesays.com\/fr\/wp-json\/wp\/v2\/comments?post=183527"}],"version-history":[{"count":0,"href":"https:\/\/www.europesays.com\/fr\/wp-json\/wp\/v2\/posts\/183527\/revisions"}],"wp:featuredmedia":[{"embeddable":true,"href":"https:\/\/www.europesays.com\/fr\/wp-json\/wp\/v2\/media\/183528"}],"wp:attachment":[{"href":"https:\/\/www.europesays.com\/fr\/wp-json\/wp\/v2\/media?parent=183527"}],"wp:term":[{"taxonomy":"category","embeddable":true,"href":"https:\/\/www.europesays.com\/fr\/wp-json\/wp\/v2\/categories?post=183527"},{"taxonomy":"post_tag","embeddable":true,"href":"https:\/\/www.europesays.com\/fr\/wp-json\/wp\/v2\/tags?post=183527"}],"curies":[{"name":"wp","href":"https:\/\/api.w.org\/{rel}","templated":true}]}}