{"id":183541,"date":"2025-06-17T14:30:17","date_gmt":"2025-06-17T14:30:17","guid":{"rendered":"https:\/\/www.europesays.com\/fr\/183541\/"},"modified":"2025-06-17T14:30:17","modified_gmt":"2025-06-17T14:30:17","slug":"des-videos-exceptionnelles-avec-bigflo-et-oli-foe-manon-galy-toulouse-live-sessions-cest-parti","status":"publish","type":"post","link":"https:\/\/www.europesays.com\/fr\/183541\/","title":{"rendered":"Des vid\u00e9os exceptionnelles avec Bigflo et Oli, Fo\u00e9, Manon Galy\u2026 Toulouse Live Sessions, c&rsquo;est parti\u00a0!"},"content":{"rendered":"<p>            Par<br \/>\n        <strong><br \/>\n            <a href=\"https:\/\/actu.fr\/auteur\/gabriel-kenedi\" title=\"Consulter tous les articles de Gabriel Kenedi\" target=\"_blank\" rel=\"noopener\">Gabriel Kenedi<\/a><br \/>\n        <\/strong><\/p>\n<p>        Publi\u00e9 le<\/p>\n<p>            17 juin 2025 \u00e0 16h10        <\/p>\n<p>C\u2019est <strong>une s\u00e9rie vid\u00e9o exceptionnelle<\/strong> qui va \u00eatre diffus\u00e9e \u00e0 partir du mercredi 18 juin 2025 ! Financ\u00e9e et imagin\u00e9e par la mairie de Toulouse, elle vise \u00e0 montrer, en cinq \u00e9pisodes, toute la richesse du vivier musical toulousain en r\u00e9unissant \u2013 dans <a href=\"https:\/\/actu.fr\/occitanie\/toulouse_31555\/intermede-aux-augustins-decouvrez-le-clip-video-pour-promouvoir-la-scene-musicale-de-toulouse_61981036.html\" target=\"_blank\" rel=\"noopener\">de magnifiques lieux patrimoniaux<\/a> tels La Grave ou L\u2019H\u00f4tel Dieu \u2013 des artistes ou formations venus d\u2019univers tr\u00e8s diff\u00e9rents.<\/p>\n<p>Avec Bigflo et Oli, Berywam, Manon Galy\u2026<\/p>\n<p class=\" wall-content\">Chaque \u00e9pisode mettra ainsi en sc\u00e8ne des duos qui interpr\u00e8tent un morceau de leur r\u00e9pertoire et fusionne sur un autre :<strong> BigFlo et Oli<\/strong> avec <strong>l\u2019Orchestre national du Capitole<\/strong>, <strong>Berywam<\/strong> avec <strong>le Ch\u0153ur de l\u2019Op\u00e9ra<\/strong>,<strong> Manon Galy<\/strong> avec <strong>Fo\u00e9<\/strong>, Thibaut Garcia avec Lombre et Dinaa avec Blue Jay.\u00a0<\/p>\n<p class=\" wall-content\">Trois r\u00e9alisateurs artistiques \u2013 Corentin Apparailly, Cl\u00e9ment Libes et Luc Blanchot \u2013 ont accompagn\u00e9 ce travail. Si cette s\u00e9rie se d\u00e9roule dans des lieux historiques toulousains, c\u2019est aussi parce qu\u2019ici, la musique \u00ab\u00a0s\u2019y joue naturellement\u00a0\u00bb, indique d\u2019ailleurs la mairie de Toulouse.\u00a0\u00bb Elle peut y prendre ses quartiers permanents comme \u00e0 la Halle aux grains, s\u2019y produire en festival comme au Couvent des Jacobins et \u00e0 l\u2019H\u00f4tel-Dieu ou tenter des impromptus comme \u00e0 la Pr\u00e9fecture ou la chapelle Saint-Joseph de La Grave\u00a0\u00bb.<\/p>\n<p class=\" wall-content\">Voici le teaser du projet Toulouse Live Sessions, <strong>dont le m\u00e9dia Actu Toulouse est partenaire<\/strong> :\u00a0<\/p>\n<p class=\" wall-content\"><a href=\"https:\/\/www.instagram.com\/reel\/DK7WmSOti-V\/embed\" title=\"Ouvrir le lien sur Instagram\" target=\"_blank\" rel=\"noopener\">Visualiser le contenu sur Instagram<\/a><\/p>\n<p>Des collaborations in\u00e9dites<br \/>\n    <img   decoding=\"async\" loading=\"lazy\" src=\"https:\/\/www.europesays.com\/fr\/wp-content\/uploads\/2025\/06\/17062024-vov00383-960x640.jpg\" alt=\"dzd\" width=\"960\" height=\"640\"\/><br \/>\n    La r\u00e9alisation des vid\u00e9os a \u00e9t\u00e9 confi\u00e9e \u00e0 Cl\u00e9ment Godet. (\u00a9DR)Vid\u00e9os : en ce moment sur Actu<\/p>\n<p class=\" wall-content\">Pour couronner le tout, ce projet s\u2019inscrit dans <strong>une d\u00e9marche enti\u00e8rement locale<\/strong>. En plus des artistes et des lieux emprunt\u00e9s pour l\u2019occasion, les techniciens derri\u00e8re les cam\u00e9ras, la r\u00e9alisation (confi\u00e9e \u00e0 Cl\u00e9ment Godet) et la production sont issues de la r\u00e9gion.\u00a0<\/p>\n<p class=\" wall-content\">\u00ab\u00a0L\u2019id\u00e9e, c\u2019\u00e9tait de proposer une collaboration musicale entre les artistes qui soit in\u00e9dite. Certains morceaux ont \u00e9t\u00e9 retravaill\u00e9s tandis qua d\u2019autres ont \u00e9t\u00e9 sp\u00e9cialement cr\u00e9\u00e9s pour l\u2019occasion. Et on a eu la volont\u00e9 de faire du live, car on y est tous attach\u00e9s. Et tous les artistes ont jou\u00e9 le jeu !\u00a0\u00bb, a confi\u00e9 le r\u00e9alisateur, ce mardi, lors de la diffusion en avant-premi\u00e8re de ce projet.\u00a0<\/p>\n<p class=\" wall-content\">Que verra-t-on, donc, dans ces clips in\u00e9dits, qui seront diffus\u00e9s<a href=\"https:\/\/www.toulouse-tourisme.com\/city-of-music\/\" target=\"_blank\" rel=\"noopener\"> sur le site Internet Toulouse Tourisme<\/a> ?<\/p>\n<p>Berywam et le Choeur de l\u2019Op\u00e9ra, le 18 juin\u00a0<\/p>\n<p class=\" wall-content\">Le premier \u00e9pisode, qui sera diffus\u00e9 le 18 juin, r\u00e9unit le groupe de beatbox <strong>Berywam<\/strong> et le <strong>Ch\u0153ur de l\u2019Op\u00e9ra national du Capitol<\/strong>e. La session live a \u00e9t\u00e9 tourn\u00e9e dans les locaux de la pr\u00e9fecture de la Haute-Garonne. \u00c0 la direction musicale, Corentin Apparailly a fusionn\u00e9 les deux ensembles sur un morceau choral embl\u00e9matique de W.-A. Mozart.<\/p>\n<p>    <img   decoding=\"async\" loading=\"lazy\" src=\"https:\/\/www.europesays.com\/fr\/wp-content\/uploads\/2025\/06\/3-hd-j3-live-session-tls-12042025-cabrera-nicolas-nicolavail0095-960x640.jpg\" alt=\"Le groupe de beatbox Berywam a fait un duo \u00e9tonnant avec le Choeur de l'Op\u00e9ra national du Capitole. \" width=\"960\" height=\"640\"\/><br \/>\n    Le groupe de beatbox Berywam a fait un duo \u00e9tonnant avec le Choeur de l\u2019Op\u00e9ra national du Capitole. (\u00a9Nicolas Cabrera)Thibaut Garcia et Lombre, le 20 juin\u00a0<\/p>\n<p class=\" wall-content\">Le 20 juin, place au g\u00e9nial guitariste classique<strong> Thibaut Garcia<\/strong> en duo avec le slameur de talent <strong>Lombre<\/strong>, au Couvent des Jacobins. Cl\u00e9ment Libes les a r\u00e9unis dans son studio pour accorder leur univers sur une musique d\u2019Erik Satie dont on comm\u00e9more cette ann\u00e9e le centenaire de la disparition.<\/p>\n<p>    <img   decoding=\"async\" loading=\"lazy\" src=\"https:\/\/www.europesays.com\/fr\/wp-content\/uploads\/2025\/06\/17062024-vov00340-960x640.jpg\" alt=\"Thibault Garcia et Lombre. \" width=\"960\" height=\"640\"\/><br \/>\n    Thibaut Garcia et Lombre. (\u00a9Vincent Couzinet)Blue Jat et Dinaa, le 22 juin\u00a0<\/p>\n<p class=\" wall-content\">Le 22 juin, c\u2019est la jeune g\u00e9n\u00e9ration qui sera \u00e0 l\u2019honneur, avec Blue Jay et Dinaa, deux artistes r\u00e9unies pour l\u2019occasion dans la salle des colonnes de l\u2019h\u00f6tel Dieu. Elles ont compos\u00e9 un titre ensemble sous les bons auspices de Corentin Apparailly qui a envelopp\u00e9 leur duo dans un quatuor \u00e0 cordes et ajout\u00e9 les percussions d\u2019Ali El Alaoui.<\/p>\n<p>    <img   decoding=\"async\" loading=\"lazy\" src=\"https:\/\/www.europesays.com\/fr\/wp-content\/uploads\/2025\/06\/12-hd-j1-live-session-tls-07042025-cabrera-nicolas-nicolavail0060-960x640.jpg\" alt=\"L'artiste Blue Jay. \" width=\"960\" height=\"640\"\/><br \/>\n    L\u2019artiste Blue Jay. (\u00a9Nicolas Cabrera)Manon Galy et Fo\u00e9, le 24 juin\u00a0<\/p>\n<p class=\" wall-content\">Le 24 juin, place \u00e0 la violoniste Manon Galy et au chanteur Fo\u00e9, deux anciens \u00e9l\u00e8ves du Conservatoire r\u00e9unis dans l\u2019incroyable \u00e9crin de la Chapelle La Grave.<\/p>\n<p>    <img   decoding=\"async\" loading=\"lazy\" src=\"https:\/\/www.europesays.com\/fr\/wp-content\/uploads\/2025\/06\/2-hd-j2-live-session-tls-08042025-cabrera-nicolas-nicolavail0010-960x640.jpg\" alt=\"Fo\u00e9 et Manon Galy. \" width=\"960\" height=\"640\"\/><br \/>\n    Fo\u00e9 et Manon Galy. (\u00a9Nicolas Cabrera)Bigflo et Oli et l\u2019Orchestre national du Capitole, le 26 juin\u00a0<\/p>\n<p class=\" wall-content\">Et pour finir, c\u2019est l\u2019iconique duo toulousain Bigflo et Oli qui est associ\u00e9 au non moins prestigieux Orchestre national du Capitole, \u00e0 la Halle aux Grains. Sous la direction de Jean-Guy Olive, l\u2019Orchestre a interpr\u00e9t\u00e9 un morceau de Ravel puis a accompagn\u00e9 le duo sur un morceau sorti il y a dix ans : \u00ab\u00a0Je suis\u00a0\u00bb. \u00c0 voir le 26 juin !\u00a0<\/p>\n<p>    <img   decoding=\"async\" loading=\"lazy\" src=\"https:\/\/www.europesays.com\/fr\/wp-content\/uploads\/2025\/06\/9-hd-j4-live-session-tls-30042025-cabrera-nicolas-nicolavail0044-960x640.jpg\" alt=\"Bigflo et Oli ont fait un duo avec l'Orchestre national du Capitole de Toulouse. Quand deux institutions toulousaines se rencontrent ! \" width=\"960\" height=\"640\"\/><br \/>\n    Bigflo et Oli ont fait un duo avec l\u2019Orchestre national du Capitole de Toulouse. Quand deux institutions toulousaines se rencontrent ! (\u00a9Nicolas Cabrera)\u00ab\u00a0Mettre en valeur la richesse musicale\u00a0\u00bb<\/p>\n<p class=\" wall-content\">Avec Toulouse Live Sessions c\u2019est donc tout un pan de l\u2019histoire toulousaine que la mairie a souhait\u00e9 mettre en valeur, note Francis Grass, adjoint en charge de la culture. \u00ab En 2023, on avait eu cette<strong> distinction par l\u2019Unesco<\/strong> qui a d\u00e9sign\u00e9 Toulouse comme ville des musiques. C\u2019est une reconnaissance qui vient r\u00e9compenser une histoire musicale qui est tr\u00e8s ancienne \u00e0 Toulouse \u00bb.<\/p>\n<p class=\" wall-content\">L\u2019\u00e9lu ajoute : \u00ab\u00a0Il y a eu un th\u00e9\u00e2tre antique \u00e0 l\u2019\u00e9poque romaine, o\u00f9 le th\u00e9\u00e2tre \u00e9tait chant\u00e9. Plus tard, les Jeux Floraux et les Troubadours ont laiss\u00e9 une trace importante. Au XIVe si\u00e8cle, la Couble de Toulouse formait d\u00e9j\u00e0 une sorte d\u2019orchestre municipal. Et les Conservatoires sont n\u00e9s d\u00e8s le XIXe si\u00e8cle. Il y a donc depuis tr\u00e8s longtemps une vie musicale et populaire \u00e0 Toulouse. On ne va pas refaire toute l\u2019histoire, mais il y a encore aujourd\u2019hui une richesse musicale exceptionnelle dans tous les domaines. Une vitalit\u00e9 exceptionnelle ! On a donc voulu mettre en valeur cette richesse musicale \u00e0 travers ces cinq courts-m\u00e9trages\u00a0\u00bb.\u00a0<\/p>\n<p>\u00ab\u00a0Une v\u00e9ritable \u00e9motion !\u00a0\u00bb<\/p>\n<p class=\" wall-content\">Il y avait toutefois un \u00e9cueil \u00e0 \u00e9viter absolument, selon Francis Grass : \u00ab Pour nous, il ne s\u2019agit pas d\u2019opposer musiques populaires et musiques savantes, d\u2019ailleurs \u00e7a n\u2019a pas beaucoup de sens ! La musique est un langage universel et l\u2019essence de la musique est toujours populaire ! D\u2019ailleurs, quand Bigflo et Oli sont venus \u00e0 la Halle aux Grains pour l\u2019enregistrement, Oli m\u2019a dit que jouer avec l\u2019Orchestre du Capitole, c\u2019\u00e9tait le Graal, et une v\u00e9ritable \u00e9motion pour eux ! \u00bb Une \u00e9motion qui devrait se retranscrire dans les vid\u00e9os pr\u00e9sent\u00e9es ces prochains jours.\u00a0<\/p>\n<p><strong>\u00c0 savoir :<\/strong><br \/>\nLes vid\u00e9os seront d\u00e9voil\u00e9es tous les deux jours \u00e0 partir du 18 juin et accessible <a href=\"https:\/\/www.toulouse-tourisme.com\/city-of-music\/\" target=\"_blank\" rel=\"noopener\">sur le site toulouse-tourisme.com<\/a> <br \/>\n18 juin : Berywam et le Ch\u0153ur de l\u2019Op\u00e9ra national du Capitole \u00e0 la Pr\u00e9fecture<br \/>\n20 juin : Dinaa et Blue Jay dans la salle des colonnes de l\u2019H\u00f4tel-Dieu<br \/>\n22 juin : Thibaut Garcia et Lombre dans le Couvent des Jacobins<br \/>\n24 juin : Manon Galy avec Fo\u00e9 dans la Chapelle Saint-Joseph de La Grave<br \/>\n26 juin : BigFlo et Oli et l\u2019Orchestre national du Capitole \u00e0 la Halle aux grains<\/p>\n<p class=\" wall-content\">Suivez toute l\u2019actualit\u00e9 de vos villes et m\u00e9dias favoris en vous inscrivant \u00e0 <a href=\"https:\/\/moncompte.actu.fr\" title=\"D\u00e9couvez Mon Actu\" rel=\"nofollow noopener\" data-trk=\"{&quot;cta&quot;:{&quot;action&quot;:&quot;https:\\\/\\\/moncompte.actu.fr&quot;,&quot;category&quot;:&quot;mon compte&quot;,&quot;from&quot;:&quot;article footer&quot;,&quot;name&quot;:&quot;Mon actu&quot;,&quot;type&quot;:&quot;cta&quot;}}\" target=\"_blank\">Mon Actu<\/a>.<\/p>\n<p>                    <script async src=\"\/\/www.instagram.com\/embed.js\"><\/script><\/p>\n","protected":false},"excerpt":{"rendered":"Par Gabriel Kenedi Publi\u00e9 le 17 juin 2025 \u00e0 16h10 C\u2019est une s\u00e9rie vid\u00e9o exceptionnelle qui va \u00eatre&hellip;\n","protected":false},"author":2,"featured_media":183542,"comment_status":"","ping_status":"","sticky":false,"template":"","format":"standard","meta":{"footnotes":""},"categories":[2816],"tags":[1111,11,7642,4519,1777,674,1011,27,1652,12,2680,25,2312],"class_list":{"0":"post-183541","1":"post","2":"type-post","3":"status-publish","4":"format-standard","5":"has-post-thumbnail","7":"category-toulouse","8":"tag-actu","9":"tag-actualites","10":"tag-bigflo-et-oli","11":"tag-capitole","12":"tag-eu","13":"tag-europe","14":"tag-fr","15":"tag-france","16":"tag-loisirs-culture","17":"tag-news","18":"tag-occitanie","19":"tag-republique-francaise","20":"tag-toulouse"},"share_on_mastodon":{"url":"https:\/\/pubeurope.com\/@fr\/114699188744317187","error":""},"_links":{"self":[{"href":"https:\/\/www.europesays.com\/fr\/wp-json\/wp\/v2\/posts\/183541","targetHints":{"allow":["GET"]}}],"collection":[{"href":"https:\/\/www.europesays.com\/fr\/wp-json\/wp\/v2\/posts"}],"about":[{"href":"https:\/\/www.europesays.com\/fr\/wp-json\/wp\/v2\/types\/post"}],"author":[{"embeddable":true,"href":"https:\/\/www.europesays.com\/fr\/wp-json\/wp\/v2\/users\/2"}],"replies":[{"embeddable":true,"href":"https:\/\/www.europesays.com\/fr\/wp-json\/wp\/v2\/comments?post=183541"}],"version-history":[{"count":0,"href":"https:\/\/www.europesays.com\/fr\/wp-json\/wp\/v2\/posts\/183541\/revisions"}],"wp:featuredmedia":[{"embeddable":true,"href":"https:\/\/www.europesays.com\/fr\/wp-json\/wp\/v2\/media\/183542"}],"wp:attachment":[{"href":"https:\/\/www.europesays.com\/fr\/wp-json\/wp\/v2\/media?parent=183541"}],"wp:term":[{"taxonomy":"category","embeddable":true,"href":"https:\/\/www.europesays.com\/fr\/wp-json\/wp\/v2\/categories?post=183541"},{"taxonomy":"post_tag","embeddable":true,"href":"https:\/\/www.europesays.com\/fr\/wp-json\/wp\/v2\/tags?post=183541"}],"curies":[{"name":"wp","href":"https:\/\/api.w.org\/{rel}","templated":true}]}}