{"id":183554,"date":"2025-06-17T14:37:12","date_gmt":"2025-06-17T14:37:12","guid":{"rendered":"https:\/\/www.europesays.com\/fr\/183554\/"},"modified":"2025-06-17T14:37:12","modified_gmt":"2025-06-17T14:37:12","slug":"le-maire-ecologiste-de-lyon-affiche-son-soutien-a-la-reconnaissance-de-letat-palestinien-et-ecrit-a-emmanuel-macron","status":"publish","type":"post","link":"https:\/\/www.europesays.com\/fr\/183554\/","title":{"rendered":"Le maire \u00e9cologiste de Lyon affiche son soutien \u00e0 la reconnaissance de l\u2019\u00c9tat palestinien et \u00e9crit \u00e0 Emmanuel Macron"},"content":{"rendered":"<p>Reconna\u00eetre la souverainet\u00e9 palestinienne serait une \u00ab\u00e9tape incontournable vers une solution politique au conflit\u00bb, selon le maire de Lyon Gr\u00e9gory Doucet.<\/p>\n<p class=\"fig-paragraph\">Le maire \u00e9cologiste de Lyon, Gr\u00e9gory Doucet, a appel\u00e9 mardi Emmanuel Macron \u00e0 \u00abreconna\u00eetre officiellement l&rsquo;\u00c9tat de Palestine\u00bb. Une b\u00e2che violette a notamment \u00e9t\u00e9 d\u00e9ploy\u00e9e sur une grille de la mairie avec les messages \u00abCessez-le-feu imm\u00e9diat \u00e0 Gaza\u00bb, \u00abLib\u00e9ration des otages\u00bb, \u00abRespect du droit international\u00bb et \u00abReconnaissance de l&rsquo;\u00c9tat de Palestine\u00bb. En m\u00eame temps,\u00a0<a href=\"http:\/\/www.lefigaro.fr\/lyon\/apres-la-garde-a-vue-de-gregory-doucet-le-role-des-charges-de-mission-a-la-mairie-de-lyon-interroge-20250410\" data-fig-type=\"NewsFlash\" data-gtm-custom-categorie=\"navigation\" data-gtm-custom-action=\"crossclick\" data-gtm-custom-label=\"Contextuel\" data-gtm-event=\"customEventSPE\" data-fig-domain=\"LEFIGARO\" rel=\"nofollow noopener\" target=\"_blank\">Gr\u00e9gory Doucet<\/a>\u00a0a \u00e9crit au pr\u00e9sident pour lui faire part de sa \u00abprofonde inqui\u00e9tude\u00bb concernant\u00a0<a href=\"http:\/\/www.lefigaro.fr\/flash-actu\/la-conference-a-l-onu-sur-l-etat-palestinien-reportee-mais-sera-organisee-au-plus-vite-dit-macron-20250613\" data-fig-type=\"NewsFlash\" data-gtm-custom-categorie=\"navigation\" data-gtm-custom-action=\"crossclick\" data-gtm-custom-label=\"Contextuel\" data-gtm-event=\"customEventSPE\" data-fig-domain=\"LEFIGARO\" rel=\"nofollow noopener\" target=\"_blank\">le report d&rsquo;une conf\u00e9rence internationale \u00e0 l&rsquo;ONU<\/a>\u00a0sur une solution \u00ab\u00e0 deux \u00c9tats\u00bb, qu&rsquo;Emmanuel Macron devait copr\u00e9sider mercredi avec l&rsquo;Arabie saoudite.<\/p>\n<p class=\"fig-paragraph\">\u00abCe rendez-vous \u00e9tait attendu comme un tournant historique\u00bb, \u00e9crit le maire de Lyon, pour qui reconna\u00eetre la souverainet\u00e9 palestinienne serait une \u00ab\u00e9tape incontournable vers une solution politique au conflit\u00bb. Emmanuel Macron avait annonc\u00e9 que la France pourrait rejoindre \u00aben juin\u00bb pr\u00e8s de 150 pays ayant d\u00e9j\u00e0 reconnu l&rsquo;\u00c9tat palestinien, dont des Europ\u00e9ens comme l&rsquo;Espagne, l&rsquo;Irlande ou la Norv\u00e8ge. Depuis, il a envoy\u00e9 des signaux contradictoires sur sa volont\u00e9 de franchir ce pas.<\/p>\n<p class=\"fig-paragraph\">Vendredi, alors qu&rsquo;Isra\u00ebl entamait des frappes sur l&rsquo;Iran, il a annonc\u00e9 que la conf\u00e9rence de New York devait \u00eatre report\u00e9e \u00abpour des raisons logistiques et s\u00e9curitaires\u00bb, tout en promettant qu&rsquo;elle aurait \u00ablieu au plus vite\u00bb. Dans sa lettre, Gr\u00e9gory Doucet lui apporte \u00able soutien r\u00e9solu de la Ville de Lyon\u00bb pour avancer sans tarder. \u00abIl est temps pour la France d&rsquo;\u00e9crire une page juste, forte et \u00e0 la hauteur de ses valeurs\u00bb, \u00e9crit le maire. \u00abLa situation \u00e0 Gaza atteint chaque jour de nouveaux sommets de d\u00e9vastation humaine\u00bb, regrette-il en mentionnant les \u00ab14.500 enfants tu\u00e9s \u00e0 Gaza depuis le d\u00e9but de la guerre\u00bb.<\/p>\n","protected":false},"excerpt":{"rendered":"Reconna\u00eetre la souverainet\u00e9 palestinienne serait une \u00ab\u00e9tape incontournable vers une solution politique au conflit\u00bb, selon le maire de&hellip;\n","protected":false},"author":2,"featured_media":183555,"comment_status":"","ping_status":"","sticky":false,"template":"","format":"standard","meta":{"footnotes":""},"categories":[1889],"tags":[1111,11,5273,2430,5299,5272,5312,5296,5285,1777,674,5293,1011,27,5303,5311,5301,5279,5275,5313,5276,5300,5302,5280,5298,5281,5306,5305,5308,5309,5284,5294,5297,5269,5271,5268,5270,5267,2428,5295,5307,5277,5304,5283,12,978,3518,5274,25,2431,5314,5288,5292,5289,5291,5290,5315,5282,5286,5310,5287,5278],"class_list":{"0":"post-183554","1":"post","2":"type-post","3":"status-publish","4":"format-standard","5":"has-post-thumbnail","7":"category-lyon","8":"tag-actu","9":"tag-actualites","10":"tag-ainay","11":"tag-auvergne-rhone-alpes","12":"tag-bellecombe","13":"tag-bellecour","14":"tag-champvert-nord","15":"tag-champvert-sud","16":"tag-clos-jouve","17":"tag-eu","18":"tag-europe","19":"tag-fourviere","20":"tag-fr","21":"tag-france","22":"tag-gerland","23":"tag-gorge-de-loup","24":"tag-jean-mace","25":"tag-la-buire","26":"tag-la-confluence","27":"tag-la-duchere","28":"tag-la-guillotiere-nord-prefecture","29":"tag-la-guillotiere-sud","30":"tag-la-mouche","31":"tag-la-part-dieu","32":"tag-la-tete-dor","33":"tag-la-villette","34":"tag-laennec","35":"tag-le-bachut","36":"tag-le-grand-trou","37":"tag-le-moulin-a-vent","38":"tag-le-plateau-de-la-croix-rousse","39":"tag-le-point-du-jour","40":"tag-les-brotteaux","41":"tag-les-chartreux","42":"tag-les-cordeliers","43":"tag-les-pentes-de-la-croix-rousse","44":"tag-les-terreaux","45":"tag-les-traboules","46":"tag-lyon","47":"tag-menival","48":"tag-mermoz","49":"tag-moncey","50":"tag-monplaisir","51":"tag-montchat","52":"tag-news","53":"tag-olympique-lyonnais","54":"tag-palestine","55":"tag-perrache","56":"tag-republique-francaise","57":"tag-rhone-alpes","58":"tag-rochecardon-industrie","59":"tag-saint-georges","60":"tag-saint-irenee","61":"tag-saint-jean","62":"tag-saint-just","63":"tag-saint-paul","64":"tag-saint-rambert-lile-barbe","65":"tag-sans-souci-dauphine","66":"tag-serin-saint-charles","67":"tag-vaise","68":"tag-vieux-lyon","69":"tag-voltaire"},"share_on_mastodon":{"url":"","error":"Validation failed: Text character limit of 500 exceeded"},"_links":{"self":[{"href":"https:\/\/www.europesays.com\/fr\/wp-json\/wp\/v2\/posts\/183554","targetHints":{"allow":["GET"]}}],"collection":[{"href":"https:\/\/www.europesays.com\/fr\/wp-json\/wp\/v2\/posts"}],"about":[{"href":"https:\/\/www.europesays.com\/fr\/wp-json\/wp\/v2\/types\/post"}],"author":[{"embeddable":true,"href":"https:\/\/www.europesays.com\/fr\/wp-json\/wp\/v2\/users\/2"}],"replies":[{"embeddable":true,"href":"https:\/\/www.europesays.com\/fr\/wp-json\/wp\/v2\/comments?post=183554"}],"version-history":[{"count":0,"href":"https:\/\/www.europesays.com\/fr\/wp-json\/wp\/v2\/posts\/183554\/revisions"}],"wp:featuredmedia":[{"embeddable":true,"href":"https:\/\/www.europesays.com\/fr\/wp-json\/wp\/v2\/media\/183555"}],"wp:attachment":[{"href":"https:\/\/www.europesays.com\/fr\/wp-json\/wp\/v2\/media?parent=183554"}],"wp:term":[{"taxonomy":"category","embeddable":true,"href":"https:\/\/www.europesays.com\/fr\/wp-json\/wp\/v2\/categories?post=183554"},{"taxonomy":"post_tag","embeddable":true,"href":"https:\/\/www.europesays.com\/fr\/wp-json\/wp\/v2\/tags?post=183554"}],"curies":[{"name":"wp","href":"https:\/\/api.w.org\/{rel}","templated":true}]}}