{"id":183566,"date":"2025-06-17T14:43:10","date_gmt":"2025-06-17T14:43:10","guid":{"rendered":"https:\/\/www.europesays.com\/fr\/183566\/"},"modified":"2025-06-17T14:43:10","modified_gmt":"2025-06-17T14:43:10","slug":"mais-ou-va-se-trouver-la-promenade-michou","status":"publish","type":"post","link":"https:\/\/www.europesays.com\/fr\/183566\/","title":{"rendered":"Mais o\u00f9 va se trouver la promenade Michou ?"},"content":{"rendered":"<p><strong>\u00ab\u00a0Ministre de la nuit\u00a0\u00bb &#8211; Le c\u00e9l\u00e8bre tenancier du cabaret \u00ab\u00a0chez Michou\u00a0\u00bb \u00e0 Montmartre, d\u00e9c\u00e9d\u00e9 en\u00a02020, a d\u00e9sormais une promenade \u00e0 son nom dans la capitale entre les 9e et 18e arrondissements<\/strong><\/p>\n<p>Apr\u00e8s les rockstars Johnny Hallyday, David Bowie ou Jim Morrison, <a href=\"https:\/\/www.20minutes.fr\/paris\/?at_medium=RSS%20feed&amp;at_campaign=ynews&amp;utm_source=yahoo&amp;utm_medium=rss&amp;utm_campaign=news_feed&amp;utm_content=in_article_link\" rel=\"nofollow noopener\" target=\"_blank\" data-ylk=\"slk:Paris;elm:context_link;itc:0;sec:content-canvas\" class=\"link \">Paris <\/a>passe au cabaret. En avril, la capitale a inaugur\u00e9 une <a href=\"https:\/\/www.20minutes.fr\/paris\/4147957-20250411-devinez-star-rock-va-avoir-passerelle-paris?at_medium=RSS%20feed&amp;at_campaign=ynews&amp;utm_source=yahoo&amp;utm_medium=rss&amp;utm_campaign=news_feed&amp;utm_content=in_article_link\" rel=\"nofollow noopener\" target=\"_blank\" data-ylk=\"slk:passerelle en l\u2019honneur du chanteur des Doors;elm:context_link;itc:0;sec:content-canvas\" class=\"link \">passerelle en l\u2019honneur du chanteur des Doors<\/a> dans le port de l\u2019Arsenal (12e\u00a0arrondissement). Pr\u00e9c\u00e9demment, elle s\u2019\u00e9tait dot\u00e9e d\u2019une <a href=\"https:\/\/www.20minutes.fr\/paris\/3124051-20210914-hommage-johnny-hallyday-esplanade-bercy-porte-nom-ca-va-permettre-reunir-entre-fans?at_medium=RSS%20feed&amp;at_campaign=ynews&amp;utm_source=yahoo&amp;utm_medium=rss&amp;utm_campaign=news_feed&amp;utm_content=in_article_link\" rel=\"nofollow noopener\" target=\"_blank\" data-ylk=\"slk:esplanade Johnny-Hallyday;elm:context_link;itc:0;sec:content-canvas\" class=\"link \">esplanade Johnny-Hallyday<\/a> \u00e0 c\u00f4t\u00e9 de Bercy et d\u2019une rue David-Bowie dans le 13e. Ce mardi, c\u2019est une promenade <a href=\"https:\/\/www.20minutes.fr\/people\/diaporama-14145-bleu-blue-blues-michou-quittes?at_medium=RSS%20feed&amp;at_campaign=ynews&amp;utm_source=yahoo&amp;utm_medium=rss&amp;utm_campaign=news_feed&amp;utm_content=in_article_link\" rel=\"nofollow noopener\" target=\"_blank\" data-ylk=\"slk:Michou;elm:context_link;itc:0;sec:content-canvas\" class=\"link \">Michou<\/a> qui va appara\u00eetre entre les 9e et 18e arrondissements.<\/p>\n<p>C\u2019est le terre-plein central du boulevard Marguerite-de-Rochechouart, entre les rues des Martyrs et Dancourt, qui prend le nom de cette figure du monde de la nuit connu pour son cabaret \u00e0 Montmartre. Michou le \u00ab\u00a0Ministre de la Nuit\u00a0\u00bb de la \u00ab\u00a0R\u00e9publique de Montmartre\u00a0\u00bb est <a href=\"https:\/\/www.20minutes.fr\/arts-stars\/culture\/2703971-20200126-artistes-politiques-anonymes-saluent-michou-figure-tolerance-prince-montmatre?at_medium=RSS%20feed&amp;at_campaign=ynews&amp;utm_source=yahoo&amp;utm_medium=rss&amp;utm_campaign=news_feed&amp;utm_content=in_article_link\" rel=\"nofollow noopener\" target=\"_blank\" data-ylk=\"slk:d\u00e9c\u00e9d\u00e9 en\u00a02020;elm:context_link;itc:0;sec:content-canvas\" class=\"link \">d\u00e9c\u00e9d\u00e9 en\u00a02020<\/a>.<\/p>\n<p><a href=\"https:\/\/www.20minutes.fr\/paris\/4158975-20250617-paris-va-trouver-promenade-michou?at_medium=RSS%20feed&amp;at_campaign=ynews&amp;utm_source=yahoo&amp;utm_medium=rss&amp;utm_campaign=news_feed&amp;utm_content=read_more_link&quot;\" rel=\"nofollow noopener\" target=\"_blank\" data-ylk=\"slk:Lire la suite sur 20minutes;elm:context_link;itc:0;sec:content-canvas\" class=\"link \">Lire la suite sur 20minutes<\/a><\/p>\n<p>\u00c0 lire aussi :<br \/><a href=\"https:\/\/www.20minutes.fr\/paris\/2545111-20190624-paris-montmartre-change-comme-resterai-toujours?at_medium=RSS%20feed&amp;at_campaign=ynews&amp;utm_source=yahoo&amp;utm_medium=rss&amp;utm_campaign=news_feed&amp;utm_content=related_content_link\" rel=\"nofollow noopener\" target=\"_blank\" data-ylk=\"slk:VIDEO. Paris: \u00abMontmartre a chang\u00e9, comme moi, et j\u2019y resterai pour toujours\u00bb;elm:context_link;itc:0;sec:content-canvas\" class=\"link \">VIDEO. Paris: \u00abMontmartre a chang\u00e9, comme moi, et j\u2019y resterai pour toujours\u00bb<\/a><br \/><a href=\"https:\/\/www.20minutes.fr\/arts-stars\/people\/2707959-20200131-cercueil-bleu-michou-applaudi-sortie-cabaret?at_medium=RSS%20feed&amp;at_campaign=ynews&amp;utm_source=yahoo&amp;utm_medium=rss&amp;utm_campaign=news_feed&amp;utm_content=related_content_link\" rel=\"nofollow noopener\" target=\"_blank\" data-ylk=\"slk:Le cercueil bleu de Michou applaudi \u00e0 la sortie de son cabaret;elm:context_link;itc:0;sec:content-canvas\" class=\"link \">Le cercueil bleu de Michou applaudi \u00e0 la sortie de son cabaret<\/a><\/p>\n","protected":false},"excerpt":{"rendered":"\u00ab\u00a0Ministre de la nuit\u00a0\u00bb &#8211; Le c\u00e9l\u00e8bre tenancier du cabaret \u00ab\u00a0chez Michou\u00a0\u00bb \u00e0 Montmartre, d\u00e9c\u00e9d\u00e9 en\u00a02020, a d\u00e9sormais&hellip;\n","protected":false},"author":2,"featured_media":183567,"comment_status":"","ping_status":"","sticky":false,"template":"","format":"standard","meta":{"footnotes":""},"categories":[1888],"tags":[11,6181,1777,674,1011,27,6913,1304,4909,28499,6976,7661,12,626,25],"class_list":{"0":"post-183566","1":"post","2":"type-post","3":"status-publish","4":"format-standard","5":"has-post-thumbnail","7":"category-paris","8":"tag-actualites","9":"tag-david-bowie","10":"tag-eu","11":"tag-europe","12":"tag-fr","13":"tag-france","14":"tag-jim-morrison","15":"tag-johnny-hallyday","16":"tag-la-capitale","17":"tag-la-nuit","18":"tag-michou","19":"tag-montmartre","20":"tag-news","21":"tag-paris","22":"tag-republique-francaise"},"share_on_mastodon":{"url":"https:\/\/pubeurope.com\/@fr\/114699239737803454","error":""},"_links":{"self":[{"href":"https:\/\/www.europesays.com\/fr\/wp-json\/wp\/v2\/posts\/183566","targetHints":{"allow":["GET"]}}],"collection":[{"href":"https:\/\/www.europesays.com\/fr\/wp-json\/wp\/v2\/posts"}],"about":[{"href":"https:\/\/www.europesays.com\/fr\/wp-json\/wp\/v2\/types\/post"}],"author":[{"embeddable":true,"href":"https:\/\/www.europesays.com\/fr\/wp-json\/wp\/v2\/users\/2"}],"replies":[{"embeddable":true,"href":"https:\/\/www.europesays.com\/fr\/wp-json\/wp\/v2\/comments?post=183566"}],"version-history":[{"count":0,"href":"https:\/\/www.europesays.com\/fr\/wp-json\/wp\/v2\/posts\/183566\/revisions"}],"wp:featuredmedia":[{"embeddable":true,"href":"https:\/\/www.europesays.com\/fr\/wp-json\/wp\/v2\/media\/183567"}],"wp:attachment":[{"href":"https:\/\/www.europesays.com\/fr\/wp-json\/wp\/v2\/media?parent=183566"}],"wp:term":[{"taxonomy":"category","embeddable":true,"href":"https:\/\/www.europesays.com\/fr\/wp-json\/wp\/v2\/categories?post=183566"},{"taxonomy":"post_tag","embeddable":true,"href":"https:\/\/www.europesays.com\/fr\/wp-json\/wp\/v2\/tags?post=183566"}],"curies":[{"name":"wp","href":"https:\/\/api.w.org\/{rel}","templated":true}]}}