{"id":183568,"date":"2025-06-17T14:44:12","date_gmt":"2025-06-17T14:44:12","guid":{"rendered":"https:\/\/www.europesays.com\/fr\/183568\/"},"modified":"2025-06-17T14:44:12","modified_gmt":"2025-06-17T14:44:12","slug":"selon-moscou-larmee-nord-coreenne-va-aider-a-la-reconstruction-de-la-region-russe-de-koursk","status":"publish","type":"post","link":"https:\/\/www.europesays.com\/fr\/183568\/","title":{"rendered":"Selon Moscou, l&rsquo;arm\u00e9e nord-cor\u00e9enne va aider \u00e0 la reconstruction de la r\u00e9gion russe de Koursk"},"content":{"rendered":"<p>Des milliers de sapeurs militaires et ouvriers de l&rsquo;arm\u00e9e nord-cor\u00e9enne vont \u00eatre envoy\u00e9s par Pyongyang dans la r\u00e9gion russe de Koursk, selon Moscou. Objectif annonc\u00e9 : la reconstruction de la zone occup\u00e9e par les forces ukrainiennes entre ao\u00fbt 2024 et le printemps dernier.<\/p>\n<p>L&rsquo;annonce a \u00e9t\u00e9 faite par Moscou mardi 17 juin. Pyongyang doit envoyer plusieurs milliers de sapeurs militaires et des ouvriers de l&rsquo;arm\u00e9e nord-cor\u00e9enne pour aider \u00e0 la reconstruction de la r\u00e9gion russe de Koursk, qui avait \u00e9t\u00e9 partiellement occup\u00e9e par les forces ukrainiennes entre ao\u00fbt 2024 et le printemps dernier.<\/p>\n<p>\u00ab\u00a0Cinq mille personnes, r\u00e9unies au sein d&rsquo;une division d&rsquo;ouvriers, se chargeront de la reconstruction de la r\u00e9gion de Koursk\u00a0\u00bb, en plus de \u00ab\u00a01 000 sapeurs\u00a0\u00bb \u2013 des soldats du g\u00e9nie \u2013, a d\u00e9clar\u00e9 le secr\u00e9taire du Conseil de s\u00e9curit\u00e9 russe, Sergue\u00ef Cho\u00efgou, \u00e0 l&rsquo;issue d&rsquo;un entretien \u00e0 Pyongyang avec le dirigeant Kim Jong-un, selon les agences russes.<\/p>\n<p>Une \u00ab\u00a0aide fraternelle\u00a0\u00bb de Pyongyang<\/p>\n<p>Le responsable russe, en visite en <a href=\"https:\/\/www.france24.com\/fr\/tag\/cor\u00e9e-du-nord\/\" class=\"link \" rel=\"nofollow noopener\" target=\"_blank\" data-ylk=\"slk:Cor\u00e9e du Nord;elm:context_link;itc:0;sec:content-canvas\">Cor\u00e9e du Nord<\/a> une deuxi\u00e8me fois en moins de quinze jours, a salu\u00e9 \u00ab\u00a0l&rsquo;aide fraternelle\u00a0\u00bb de Pyongyang, d&rsquo;apr\u00e8s l&rsquo;agence russe Ria Novosti.<\/p>\n<p>Celle-ci avait \u00e9t\u00e9 en partie occup\u00e9e par l&rsquo;arm\u00e9e de Kiev apr\u00e8s un assaut d&rsquo;ampleur surprise lanc\u00e9 en ao\u00fbt 2024.<\/p>\n<p>L&rsquo;arm\u00e9e russe a reconnu qu&rsquo;un contingent de soldats nord-cor\u00e9ens avait particip\u00e9 aux combats contre les forces ukrainiennes, sans communiquer le nombre de militaires engag\u00e9s.<\/p>\n<p>La nouvelle visite de Sergue\u00ef Cho\u00efgou \u00e0 Pyongyang s&rsquo;inscrit \u00ab\u00a0dans le cadre de l&rsquo;Accord sur le partenariat global strat\u00e9gique\u00a0\u00bb entre la Russie et la Cor\u00e9e du Nord, selon le service de presse du responsable.<\/p>\n<p><a href=\"https:\/\/www.france24.com\/fr\/europe\/20250617-selon-moscou-arm%C3%A9e-nord-coreenne-va-aider-reconstruire-r%C3%A9gion-russe-koursk\" rel=\"nofollow noopener\" target=\"_blank\" data-ylk=\"slk:Lire la suite sur FRANCE 24;elm:context_link;itc:0;sec:content-canvas\" class=\"link \">Lire la suite sur FRANCE 24<\/a><\/p>\n<p>Lire aussi:<br \/><a href=\"https:\/\/www.france24.com\/fr\/info-en-continu\/20250605-kim-jong-un-promet-le-soutien-inconditionnel-de-la-cor%C3%A9e-du-nord-%C3%A0-la-russie-face-%C3%A0-l-ukraine\" rel=\"nofollow noopener\" target=\"_blank\" data-ylk=\"slk:Guerre en Ukraine : Kim Jong Un promet le &quot;soutien inconditionnel&quot; de la Cor\u00e9e du Nord \u00e0 la Russie;elm:context_link;itc:0;sec:content-canvas\" class=\"link \">Guerre en Ukraine : Kim Jong Un promet le \u00ab\u00a0soutien inconditionnel\u00a0\u00bb de la Cor\u00e9e du Nord \u00e0 la Russie<\/a><br \/><a href=\"https:\/\/www.france24.com\/fr\/%C3%A9missions\/en-t%C3%AAte-%C3%A0-t%C3%AAte\/20250616-la-russie-guerri%C3%A8re-num%C3%A9rique-agressive\" rel=\"nofollow noopener\" target=\"_blank\" data-ylk=\"slk:La Russie, guerri\u00e8re num\u00e9rique agressive;elm:context_link;itc:0;sec:content-canvas\" class=\"link \">La Russie, guerri\u00e8re num\u00e9rique agressive<\/a><\/p>\n","protected":false},"excerpt":{"rendered":"Des milliers de sapeurs militaires et ouvriers de l&rsquo;arm\u00e9e nord-cor\u00e9enne vont \u00eatre envoy\u00e9s par Pyongyang dans la r\u00e9gion&hellip;\n","protected":false},"author":2,"featured_media":183569,"comment_status":"","ping_status":"","sticky":false,"template":"","format":"standard","meta":{"footnotes":""},"categories":[1591],"tags":[11,13987,1887,9757,2794,12,32165,1885,1886,132],"class_list":{"0":"post-183568","1":"post","2":"type-post","3":"status-publish","4":"format-standard","5":"has-post-thumbnail","7":"category-russie","8":"tag-actualites","9":"tag-coree-du-nord","10":"tag-federation-de-russie","11":"tag-larmee","12":"tag-la-region","13":"tag-news","14":"tag-pyongyang","15":"tag-russia","16":"tag-russian-federation","17":"tag-russie"},"share_on_mastodon":{"url":"https:\/\/pubeurope.com\/@fr\/114699243739015585","error":""},"_links":{"self":[{"href":"https:\/\/www.europesays.com\/fr\/wp-json\/wp\/v2\/posts\/183568","targetHints":{"allow":["GET"]}}],"collection":[{"href":"https:\/\/www.europesays.com\/fr\/wp-json\/wp\/v2\/posts"}],"about":[{"href":"https:\/\/www.europesays.com\/fr\/wp-json\/wp\/v2\/types\/post"}],"author":[{"embeddable":true,"href":"https:\/\/www.europesays.com\/fr\/wp-json\/wp\/v2\/users\/2"}],"replies":[{"embeddable":true,"href":"https:\/\/www.europesays.com\/fr\/wp-json\/wp\/v2\/comments?post=183568"}],"version-history":[{"count":0,"href":"https:\/\/www.europesays.com\/fr\/wp-json\/wp\/v2\/posts\/183568\/revisions"}],"wp:featuredmedia":[{"embeddable":true,"href":"https:\/\/www.europesays.com\/fr\/wp-json\/wp\/v2\/media\/183569"}],"wp:attachment":[{"href":"https:\/\/www.europesays.com\/fr\/wp-json\/wp\/v2\/media?parent=183568"}],"wp:term":[{"taxonomy":"category","embeddable":true,"href":"https:\/\/www.europesays.com\/fr\/wp-json\/wp\/v2\/categories?post=183568"},{"taxonomy":"post_tag","embeddable":true,"href":"https:\/\/www.europesays.com\/fr\/wp-json\/wp\/v2\/tags?post=183568"}],"curies":[{"name":"wp","href":"https:\/\/api.w.org\/{rel}","templated":true}]}}