{"id":183570,"date":"2025-06-17T14:45:10","date_gmt":"2025-06-17T14:45:10","guid":{"rendered":"https:\/\/www.europesays.com\/fr\/183570\/"},"modified":"2025-06-17T14:45:10","modified_gmt":"2025-06-17T14:45:10","slug":"poutine-profite-t-il-du-g7-et-de-la-situation-en-iran-pour-intensifier-son-offensive","status":"publish","type":"post","link":"https:\/\/www.europesays.com\/fr\/183570\/","title":{"rendered":"Poutine profite-t-il du G7 et de la situation en Iran pour intensifier son offensive ?"},"content":{"rendered":"<p class=\"article-p mdl\">Pendant que les dirigeants du monde entier ont les yeux riv\u00e9s sur l&rsquo;Iran et Isra\u00ebl, la guerre en Ukraine se poursuit. Plus de 440 drones et 32 missiles ont \u00e9t\u00e9 lanc\u00e9s sur Kiev dans la nuit du lundi 16 au mardi 17 juin.<\/p>\n<p class=\"article-p mdl\">Le pr\u00e9sident ukrainien\u00a0<a class=\"link\" href=\"https:\/\/www.rtl.fr\/actu\/international\/guerre-en-ukraine-zelensky-accuse-la-russie-de-jouer-un-jeu-sale-et-politique-apres-une-nouvelle-attaque-7900513479\" title=\"Guerre en Ukraine : Zelensky accuse la Russie de jouer un jeu &quot;sale et politique&quot; apr\u00e8s une nouvelle attaque\" target=\"_blank\" rel=\"nofollow noopener\">Volodymyr Zelensky\u00a0<\/a>d\u00e9nonce <strong>l&rsquo;une des pires attaques russes<\/strong> : 15 morts dans la capitale, dont un Am\u00e9ricain et au moins une centaine de bless\u00e9s. De son c\u00f4t\u00e9, Moscou dit avoir frapp\u00e9 des infrastructures militaires.\u00a0<\/p>\n<p class=\"article-p mdl\">\u00ab\u00a0Poutine veut que la guerre continue\u00a0\u00bb, accuse \u00e9galement le pr\u00e9sident ukrainien. Le chef du Kremlin profite-t-il du\u00a0<a class=\"link\" href=\"https:\/\/www.rtl.fr\/actu\/international\/conflit-israel-iran-donald-trump-quitte-le-g7-un-jour-plus-tot-que-prevu-et-appelle-a-evacuer-teheran-7900516423\" title=\"Conflit Isra\u00ebl-Iran : Donald Trump quitte le G7 un jour plus t\u00f4t que pr\u00e9vu et appelle \u00e0 \u00e9vacuer T\u00e9h\u00e9ran\" target=\"_blank\" rel=\"nofollow noopener\">G7<\/a>\u00a0et de la situation en\u00a0<a class=\"link\" href=\"https:\/\/www.rtl.fr\/actu\/international\/les-infos-de-12h-conflit-israel-iran-son-etat-major-decime-l-ayatollah-ali-khamenei-est-il-en-danger-7900516544\" title=\"Les infos de 12h - Conflit Isra\u00ebl-Iran : son \u00e9tat-major d\u00e9cim\u00e9, l&#039;ayatollah Ali Khamenei est-il en danger ?\" target=\"_blank\" rel=\"nofollow noopener\">Iran<\/a>\u00a0pour intensifier son offensive ?<\/p>\n<p class=\"article-p mdl\">Certains sp\u00e9cialistes \u00e9voquent, dans un avenir proche, des centaines, voire un millier de frappes de drones et de missiles chaque nuit.<\/p>\n<p class=\"article-p mdl\">Par ailleurs, des experts militaires pr\u00e9voient que <strong>la Russie va augmenter la cadence de ses frappes<\/strong> afin de saturer la d\u00e9fense antia\u00e9rienne et d&#8217;emp\u00eacher les d\u00e9fenseurs d&rsquo;abattre ces projectiles qui s&rsquo;abattent sur les villes ukrainiennes.\u00a0<\/p>\n<p class=\"article-p mdl\">Des vid\u00e9os ont \u00e9merg\u00e9, montrant au petit matin, un drone kamikaze qui \u00e9ventre un immeuble d&rsquo;habitation dans les faubourgs de\u00a0<a class=\"link\" href=\"https:\/\/www.rtl.fr\/actu\/international\/guerre-en-ukraine-kiev-veut-y-mettre-fin-cette-annee-7900515118\" title=\"Guerre en Ukraine : Kiev veut y mettre fin &quot;cette ann\u00e9e&quot;\" target=\"_blank\" rel=\"nofollow noopener\">Kiev<\/a>, ou encore une autre barre d&rsquo;immeubles qui s&rsquo;est litt\u00e9ralement effondr\u00e9e, le b\u00e2timent \u00e9tant litt\u00e9ralement coup\u00e9 en deux.\u00a0<\/p>\n<p>            Les Ukrainiens ne croient plus \u00e0 la tr\u00eave<\/p>\n<p class=\"article-p mdl\">Du c\u00f4t\u00e9 de la population, l&rsquo;\u00e9motion est tr\u00e8s forte, m\u00eame s\u2019il n&rsquo;y a pas d&rsquo;effet de panique, car c&rsquo;est tout simplement le quotidien des Ukrainiens depuis trois ans, ils sont habitu\u00e9s \u00e0 vivre avec.\u00a0<\/p>\n<p class=\"article-p mdl\">Toutefois, ces derni\u00e8res semaines, l&rsquo;intensit\u00e9 des frappes a augment\u00e9, alors que sur les lignes de front, <strong>l&rsquo;arm\u00e9e russe lance une offensive d&rsquo;\u00e9t\u00e9 au sol.\u00a0<\/strong><\/p>\n<p class=\"article-p mdl\">Si les n\u00e9gociations de paix sont au centre des discussions depuis quelques semaines, <strong>en Ukraine, les habitants n\u2019y croient plus.<\/strong> Ce matin, la presse ukrainienne rel\u00e8ve que l&rsquo;administration am\u00e9ricaine est aux abonn\u00e9s absents et qu&rsquo;il s&rsquo;agit sans doute d&rsquo;une frappe sign\u00e9e\u00a0<a class=\"link\" href=\"https:\/\/www.rtl.fr\/actu\/politique\/guerre-en-ukraine-nous-devons-nous-delivrer-de-notre-dependance-aux-energies-fossiles-russes-declare-jean-noel-barrot-sur-rtl-7900515933\" title=\"Guerre en Ukraine : &quot;Nous devons nous d\u00e9livrer de notre d\u00e9pendance aux \u00e9nergies fossiles russes&quot;, d\u00e9clare Jean-No\u00ebl Barrot sur RTL\" target=\"_blank\" rel=\"nofollow noopener\">Vladimir Poutine<\/a>\u00a0au d\u00e9but du G7 au Canada.<\/p>\n<p>    La r\u00e9daction vous recommande<\/p>\n<p class=\"s-newsletter__title\">\n                L\u2019actualit\u00e9 par la r\u00e9daction de RTL dans votre bo\u00eete mail.\n            <\/p>\n<p class=\"s-newsletter__subtitle\">\n                Gr\u00e2ce \u00e0 votre compte RTL abonnez-vous \u00e0 la newsletter RTL info pour suivre toute l&rsquo;actualit\u00e9 au quotidien\n            <\/p>\n<p>\n                                    Lire la suite\n                                <\/p>\n","protected":false},"excerpt":{"rendered":"Pendant que les dirigeants du monde entier ont les yeux riv\u00e9s sur l&rsquo;Iran et Isra\u00ebl, la guerre en&hellip;\n","protected":false},"author":2,"featured_media":183571,"comment_status":"","ping_status":"","sticky":false,"template":"","format":"standard","meta":{"footnotes":""},"categories":[1590],"tags":[11,1777,674,107,23564,131,3019,664,11229,12,132,220,135,134],"class_list":{"0":"post-183570","1":"post","2":"type-post","3":"status-publish","4":"format-standard","5":"has-post-thumbnail","7":"category-ukraine","8":"tag-actualites","9":"tag-eu","10":"tag-europe","11":"tag-fil-info","12":"tag-g7","13":"tag-guerre-en-ukraine","14":"tag-iran","15":"tag-israel","16":"tag-kiev","17":"tag-news","18":"tag-russie","19":"tag-ukraine","20":"tag-vladimir-poutine","21":"tag-volodymyr-zelensky"},"share_on_mastodon":{"url":"https:\/\/pubeurope.com\/@fr\/114699247626140459","error":""},"_links":{"self":[{"href":"https:\/\/www.europesays.com\/fr\/wp-json\/wp\/v2\/posts\/183570","targetHints":{"allow":["GET"]}}],"collection":[{"href":"https:\/\/www.europesays.com\/fr\/wp-json\/wp\/v2\/posts"}],"about":[{"href":"https:\/\/www.europesays.com\/fr\/wp-json\/wp\/v2\/types\/post"}],"author":[{"embeddable":true,"href":"https:\/\/www.europesays.com\/fr\/wp-json\/wp\/v2\/users\/2"}],"replies":[{"embeddable":true,"href":"https:\/\/www.europesays.com\/fr\/wp-json\/wp\/v2\/comments?post=183570"}],"version-history":[{"count":0,"href":"https:\/\/www.europesays.com\/fr\/wp-json\/wp\/v2\/posts\/183570\/revisions"}],"wp:featuredmedia":[{"embeddable":true,"href":"https:\/\/www.europesays.com\/fr\/wp-json\/wp\/v2\/media\/183571"}],"wp:attachment":[{"href":"https:\/\/www.europesays.com\/fr\/wp-json\/wp\/v2\/media?parent=183570"}],"wp:term":[{"taxonomy":"category","embeddable":true,"href":"https:\/\/www.europesays.com\/fr\/wp-json\/wp\/v2\/categories?post=183570"},{"taxonomy":"post_tag","embeddable":true,"href":"https:\/\/www.europesays.com\/fr\/wp-json\/wp\/v2\/tags?post=183570"}],"curies":[{"name":"wp","href":"https:\/\/api.w.org\/{rel}","templated":true}]}}