{"id":183575,"date":"2025-06-17T14:48:11","date_gmt":"2025-06-17T14:48:11","guid":{"rendered":"https:\/\/www.europesays.com\/fr\/183575\/"},"modified":"2025-06-17T14:48:11","modified_gmt":"2025-06-17T14:48:11","slug":"pourquoi-les-prix-sont-plus-bas-en-allemagne-et-en-italie","status":"publish","type":"post","link":"https:\/\/www.europesays.com\/fr\/183575\/","title":{"rendered":"pourquoi les prix sont plus bas en Allemagne et en Italie"},"content":{"rendered":"<p data-start=\"967\" data-end=\"1309\">Ils sont retrait\u00e9s, parents ou simples consommateurs malins, et n\u2019habitent qu\u2019\u00e0 quelques kilom\u00e8tres de la fronti\u00e8re. Face \u00e0 la flamb\u00e9e des prix en supermarch\u00e9, de plus en plus de Fran\u00e7ais pr\u00e9f\u00e8rent faire leurs courses en <strong data-start=\"1188\" data-end=\"1201\">Allemagne<\/strong> ou en <strong data-start=\"1208\" data-end=\"1218\">Italie<\/strong>. Les \u00e9carts sont parfois spectaculaires, y compris sur des marques strictement identiques. Cette situation, document\u00e9e dans un reportage diffus\u00e9 sur TF1, soul\u00e8ve une question qui agace de nombreux clients : pourquoi un <strong data-start=\"1439\" data-end=\"1462\">produit alimentaire<\/strong> vendu en France peut-il co\u00fbter jusqu\u2019\u00e0 deux fois plus cher qu\u2019ailleurs en Europe\u202f? L\u2019enqu\u00eate donne plusieurs \u00e9l\u00e9ments de r\u00e9ponse.<\/p>\n<p>   Pourquoi certaines personnes pr\u00e9f\u00e8rent faire leurs courses en Allemagne ou en Italie <\/p>\n<p data-start=\"1661\" data-end=\"1928\">Dans le reportage, un yaourt de marque vendu <strong data-start=\"1706\" data-end=\"1716\">0,30\u202f\u20ac<\/strong> en Allemagne atteint <strong data-start=\"1738\" data-end=\"1748\">0,72\u202f\u20ac<\/strong> en France. Idem pour une bo\u00eete de caf\u00e9 : <strong data-start=\"1790\" data-end=\"1800\">2,79\u202f\u20ac<\/strong> chez nos voisins, contre <strong data-start=\"1826\" data-end=\"1836\">4,95\u202f\u20ac<\/strong> dans nos rayons. Et ces diff\u00e9rences ne concernent pas seulement les produits d\u2019importation.<\/p>\n<p data-start=\"1930\" data-end=\"2197\">Ce ph\u00e9nom\u00e8ne ne touche pas uniquement les zones frontali\u00e8res. M\u00eame dans des zones rurales \u00e9loign\u00e9es des fronti\u00e8res, certains Fran\u00e7ais organisent des vir\u00e9es group\u00e9es pour faire leurs <a href=\"https:\/\/www.maison-travaux.fr\/actualites\/budget\/economisez-courses-astuce-de-genie-ufc-que-choisir-579225.html\" rel=\"nofollow noopener\" target=\"_blank\"><strong data-start=\"2112\" data-end=\"2136\">courses alimentaires<\/strong><\/a> \u00e0 l\u2019\u00e9tranger et \u00e9conomiser jusqu\u2019\u00e0 <strong data-start=\"2172\" data-end=\"2180\">30\u202f%<\/strong> sur leur panier.<\/p>\n<p> Courses alimentaires : pourquoi ces \u00e9carts de prix entre la France et ses voisins\u202f? <\/p>\n<p data-start=\"2264\" data-end=\"2510\">Les diff\u00e9rences s\u2019expliquent en partie par les <strong data-start=\"2311\" data-end=\"2334\">marges plus \u00e9lev\u00e9es<\/strong> des distributeurs fran\u00e7ais. Selon plusieurs experts, certains grands groupes pratiquent des politiques tarifaires sp\u00e9cifiques selon les march\u00e9s, jug\u00e9s plus ou moins rentables.<\/p>\n<p data-start=\"2512\" data-end=\"2778\">\u00c0 cela s\u2019ajoutent des <strong data-start=\"2534\" data-end=\"2564\">r\u00e9glementations fran\u00e7aises<\/strong> qui peuvent influer sur les prix finaux : taxes, obligations d\u2019affichage, normes logistiques. R\u00e9sultat : <strong>un m\u00eame produit, parfois fabriqu\u00e9 dans la m\u00eame usine<\/strong>, peut avoir un prix tr\u00e8s diff\u00e9rent d\u2019un pays \u00e0 l\u2019autre. Pour d\u00e9penser moins, ces Fran\u00e7ais pr\u00e9f\u00e8rent ainsi passer de l\u00a0\u00bbautre c\u00f4t\u00e9<\/p>\n<p>\t\t\t\t<img decoding=\"async\" src=\"data:image\/svg+xml,%3Csvg%20xmlns=\" http:=\"\" width=\"100%\" height=\"auto\" data-lazy-src=\"https:\/\/www.europesays.com\/fr\/wp-content\/uploads\/2025\/06\/1750171691_262_maxresdefault.jpg\"\/><\/p>\n<p>\t\t\t\t<video width=\"100%\" height=\"360px\" controls=\"\" id=\"player_dc7536f37e7a99fd87a12caf1ba1650e\" preload=\"auto\" class=\"video-js vjs-default-skin vjs-big-play-centered\" style=\"display:none; text-align: center; margin-bottom: 4px;\" poster=\"https:\/\/www.europesays.com\/fr\/wp-content\/uploads\/2025\/06\/1750171691_262_maxresdefault.jpg\"\/><br \/>\n\t\t\t Courses alimentaires : que font les consommateurs fran\u00e7ais pour payer moins\u202f? <\/p>\n<p data-start=\"2839\" data-end=\"2927\">Face \u00e0 ces \u00e9carts, de plus en plus de foyers mettent en place des<strong> strat\u00e9gies concr\u00e8tes\u202f<\/strong>pour des <a href=\"https:\/\/www.maison-travaux.fr\/actualites\/budget\/economisez-courses-astuce-de-genie-ufc-que-choisir-579225.html\" rel=\"nofollow noopener\" target=\"_blank\">courses moins ch\u00e8res<\/a> :<\/p>\n<ul>\n<li data-start=\"2931\" data-end=\"3019\"><strong data-start=\"2931\" data-end=\"2957\">Traverser la fronti\u00e8re<\/strong> une fois par mois pour stocker les produits non p\u00e9rissables<\/li>\n<li data-start=\"3022\" data-end=\"3111\"><strong data-start=\"3022\" data-end=\"3046\">Partager les trajets<\/strong> avec d\u2019autres voisins ou amis pour diviser les frais d\u2019essence<\/li>\n<li data-start=\"3114\" data-end=\"3197\"><strong data-start=\"3114\" data-end=\"3153\">Cibler les produits chers en France<\/strong>, comme la lessive, <a href=\"https:\/\/www.maison-travaux.fr\/actualites\/budget\/produits-consommez-connaitre-flambee-historique-prix-578807.html\" rel=\"nofollow noopener\" target=\"_blank\">le caf\u00e9 ou le chocolat<\/a><\/li>\n<li data-start=\"3200\" data-end=\"3304\"><strong data-start=\"3200\" data-end=\"3227\">Comparer les \u00e9tiquettes<\/strong> : certains produits affichent le m\u00eame emballage, mais une origine diff\u00e9rente<\/li>\n<\/ul>\n<p data-start=\"3306\" data-end=\"3500\">Ce comportement est particuli\u00e8rement r\u00e9pandu en Alsace, dans les Hauts-de-France ou en Savoie, o\u00f9 les magasins frontaliers enregistrent une <strong data-start=\"3446\" data-end=\"3473\">hausse de fr\u00e9quentation<\/strong> marqu\u00e9e ces derniers mois.<\/p>\n","protected":false},"excerpt":{"rendered":"Ils sont retrait\u00e9s, parents ou simples consommateurs malins, et n\u2019habitent qu\u2019\u00e0 quelques kilom\u00e8tres de la fronti\u00e8re. Face \u00e0&hellip;\n","protected":false},"author":2,"featured_media":183576,"comment_status":"","ping_status":"","sticky":false,"template":"","format":"standard","meta":{"footnotes":""},"categories":[1587],"tags":[11,672,1804,1805,1803,1777,674,1801,12,1802,729],"class_list":{"0":"post-183575","1":"post","2":"type-post","3":"status-publish","4":"format-standard","5":"has-post-thumbnail","7":"category-allemagne","8":"tag-actualites","9":"tag-allemagne","10":"tag-bundesrepublik-deutschland","11":"tag-de","12":"tag-deutschland","13":"tag-eu","14":"tag-europe","15":"tag-germany","16":"tag-news","17":"tag-republique-federale-dallemagne","18":"tag-yout_video"},"share_on_mastodon":{"url":"https:\/\/pubeurope.com\/@fr\/114699259446965530","error":""},"_links":{"self":[{"href":"https:\/\/www.europesays.com\/fr\/wp-json\/wp\/v2\/posts\/183575","targetHints":{"allow":["GET"]}}],"collection":[{"href":"https:\/\/www.europesays.com\/fr\/wp-json\/wp\/v2\/posts"}],"about":[{"href":"https:\/\/www.europesays.com\/fr\/wp-json\/wp\/v2\/types\/post"}],"author":[{"embeddable":true,"href":"https:\/\/www.europesays.com\/fr\/wp-json\/wp\/v2\/users\/2"}],"replies":[{"embeddable":true,"href":"https:\/\/www.europesays.com\/fr\/wp-json\/wp\/v2\/comments?post=183575"}],"version-history":[{"count":0,"href":"https:\/\/www.europesays.com\/fr\/wp-json\/wp\/v2\/posts\/183575\/revisions"}],"wp:featuredmedia":[{"embeddable":true,"href":"https:\/\/www.europesays.com\/fr\/wp-json\/wp\/v2\/media\/183576"}],"wp:attachment":[{"href":"https:\/\/www.europesays.com\/fr\/wp-json\/wp\/v2\/media?parent=183575"}],"wp:term":[{"taxonomy":"category","embeddable":true,"href":"https:\/\/www.europesays.com\/fr\/wp-json\/wp\/v2\/categories?post=183575"},{"taxonomy":"post_tag","embeddable":true,"href":"https:\/\/www.europesays.com\/fr\/wp-json\/wp\/v2\/tags?post=183575"}],"curies":[{"name":"wp","href":"https:\/\/api.w.org\/{rel}","templated":true}]}}