{"id":183585,"date":"2025-06-17T14:53:18","date_gmt":"2025-06-17T14:53:18","guid":{"rendered":"https:\/\/www.europesays.com\/fr\/183585\/"},"modified":"2025-06-17T14:53:18","modified_gmt":"2025-06-17T14:53:18","slug":"500-millions-deuros-pour-la-filiere-mais-a-qui-profite-laide-liberation","status":"publish","type":"post","link":"https:\/\/www.europesays.com\/fr\/183585\/","title":{"rendered":"500\u00a0millions d\u2019euros pour la fili\u00e8re, mais \u00e0 qui profite l\u2019aide\u00a0? \u2013 Lib\u00e9ration"},"content":{"rendered":"<p class=\"sc-ksZaOG ehjQrN text-element\">On se doutait que quelque chose du genre se tramait rue de Valois. D\u00e8s l\u2019annonce par Emmanuel Macron, \u00e0 l\u2019occasion de la 42\u00e8me F\u00eate de la musique, il y a un an, d\u2019une France Music Week qui viendrait s\u2019arrimer \u00e0 la fameuse bamboche intronis\u00e9e par Jack Lang. Car \u00e0 quoi servirait une semaine d\u2019\u00e9v\u00e9nements cornaqu\u00e9e pour les professionnels de la musique quand existent d\u00e9j\u00e0 deux \u00e9v\u00e9nements d\u2019ampleur en France dont le minist\u00e8re de la Culture ne peut ignorer l\u2019existence pour y avoir particip\u00e9 souvent, le Midem et le MaMA Music &amp; Convention, sinon \u00e0 venir claironner le d\u00e9ploiement de nouvelles aides financi\u00e8res ?<\/p>\n<p class=\"sc-ksZaOG ehjQrN text-element\">A l\u2019heure du lancement lundi, dans la cour d\u2019honneur du Palais-Royal, de cet \u00e9v\u00e9nement tr\u00e8s com et international, organis\u00e9 en cinq mois avec le soutien de YouTube et Coca-Cola pour mettre \u00e0 l\u2019honneur les \u00abd\u00e9cideurs\u00bb et en omettant d\u2019inviter toute une partie d\u2019acteurs issus des territoires, Rachida Dati a ainsi d\u00e9voil\u00e9 un nouvel ensemble d\u2019aides budg\u00e9taires au secteur musical et \u00e0 son principal organisme de soutien, le Centre national de la musique (CNM) dont, on se souvient, la premi\u00e8re action d\u2019envergure avait consist\u00e9 \u00e0 <a href=\"https:\/\/www.liberation.fr\/musique\/2021\/01\/31\/centre-national-de-la-musique-une-premiere-annee-et-du-pain-sur-la-planche_1818907\/\" target=\"_blank\" rel=\"nofollow noopener\" title=\"https:\/\/www.liberation.fr\/musique\/2021\/01\/31\/centre-national-de-la-musique-une-premiere-annee-et-du-pain-sur-la-planche_1818907\/\">ventiler les aides publiques \u00e0 la culture pendant <\/a><\/p>\n","protected":false},"excerpt":{"rendered":"On se doutait que quelque chose du genre se tramait rue de Valois. D\u00e8s l\u2019annonce par Emmanuel Macron,&hellip;\n","protected":false},"author":2,"featured_media":183586,"comment_status":"","ping_status":"","sticky":false,"template":"","format":"standard","meta":{"footnotes":""},"categories":[4],"tags":[11,1011,27,32166,25143,12,417,25],"class_list":{"0":"post-183585","1":"post","2":"type-post","3":"status-publish","4":"format-standard","5":"has-post-thumbnail","7":"category-france","8":"tag-actualites","9":"tag-fr","10":"tag-france","11":"tag-musiques-du-monde","12":"tag-musiques-electroniques","13":"tag-news","14":"tag-rachida-dati","15":"tag-republique-francaise"},"share_on_mastodon":{"url":"https:\/\/pubeurope.com\/@fr\/114699278876559086","error":""},"_links":{"self":[{"href":"https:\/\/www.europesays.com\/fr\/wp-json\/wp\/v2\/posts\/183585","targetHints":{"allow":["GET"]}}],"collection":[{"href":"https:\/\/www.europesays.com\/fr\/wp-json\/wp\/v2\/posts"}],"about":[{"href":"https:\/\/www.europesays.com\/fr\/wp-json\/wp\/v2\/types\/post"}],"author":[{"embeddable":true,"href":"https:\/\/www.europesays.com\/fr\/wp-json\/wp\/v2\/users\/2"}],"replies":[{"embeddable":true,"href":"https:\/\/www.europesays.com\/fr\/wp-json\/wp\/v2\/comments?post=183585"}],"version-history":[{"count":0,"href":"https:\/\/www.europesays.com\/fr\/wp-json\/wp\/v2\/posts\/183585\/revisions"}],"wp:featuredmedia":[{"embeddable":true,"href":"https:\/\/www.europesays.com\/fr\/wp-json\/wp\/v2\/media\/183586"}],"wp:attachment":[{"href":"https:\/\/www.europesays.com\/fr\/wp-json\/wp\/v2\/media?parent=183585"}],"wp:term":[{"taxonomy":"category","embeddable":true,"href":"https:\/\/www.europesays.com\/fr\/wp-json\/wp\/v2\/categories?post=183585"},{"taxonomy":"post_tag","embeddable":true,"href":"https:\/\/www.europesays.com\/fr\/wp-json\/wp\/v2\/tags?post=183585"}],"curies":[{"name":"wp","href":"https:\/\/api.w.org\/{rel}","templated":true}]}}