{"id":183587,"date":"2025-06-17T14:55:11","date_gmt":"2025-06-17T14:55:11","guid":{"rendered":"https:\/\/www.europesays.com\/fr\/183587\/"},"modified":"2025-06-17T14:55:11","modified_gmt":"2025-06-17T14:55:11","slug":"en-bref-en-lozere-portes-ouvertes-au-volley-soiree-musicale-a-la-mediatheque-une-classe-des-2-ans-a-fontanilles","status":"publish","type":"post","link":"https:\/\/www.europesays.com\/fr\/183587\/","title":{"rendered":"En bref en Loz\u00e8re\u00a0: portes ouvertes au volley, soir\u00e9e musicale \u00e0 la m\u00e9diath\u00e8que, une classe d\u00e8s 2 ans \u00e0 Fontanilles"},"content":{"rendered":"<p>Une classe d\u00e8s 2 ans \u00e0 Fontanilles<\/p>\n<p>L\u2019\u00e9cole maternelle de Fontanilles propose une classe passerelle d\u00e8s 2 ans. Pour rencontrer l\u2019\u00e9quipe, l\u2019\u00e9cole sera ouverte sans rendez-vous lundi 23\u00a0juin de 8\u00a0h \u00e0 11\u00a0h\u00a030 et de 13\u00a0h\u00a030 \u00e0 16\u00a0h\u00a030 et le lundi 30\u00a0juin de 8\u00a0h \u00e0 17\u00a0h. Contact\u00a0: 04\u00a066\u00a065\u00a008\u00a048.<\/p>\n<p>Portes ouvertes au volley<\/p>\n<p>Le Mende Loz\u00e8re Volley-ball organise des portes ouvertes au gymnase Piencourt, mercredi 18\u00a0juin de 14\u00a0h \u00e0 15\u00a0h\u00a030 (du CE2 au CM2\u00a0; inscription\u00a0: 06\u00a011\u00a062\u00a036\u00a028) et de 16\u00a0h \u00e0 17\u00a0h\u00a030 (coll\u00e8ge\u00a0; inscription\u00a0: 06\u00a086\u00a098\u00a043\u00a003). Participation gratuite.<\/p>\n<p>Soir\u00e9e musicale \u00e0 la m\u00e9diath\u00e8que<\/p>\n<p>Jeudi 19\u00a0juin \u00e0 18\u00a0h \u00e0 la m\u00e9diath\u00e8que, soir\u00e9e musicale propos\u00e9e par les Amis de la m\u00e9diath\u00e8que Lamartine et anim\u00e9e par \u00c9ric de Kermadec autour de son nouveau r\u00e9pertoire de Chansons \u00e9gar\u00e9es. Entr\u00e9e libre, ouvert \u00e0 tous.<\/p>\n","protected":false},"excerpt":{"rendered":"Une classe d\u00e8s 2 ans \u00e0 Fontanilles L\u2019\u00e9cole maternelle de Fontanilles propose une classe passerelle d\u00e8s 2 ans.&hellip;\n","protected":false},"author":2,"featured_media":183588,"comment_status":"","ping_status":"","sticky":false,"template":"","format":"standard","meta":{"footnotes":""},"categories":[1417],"tags":[1011,27,60,1470,1469],"class_list":{"0":"post-183587","1":"post","2":"type-post","3":"status-publish","4":"format-standard","5":"has-post-thumbnail","7":"category-volley","8":"tag-fr","9":"tag-france","10":"tag-sports","11":"tag-volley","12":"tag-volleyball"},"share_on_mastodon":{"url":"https:\/\/pubeurope.com\/@fr\/114699286784285101","error":""},"_links":{"self":[{"href":"https:\/\/www.europesays.com\/fr\/wp-json\/wp\/v2\/posts\/183587","targetHints":{"allow":["GET"]}}],"collection":[{"href":"https:\/\/www.europesays.com\/fr\/wp-json\/wp\/v2\/posts"}],"about":[{"href":"https:\/\/www.europesays.com\/fr\/wp-json\/wp\/v2\/types\/post"}],"author":[{"embeddable":true,"href":"https:\/\/www.europesays.com\/fr\/wp-json\/wp\/v2\/users\/2"}],"replies":[{"embeddable":true,"href":"https:\/\/www.europesays.com\/fr\/wp-json\/wp\/v2\/comments?post=183587"}],"version-history":[{"count":0,"href":"https:\/\/www.europesays.com\/fr\/wp-json\/wp\/v2\/posts\/183587\/revisions"}],"wp:featuredmedia":[{"embeddable":true,"href":"https:\/\/www.europesays.com\/fr\/wp-json\/wp\/v2\/media\/183588"}],"wp:attachment":[{"href":"https:\/\/www.europesays.com\/fr\/wp-json\/wp\/v2\/media?parent=183587"}],"wp:term":[{"taxonomy":"category","embeddable":true,"href":"https:\/\/www.europesays.com\/fr\/wp-json\/wp\/v2\/categories?post=183587"},{"taxonomy":"post_tag","embeddable":true,"href":"https:\/\/www.europesays.com\/fr\/wp-json\/wp\/v2\/tags?post=183587"}],"curies":[{"name":"wp","href":"https:\/\/api.w.org\/{rel}","templated":true}]}}