{"id":183605,"date":"2025-06-17T15:06:10","date_gmt":"2025-06-17T15:06:10","guid":{"rendered":"https:\/\/www.europesays.com\/fr\/183605\/"},"modified":"2025-06-17T15:06:10","modified_gmt":"2025-06-17T15:06:10","slug":"cest-ma-marraine-cecile-de-maries-au-premier-regard-poussee-par-nathalie-de-secret-story-a-vendre-du-contenu-de-charme","status":"publish","type":"post","link":"https:\/\/www.europesays.com\/fr\/183605\/","title":{"rendered":"\u00ab\u00a0C\u2019est ma marraine\u00a0\u00bb, C\u00e9cile de \u00ab\u00a0Mari\u00e9s au premier regard\u00a0\u00bb pouss\u00e9e par Nathalie de \u00ab\u00a0Secret Story\u00a0\u00bb \u00e0 vendre du contenu de charme"},"content":{"rendered":"<p>      R\u00e9sum\u00e9<\/p>\n<p>C\u00e9cile, ancienne candidate de \u00ab\u00a0Mari\u00e9s au premier regard\u00a0\u00bb, s&rsquo;est lanc\u00e9e dans la cr\u00e9ation de contenus de charme, encourag\u00e9e par Nathalie de \u00ab\u00a0Secret Story\u00a0\u00bb, qui se pr\u00e9sente comme sa \u00ab\u00a0marraine\u00a0\u00bb.<\/p>\n<p>        Sommaire<\/p>\n<p>La <strong><a href=\"https:\/\/www.public.fr\/guillaume-maries-au-premier-regard-divorce-il-tacle-severement-les-expertes-du-programme\" rel=\"nofollow noopener\" target=\"_blank\">neuvi\u00e8me saison<\/a> de \u00ab\u00a0Mari\u00e9s au premier regard\u00a0\u00bb<\/strong> s&rsquo;est achev\u00e9e ce lundi 16 juin sur M6. L&rsquo;occasion de d\u00e9couvrir <strong>quels couples sont repartis la bague au doigt<\/strong>. Malheureusement, cette ann\u00e9e, on ne peut pas dire que l&rsquo;amour a frapp\u00e9 \u00e0 toutes les portes. En effet, sur les r\u00e9seaux sociaux, les t\u00e9l\u00e9spectateurs n&rsquo;ont pas vu d&rsquo;alchimie entre la plupart des <a href=\"https:\/\/www.public.fr\/un-deuxieme-enfant-clemence-et-malik-maries-au-premier-regard-surprennent-les-expertes-et-annoncent-une-petite-surprise-spoiler\" rel=\"nofollow noopener\" target=\"_blank\">participants <\/a>et ont fini par miser sur un seul duo : <strong>celui de <a href=\"https:\/\/www.public.fr\/vous-allez-etre-marraines-clemence-et-malik-maries-au-premier-regard-annoncent-enfin-leur-surprise-aux-expertes-spoiler\" rel=\"nofollow noopener\" target=\"_blank\">Cl\u00e9mence et Malik<\/a><\/strong>. Rare sont les couples \u00e0 durer apr\u00e8s avoir particip\u00e9 au <a href=\"https:\/\/www.public.fr\/je-prefere-divorcer-coralie-et-bruno-maries-au-premier-regard-lachent-une-bombe-en-plein-bilan-les-expertes-deboussolees-spoiler\" rel=\"nofollow noopener\" target=\"_blank\">programme<\/a>. <strong>C\u00e9cile<\/strong>, par exemple, en est la preuve.<\/p>\n<p><a href=\"https:\/\/www.public.fr\/cecile-maries-au-premier-regard-karma-est-decede-son-adoption-au-maroc-tourne-au-drame\" rel=\"nofollow noopener\" target=\"_blank\">La Marseillaise<\/a> a particip\u00e9 \u00e0 <strong>la saison cinq<\/strong>. Les experts ont alors d\u00e9cid\u00e9 de l&rsquo;associer \u00e0 <a href=\"https:\/\/www.public.fr\/cecile-maries-au-premier-regard-en-couple-exit-alain-la-candidate-a-retrouve-l-amour\" rel=\"nofollow noopener\" target=\"_blank\">Alain<\/a>. Tous les deux \u00e9taient <strong>compatibles \u00e0 83%<\/strong> et ont d\u00e9cid\u00e9 de <strong>repartir mari\u00e9s<\/strong> \u00e0 l&rsquo;issue de l&rsquo;exp\u00e9rience. Toutefois, leur histoire d&rsquo;amour s&rsquo;est termin\u00e9e peu de temps apr\u00e8s. Aupr\u00e8s de Sam Zirah, C\u00e9cile a confi\u00e9 qu&rsquo;elle ne pouvait pas \u00ab\u00a0<strong>\u00eatre avec quelqu&rsquo;un qui est trop sensible, trop dans la faiblesse\u00a0\u00bb.<\/strong> La <a href=\"https:\/\/www.public.fr\/hyper-genant-cecile-maries-au-premier-regard-son-carwash-cree-un-bad-buzz\" rel=\"nofollow noopener\" target=\"_blank\">quadrag\u00e9naire <\/a>qui, ce 16 juin, a \u00e9t\u00e9 une nouvelle fois invit\u00e9e par le journaliste.<\/p>\n<p>Toutefois, <strong>elle n&rsquo;est pas venue seule<\/strong>. En effet, <a href=\"https:\/\/www.public.fr\/c-est-un-psychopathe-fraichement-separee-cecile-maries-au-premier-regard-fait-de-sombres-revelations\" rel=\"nofollow noopener\" target=\"_blank\">la maman d&rsquo;Anissa<\/a> a \u00e9t\u00e9 interrog\u00e9e en compagnie de <strong>Nathalie Andreani<\/strong>, <a href=\"https:\/\/www.public.fr\/felicitations-nathalie-andreani-et-gabano-font-une-bien-belle-annonce\" rel=\"nofollow noopener\" target=\"_blank\">figure embl\u00e9matique<\/a> de la t\u00e9l\u00e9r\u00e9alit\u00e9 en France. Cette derni\u00e8re s&rsquo;est fait connaitre en int\u00e9grant \u00ab\u00a0Secret Story\u00a0\u00bb en 2014 avec son ex Vivian. Depuis, elle a particip\u00e9 \u00e0 de nombreuses \u00e9missions comme \u00ab\u00a0Les Anges\u00a0\u00bb ou encore \u00ab\u00a0La Villa des c\u0153urs bris\u00e9s\u00a0\u00bb.  Les deux femmes sont semblent-ils <strong>devenues tr\u00e8s complices<\/strong>, si ce n&rsquo;est plus&#8230;<\/p>\n<p>C\u00e9cile (\u00ab\u00a0Mari\u00e9s au premier regard\u00a0\u00bb) : Nathalie a vu son potentiel<\/p>\n<p>Depuis qu&rsquo;elle a d\u00e9sert\u00e9 les plateaux de tournage, Nathalie s&rsquo;est concentr\u00e9e sur <strong>une toute autre activit\u00e9<\/strong>. En effet, la jolie brune <strong>propose des contenus de charme \u00e0 ses abonn\u00e9s<\/strong> contre r\u00e9mun\u00e9ration. Pour cela, elle s&rsquo;est inscrite sur une plateforme d\u00e9di\u00e9e \u00e0 cela. Il y a quelques ann\u00e9es de cela, <a href=\"https:\/\/www.public.fr\/nathalie-andreani-secret-story-prouve-en-image-quelle-est-millionnaire-chez-sam-zirah-son-compte-deborde\" rel=\"nofollow noopener\" target=\"_blank\">la femme de Gabano<\/a> a alors rencontr\u00e9 C\u00e9cile lors d&rsquo;une soir\u00e9e. \u00c0 cette occasion, <a href=\"https:\/\/www.google.com\/url?sa=t&amp;source=web&amp;rct=j&amp;opi=89978449&amp;url=https:\/\/vsd.fr\/82077-secret-story-danciens-candidats-mettent-en-garde-les-futurs-habitants-de-la-maison-des-secrets\/&amp;ved=2ahUKEwj43YvMufiNAxV3U6QEHQ99CucQFnoECBcQAQ&amp;usg=AOvVaw3W6Cx4FGNsxWGF4ZjonA8j\" rel=\"nofollow noopener\" target=\"_blank\">l&rsquo;ex candidate de \u00ab\u00a0Secret Story\u00a0\u00bb<\/a> a dit \u00e0 l&rsquo;autre : \u00ab\u00a0Mais C\u00e9cile, tu sais que tu cartonnerais sur les plateformes toi\u00a0\u00bb.<\/p>\n<p>Du coup Nathalie a d\u00e9cid\u00e9 de devenir la \u00ab\u00a0marraine\u00a0\u00bb de sa prot\u00e9g\u00e9e en vue d&rsquo;int\u00e9grer ce milieu. Si au d\u00e9part, la m\u00e8re de famille assure ne pas avoir eu envie, elle s&rsquo;est finalement lanc\u00e9e \u00ab\u00a0il y a quelques mois en arri\u00e8re et <strong>je ne regrette absolument pas<\/strong>\u00ab\u00a0, a-t-elle assur\u00e9. D&rsquo;ailleurs, les deux copines semblent si \u00e0 l&rsquo;aise qu&rsquo;elles ont pour projet de <strong>tourner une vid\u00e9o de charme ensemble<\/strong>. <\/p>\n<p>Pour fermer cette parenth\u00e8se, Sam Zirah a tenu \u00e0 rappeler que ce genre de pratiques \u00e9tait \u00ab\u00a0<strong>dangereuse<\/strong>\u00a0\u00bb appelant sa communaut\u00e9 \u00e0 ne pas suivre l&rsquo;exemple de ses invit\u00e9es.<\/p>\n<p>      Mentionn\u00e9s dans cet article<\/p>\n<p>\u00c0 lire aussi<\/p>\n","protected":false},"excerpt":{"rendered":"R\u00e9sum\u00e9 C\u00e9cile, ancienne candidate de \u00ab\u00a0Mari\u00e9s au premier regard\u00a0\u00bb, s&rsquo;est lanc\u00e9e dans la cr\u00e9ation de contenus de charme,&hellip;\n","protected":false},"author":2,"featured_media":183606,"comment_status":"","ping_status":"","sticky":false,"template":"","format":"standard","meta":{"footnotes":""},"categories":[1356],"tags":[32167,58,59,1011,27,27429,494,6218,32168,6652,29901,252,1364,133],"class_list":{"0":"post-183605","1":"post","2":"type-post","3":"status-publish","4":"format-standard","5":"has-post-thumbnail","7":"category-television","8":"tag-actrice-pornographique","9":"tag-divertissement","10":"tag-entertainment","11":"tag-fr","12":"tag-france","13":"tag-les-anges","14":"tag-m6","15":"tag-maries-au-premier-regard","16":"tag-nathalie-andreani","17":"tag-sam-zirah","18":"tag-secret-story","19":"tag-television","20":"tag-tv","21":"tag-video"},"share_on_mastodon":{"url":"https:\/\/pubeurope.com\/@fr\/114699330264551653","error":""},"_links":{"self":[{"href":"https:\/\/www.europesays.com\/fr\/wp-json\/wp\/v2\/posts\/183605","targetHints":{"allow":["GET"]}}],"collection":[{"href":"https:\/\/www.europesays.com\/fr\/wp-json\/wp\/v2\/posts"}],"about":[{"href":"https:\/\/www.europesays.com\/fr\/wp-json\/wp\/v2\/types\/post"}],"author":[{"embeddable":true,"href":"https:\/\/www.europesays.com\/fr\/wp-json\/wp\/v2\/users\/2"}],"replies":[{"embeddable":true,"href":"https:\/\/www.europesays.com\/fr\/wp-json\/wp\/v2\/comments?post=183605"}],"version-history":[{"count":0,"href":"https:\/\/www.europesays.com\/fr\/wp-json\/wp\/v2\/posts\/183605\/revisions"}],"wp:featuredmedia":[{"embeddable":true,"href":"https:\/\/www.europesays.com\/fr\/wp-json\/wp\/v2\/media\/183606"}],"wp:attachment":[{"href":"https:\/\/www.europesays.com\/fr\/wp-json\/wp\/v2\/media?parent=183605"}],"wp:term":[{"taxonomy":"category","embeddable":true,"href":"https:\/\/www.europesays.com\/fr\/wp-json\/wp\/v2\/categories?post=183605"},{"taxonomy":"post_tag","embeddable":true,"href":"https:\/\/www.europesays.com\/fr\/wp-json\/wp\/v2\/tags?post=183605"}],"curies":[{"name":"wp","href":"https:\/\/api.w.org\/{rel}","templated":true}]}}