{"id":183611,"date":"2025-06-17T15:09:09","date_gmt":"2025-06-17T15:09:09","guid":{"rendered":"https:\/\/www.europesays.com\/fr\/183611\/"},"modified":"2025-06-17T15:09:09","modified_gmt":"2025-06-17T15:09:09","slug":"a-14-ans-il-meurt-en-quelques-jours-dune-infection-ces-signes-faciles-a-negliger-auraient-pu-lalerter","status":"publish","type":"post","link":"https:\/\/www.europesays.com\/fr\/183611\/","title":{"rendered":"\u00c0 14 ans, il meurt en quelques jours d&rsquo;une infection, ces signes faciles \u00e0 n\u00e9gliger auraient pu l&rsquo;alerter"},"content":{"rendered":"<p>Son \u00e9tat de sant\u00e9 s&rsquo;est rapidement d\u00e9grad\u00e9. Aux \u00c9tats-Unis, William Hand, 14 ans, a contract\u00e9 une maladie m\u00e9ningococcique. La m\u00e9ningite est une inflammation des tissus qui entourent le cerveau et la moelle \u00e9pini\u00e8re. Cet adolescent sportif s&rsquo;est r\u00e9veill\u00e9 un matin en se sentant mal. En quelques heures, la bact\u00e9rie a submerg\u00e9 son syst\u00e8me immunitaire, raconte <a data-i13n=\"cpos:1;pos:1\" href=\"https:\/\/www.dailymail.co.uk\/health\/article-14816511\/symptoms-deadly-bacterial-meningitis-infection.html\" rel=\"nofollow noopener\" target=\"_blank\" data-ylk=\"slk:le Daily Mail;cpos:1;pos:1;elm:context_link;itc:0;sec:content-canvas\" class=\"link \">le Daily Mail<\/a>.<\/p>\n<p>Quelques jours plus tard, le jeune homme est d\u00e9c\u00e9d\u00e9. D\u00e9vast\u00e9, son p\u00e8re a partag\u00e9 une photo de William, en tenue de sport, lui rendant un hommage bouleversant : \u00ab\u00a0C&rsquo;est ainsi que je choisirai toujours de me souvenir de Will. Cheveux au vent, grand sourire et en tenue de sport. \u00c0 bient\u00f4t, fiston\u00a0\u00bb.<\/p>\n<p>Des premiers sympt\u00f4mes pouvant \u00eatre confondus<\/p>\n<p>L&rsquo;Organisation mondiale de la Sant\u00e9 (OMS) rappelle que la m\u00e9ningite se manifeste par de la fi\u00e8vre, une raideur de la nuque, une confusion ou une alt\u00e9ration de l\u2019\u00e9tat mental, des c\u00e9phal\u00e9es, une photosensibilit\u00e9, des naus\u00e9es et des vomissements. \u00ab\u00a0Parmi les sympt\u00f4mes moins fr\u00e9quents, on observe des convulsions, le coma et des d\u00e9faillances neurologiques, telles que la faiblesse des membres\u00a0\u00bb, compl\u00e8te l&rsquo;OMS.<\/p>\n<p><strong>LIRE AUSSI &gt;&gt;<\/strong> <a data-i13n=\"cpos:2;pos:1\" href=\"https:\/\/fr.news.yahoo.com\/attention-cette-douleur-souvent-prise-a-la-legere-peut-etre-le-signe-dun-avc-ou-dune-meningite-104119551.html\" data-ylk=\"slk:Attention, cette douleur souvent prise \u00e0 la l\u00e9g\u00e8re peut \u00eatre le signe d&#039;un AVC ou d&#039;une m\u00e9ningite;cpos:2;pos:1;elm:context_link;itc:0;sec:content-canvas;outcm:mb_qualified_link;_E:mb_qualified_link;ct:story;\" class=\"link  yahoo-link\" target=\"_blank\" rel=\"noopener\">Attention, cette douleur souvent prise \u00e0 la l\u00e9g\u00e8re peut \u00eatre le signe d&rsquo;un AVC ou d&rsquo;une m\u00e9ningite<\/a><\/p>\n<p>Chez les nourrissons, la maladie peut se manifester par un comportement inhabituel, une irritabilit\u00e9, des g\u00e9missements continus, des difficult\u00e9s \u00e0 s\u2019alimenter et un bombement de la fontanelle. Les sympt\u00f4mes peuvent \u00eatre confondus avec ceux d&rsquo;une autre maladie ce qui peut retarder le diagnostic. Une fois la maladie identifi\u00e9e, il est imp\u00e9ratif de donner rapidement un traitement antibiotique.<\/p>\n<p>Une recrudescence des cas<\/p>\n<p>\u00ab\u00a0Les sympt\u00f4mes de la m\u00e9ningite peuvent diff\u00e9rer en fonction de la cause, de la vitesse \u00e0 laquelle la maladie progresse, de sa dur\u00e9e, de l\u2019atteinte c\u00e9r\u00e9brale et d\u2019autres complications graves comme la septic\u00e9mie. (&#8230;) D\u2019autres sympt\u00f4mes peuvent \u00eatre observ\u00e9s, tels que mains et pieds froids, respiration rapide et hypotension art\u00e9rielle. Une \u00e9ruption cutan\u00e9e caract\u00e9ristique, qui ne s\u2019efface pas \u00e0 la pression, peut appara\u00eetre en cas de septic\u00e9mie \u00e0 m\u00e9ningocoque\u00a0\u00bb, met en garde l&rsquo;OMS. En effet, les bact\u00e9ries responsables d\u2019une m\u00e9ningite peuvent infecter le sang ce qui peut causer un \u00e9tat septique.<\/p>\n<p><strong>LIRE AUSSI &gt;&gt;<\/strong> <a data-i13n=\"cpos:3;pos:1\" href=\"https:\/\/fr.news.yahoo.com\/a-4-ans-il-se-plaint-dune-simple-douleur-au-bras-il-meurt-quelques-heures-apres-135939278.html\" data-ylk=\"slk:\u00c0 4 ans, il se plaint d&#039;une simple douleur au bras, il meurt quelques heures apr\u00e8s;cpos:3;pos:1;elm:context_link;itc:0;sec:content-canvas;outcm:mb_qualified_link;_E:mb_qualified_link;ct:story;\" class=\"link  yahoo-link\" target=\"_blank\" rel=\"noopener\">\u00c0 4 ans, il se plaint d&rsquo;une simple douleur au bras, il meurt quelques heures apr\u00e8s<\/a><\/p>\n<p>En France, une recrudescence des cas de m\u00e9ningite invasives \u00e0 m\u00e9ningocoque a \u00e9t\u00e9 observ\u00e9e au cours de la saison 2024-2025. Comme le rappelle l&rsquo;Agence r\u00e9gionale de sant\u00e9 d&rsquo;Ile-de-France, 615 cas d\u2019IIM ont \u00e9t\u00e9 d\u00e9clar\u00e9s dans le pays pour l\u2019ensemble de l\u2019ann\u00e9e 2024. De plus, 50 d\u00e9c\u00e8s ont \u00e9t\u00e9 comptabilis\u00e9s entre les mois de juillet 2024 et janvier 2025.<\/p>\n","protected":false},"excerpt":{"rendered":"Son \u00e9tat de sant\u00e9 s&rsquo;est rapidement d\u00e9grad\u00e9. Aux \u00c9tats-Unis, William Hand, 14 ans, a contract\u00e9 une maladie m\u00e9ningococcique.&hellip;\n","protected":false},"author":2,"featured_media":183612,"comment_status":"","ping_status":"","sticky":false,"template":"","format":"standard","meta":{"footnotes":""},"categories":[10],"tags":[1764,32170,1011,27,72,487,13689,71,32171,32169],"class_list":{"0":"post-183611","1":"post","2":"type-post","3":"status-publish","4":"format-standard","5":"has-post-thumbnail","7":"category-sante","8":"tag-ans","9":"tag-aux-etats-unis","10":"tag-fr","11":"tag-france","12":"tag-health","13":"tag-lorganisation-mondiale-de-la-sante","14":"tag-raideur-de-la-nuque","15":"tag-sante","16":"tag-tenue-de-sport","17":"tag-william-hand"},"share_on_mastodon":{"url":"https:\/\/pubeurope.com\/@fr\/114699341908462192","error":""},"_links":{"self":[{"href":"https:\/\/www.europesays.com\/fr\/wp-json\/wp\/v2\/posts\/183611","targetHints":{"allow":["GET"]}}],"collection":[{"href":"https:\/\/www.europesays.com\/fr\/wp-json\/wp\/v2\/posts"}],"about":[{"href":"https:\/\/www.europesays.com\/fr\/wp-json\/wp\/v2\/types\/post"}],"author":[{"embeddable":true,"href":"https:\/\/www.europesays.com\/fr\/wp-json\/wp\/v2\/users\/2"}],"replies":[{"embeddable":true,"href":"https:\/\/www.europesays.com\/fr\/wp-json\/wp\/v2\/comments?post=183611"}],"version-history":[{"count":0,"href":"https:\/\/www.europesays.com\/fr\/wp-json\/wp\/v2\/posts\/183611\/revisions"}],"wp:featuredmedia":[{"embeddable":true,"href":"https:\/\/www.europesays.com\/fr\/wp-json\/wp\/v2\/media\/183612"}],"wp:attachment":[{"href":"https:\/\/www.europesays.com\/fr\/wp-json\/wp\/v2\/media?parent=183611"}],"wp:term":[{"taxonomy":"category","embeddable":true,"href":"https:\/\/www.europesays.com\/fr\/wp-json\/wp\/v2\/categories?post=183611"},{"taxonomy":"post_tag","embeddable":true,"href":"https:\/\/www.europesays.com\/fr\/wp-json\/wp\/v2\/tags?post=183611"}],"curies":[{"name":"wp","href":"https:\/\/api.w.org\/{rel}","templated":true}]}}