{"id":183614,"date":"2025-06-17T15:11:10","date_gmt":"2025-06-17T15:11:10","guid":{"rendered":"https:\/\/www.europesays.com\/fr\/183614\/"},"modified":"2025-06-17T15:11:10","modified_gmt":"2025-06-17T15:11:10","slug":"la-journaliste-salhia-brakhlia-annonce-son-depart-de-franceinfo","status":"publish","type":"post","link":"https:\/\/www.europesays.com\/fr\/183614\/","title":{"rendered":"La journaliste Salhia Brakhlia annonce son d\u00e9part de franceinfo"},"content":{"rendered":"<p>        <img decoding=\"async\" loading=\"lazy\" src=\"https:\/\/www.europesays.com\/fr\/wp-content\/uploads\/2025\/06\/127cddb_upload-1-otsxa1nkjtbi-screenshot-2025-06-17-14-39-20.png\"  width=\"728\" height=\"410\" alt=\"Salhia Brakhlia, ici dans \u00ab\u00a0Les Inform\u00e9s\u00a0\u00bb de franceinfo, en juin 2025.\"\/>  <\/p>\n<p>franceinfo<\/p>\n<p>Salhia Brakhlia, ici dans \u00ab\u00a0Les Inform\u00e9s\u00a0\u00bb de franceinfo, en juin 2025.<\/p>\n<p class=\"asset asset-text\">M\u00c9DIAS &#8211; Voix famili\u00e8re des auditeurs de franceinfo chaque matin, <a href=\"https:\/\/www.huffingtonpost.fr\/politique\/article\/salhia-braklia-s-indigne-de-messages-racistes-recus-apres-son-interview-avec-marion-marechal_226637.html\" rel=\"nofollow noopener\" target=\"_blank\">Salhia Brakhlia<\/a> fait ses valises. Ce mardi 17\u00a0juin, la journaliste fran\u00e7aise de 39\u00a0ans a annonc\u00e9 sur son compte <a href=\"https:\/\/www.huffingtonpost.fr\/tech-futurs\/video\/vos-donnees-publiques-facebook-et-instagram-vont-aider-meta-a-entrainer-son-ia-sauf-si-clx2_250296.html\" rel=\"nofollow noopener\" target=\"_blank\">Instagram<\/a> quitter la matinale, o\u00f9 elle conduisait depuis 2020\u00a0&#8211; avec <a href=\"https:\/\/www.huffingtonpost.fr\/medias\/article\/marc-fauvelle-quitte-france-inter-pour-bfmtv-ou-il-sera-en-charge-d-un-nouveau-rendez-vous-d-information_247871.html\" rel=\"nofollow noopener\" target=\"_blank\">Marc Fauvelle<\/a>, puis J\u00e9r\u00f4me Chapuis &#8211; l\u2019interview politique.<\/p>\n<p class=\"asset asset-text\">\u00ab\u00a0C\u2019est la fin d\u2019une belle histoire de cinq ans, \u00e9crit-elle en story. Immense gratitude pour toutes ces belles ann\u00e9es au \u201c8h30\u00a0franceinfo\u00a0\u00bb et aux \u201dInform\u00e9s\u201c. Merci \u00e0 Sibyle Veil (la patronne de Radio France, NDLR) et Jean-Philippe Baille (le directeur de franceinfo, NDLR) de m\u2019avoir ouvert les portes\u00a0\u00bb de la station.<\/p>\n<p class=\"asset asset-text\">Elle ajoute\u00a0: \u00ab\u00a0joie immense d\u2019avoir fait de ces rendez-vous un succ\u00e8s aux c\u00f4t\u00e9s de Marc Fauvelle, J\u00e9r\u00f4me Chapuis et Renaud D\u00e9ly. Merci \u00e0 toutes les \u00e9quipes avec qui j\u2019ai eu l\u2019immense honneur de travailler. Votre professionnalisme et votre humanit\u00e9 m\u2019ont fait grandir. Je vous fais confiance pour la suite. Courage.\u00a0\u00bb<\/p>\n<p>         <img decoding=\"async\" loading=\"lazy\" src=\"https:\/\/www.europesays.com\/fr\/wp-content\/uploads\/2025\/06\/b93b492_upload-1-40zixtdz45lw-screenshot-2025-06-17-14-13-01.png\"  width=\"728\" height=\"1301\" alt=\"Salhia Brakhlia s\u2019exprime sur son d\u00e9part.\"\/>  <\/p>\n<p>Instagram @salhiabrakhlia<\/p>\n<p>Salhia Brakhlia s\u2019exprime sur son d\u00e9part.<\/p>\n<p class=\"asset asset-text\">D\u00e9couverte du grand public avec ses interviews impromptues de politiques dans Le Petit Journal \u00e0 partir de 2008, Salhia Brakhlia s\u2019est depuis fait un nom dans le journalisme, rejoignant notamment BFMTV en 2015, date \u00e0 laquelle elle a poursuivi son d\u00e9cryptage dans l\u2019\u00e9mission\u00a0L\u2019\u0153il de Salhia Brakhlia.<\/p>\n<p class=\"asset asset-text\">De retour aux c\u00f4t\u00e9s de Yann Barth\u00e8s &#8211; cette fois dans Quotidien sur TMC &#8211; entre 2018 et 2021, la journaliste originaire du nord de la France avait rejoint l\u2019antenne de franceinfo en 2020, ce qui lui a aussi offert l\u2019occasion de r\u00e9aliser plusieurs documentaires, dont un baptis\u00e9 Service Public\u00a0sur les coulisses de la matinale de la cha\u00eene.<\/p>\n<p class=\"asset asset-text\">\u00c0 l\u2019heure o\u00f9 nous \u00e9crivons ces lignes, Salhia Brakhlia n\u2019a pas pr\u00e9cis\u00e9 vers quel m\u00e9dia elle allait se tourner \u00e0 la rentr\u00e9e. Pourrait-elle prendre les r\u00eanes de C dans l\u2019air, par exemple\u00a0? Son actuelle pr\u00e9sentatrice Caroline Roux est pour sa part pressentie pour remplacer Anne-Sophie Lapix, dont <a href=\"https:\/\/www.huffingtonpost.fr\/medias\/video\/anne-sophie-lapix-regale-les-telespectateurs-de-france-2-avec-un-jt-de-20h-en-chanson_250682.html\" rel=\"nofollow noopener\" target=\"_blank\">le d\u00e9part du 20\u00a0Heures de France 2<\/a>\u00a0a d\u00e9j\u00e0 \u00e9t\u00e9 act\u00e9.<\/p>\n","protected":false},"excerpt":{"rendered":"franceinfo Salhia Brakhlia, ici dans \u00ab\u00a0Les Inform\u00e9s\u00a0\u00bb de franceinfo, en juin 2025. M\u00c9DIAS &#8211; Voix famili\u00e8re des auditeurs&hellip;\n","protected":false},"author":2,"featured_media":183615,"comment_status":"","ping_status":"","sticky":false,"template":"","format":"standard","meta":{"footnotes":""},"categories":[8],"tags":[251,58,59,1011,27,10318,500,1825],"class_list":{"0":"post-183614","1":"post","2":"type-post","3":"status-publish","4":"format-standard","5":"has-post-thumbnail","7":"category-divertissement","8":"tag-culture","9":"tag-divertissement","10":"tag-entertainment","11":"tag-fr","12":"tag-france","13":"tag-france-info","14":"tag-medias","15":"tag-radio"},"share_on_mastodon":{"url":"https:\/\/pubeurope.com\/@fr\/114699350428511194","error":""},"_links":{"self":[{"href":"https:\/\/www.europesays.com\/fr\/wp-json\/wp\/v2\/posts\/183614","targetHints":{"allow":["GET"]}}],"collection":[{"href":"https:\/\/www.europesays.com\/fr\/wp-json\/wp\/v2\/posts"}],"about":[{"href":"https:\/\/www.europesays.com\/fr\/wp-json\/wp\/v2\/types\/post"}],"author":[{"embeddable":true,"href":"https:\/\/www.europesays.com\/fr\/wp-json\/wp\/v2\/users\/2"}],"replies":[{"embeddable":true,"href":"https:\/\/www.europesays.com\/fr\/wp-json\/wp\/v2\/comments?post=183614"}],"version-history":[{"count":0,"href":"https:\/\/www.europesays.com\/fr\/wp-json\/wp\/v2\/posts\/183614\/revisions"}],"wp:featuredmedia":[{"embeddable":true,"href":"https:\/\/www.europesays.com\/fr\/wp-json\/wp\/v2\/media\/183615"}],"wp:attachment":[{"href":"https:\/\/www.europesays.com\/fr\/wp-json\/wp\/v2\/media?parent=183614"}],"wp:term":[{"taxonomy":"category","embeddable":true,"href":"https:\/\/www.europesays.com\/fr\/wp-json\/wp\/v2\/categories?post=183614"},{"taxonomy":"post_tag","embeddable":true,"href":"https:\/\/www.europesays.com\/fr\/wp-json\/wp\/v2\/tags?post=183614"}],"curies":[{"name":"wp","href":"https:\/\/api.w.org\/{rel}","templated":true}]}}