{"id":183620,"date":"2025-06-17T15:14:10","date_gmt":"2025-06-17T15:14:10","guid":{"rendered":"https:\/\/www.europesays.com\/fr\/183620\/"},"modified":"2025-06-17T15:14:10","modified_gmt":"2025-06-17T15:14:10","slug":"la-diplomatie-ou-la-guerre-la-decision-cruciale-que-donald-trump-maintient-en-suspens","status":"publish","type":"post","link":"https:\/\/www.europesays.com\/fr\/183620\/","title":{"rendered":"la diplomatie ou la guerre, la d\u00e9cision cruciale que Donald Trump maintient en suspens"},"content":{"rendered":"<p>        <img decoding=\"async\" loading=\"lazy\" src=\"https:\/\/www.europesays.com\/fr\/wp-content\/uploads\/2025\/06\/d366cb3_upload-1-j9gvrj3vocrj-000-62m44l3.jpg\"  width=\"728\" height=\"410\" alt=\"Le pr\u00e9sident am\u00e9ricain Donald Trump part apr\u00e8s la photo de famille lors du sommet du G7 \u00e0 Kananaskis, au Canada, le 16\u00a0juin 2025.\"\/>  <\/p>\n<p>LUDOVIC MARIN \/ AFP<\/p>\n<p>Le pr\u00e9sident am\u00e9ricain Donald Trump part apr\u00e8s la photo de famille lors du sommet du G7 \u00e0 Kananaskis, au Canada, le 16\u00a0juin 2025.<\/p>\n<p class=\"asset asset-text\">INTERNATIONAL &#8211; Ce <a href=\"https:\/\/www.huffingtonpost.fr\/international\/article\/trump-starmer-merz-au-g7-la-photo-des-dirigeants-a-bien-change-et-c-est-loin-d-etre-anodin_251281.html\" rel=\"nofollow noopener\" target=\"_blank\">G7<\/a>\u00a0s\u2019annon\u00e7ait \u00e9minemment tendu. <a href=\"https:\/\/www.huffingtonpost.fr\/international\/article\/pourquoi-hollande-accuse-trump-d-etre-responsable-de-l-escalade-entre-l-iran-et-israel_251463.html\" rel=\"nofollow noopener\" target=\"_blank\">Donald Trump<\/a> l\u2019aura finalement rendu caduque. En annon\u00e7ant son d\u00e9part de Kananaskis un jour avant la fin du sommet, qui se cl\u00f4ture ce mardi soir (heure canadienne), le pr\u00e9sident am\u00e9ricain aura de nouveau montr\u00e9 son d\u00e9sint\u00e9r\u00eat profond pour ses partenaires occidentaux et la concertation collective, alors que <a href=\"https:\/\/www.huffingtonpost.fr\/international\/article\/israel-iran-ali-shadmani-tue-explosions-a-tel-aviv-ce-qu-il-faut-retenir-au-cinquieme-jour-des-affrontements_251448.html\" rel=\"nofollow noopener\" target=\"_blank\">le conflit entre Isra\u00ebl et l\u2019Iran<\/a> ne ralentit toujours pas ce mardi 17\u00a0juin.<\/p>\n<p class=\"asset asset-text\">\u00c0 peine une d\u00e9claration commune appelant \u00e0 la \u00ab\u00a0d\u00e9sescalade\u00a0\u00bb sign\u00e9e par les puissances du G7 &#8211; que Donald Trump lui-m\u00eame reconnaissait \u00e0 son d\u00e9part n\u2019avoir pas encore lu, selon le m\u00e9dia am\u00e9ricain <a href=\"https:\/\/edition.cnn.com\/2025\/06\/17\/politics\/israel-iran-nuclear-bomb-us-intelligence-years-away\" target=\"_blank\" rel=\"noopener nofollow\" title=\"Nouvelle fen\u00eatre\">CBS\u00a0<\/a>-, et voil\u00e0 le pr\u00e9sident am\u00e9ricain reparti faire cavalier seul sur le Proche-Orient. Le pr\u00e9sident am\u00e9ricain a ainsi affirm\u00e9 qu\u2019il devait faire son retour \u00ab\u00a0aussi vite que possible\u00a0\u00bb \u00e0 Washington. \u00ab\u00a0D\u00e8s que je partirai d\u2019ici, nous ferons quelque chose. [&#8230;] Mais je dois partir d\u2019ici\u00a0\u00bb, a-t-il ajout\u00e9.<\/p>\n<p class=\"asset asset-text\">Quel est ce \u00ab\u00a0quelque chose\u00a0\u00bb\u00a0? Personne ne sait vraiment. En tout cas, visiblement pas Emmanuel Macron, <a href=\"https:\/\/www.huffingtonpost.fr\/international\/article\/emmanuel-ne-comprend-jamais-rien-le-tacle-de-trump-a-macron-apres-son-depart-du-g7_251443.html\" rel=\"nofollow noopener\" target=\"_blank\">renvoy\u00e9 \u00e0 ses \u00e9tudes par Donald Trump<\/a> d\u2019un tr\u00e8s sec \u00ab\u00a0Emmanuel ne comprend jamais rien\u00a0\u00bb, alors que le pr\u00e9sident fran\u00e7ais avait affirm\u00e9 plus t\u00f4t que son homologue am\u00e9ricain avait quitt\u00e9 le Canada pour travailler \u00e0 un cessez-le-feu entre l\u2019Iran et Isra\u00ebl.<\/p>\n<p>    \u00ab\u00a0Entrer ou non dans la m\u00eal\u00e9e\u00a0\u00bb    <\/p>\n<p class=\"asset asset-text\">Car ce qui semble se jouer aujourd\u2019hui n\u2019est pas l\u2019arr\u00eat des combats entre l\u2019Iran et Isra\u00ebl, loin de l\u00e0. Le <a href=\"https:\/\/www.nytimes.com\/2025\/06\/16\/us\/politics\/trump-iran-diplomacy-conflict.html\" target=\"_blank\" rel=\"noopener nofollow\" title=\"Nouvelle fen\u00eatre\">New York Times<\/a> r\u00e9sume la situation de fa\u00e7on tr\u00e8s claire. \u00ab\u00a0Le pr\u00e9sident Trump est en train de peser une d\u00e9cision cruciale [&#8230;] : entrer ou non dans la m\u00eal\u00e9e en aidant Isra\u00ebl \u00e0 d\u00e9truire l\u2019installation d\u2019enrichissement nucl\u00e9aire de Fordo, profond\u00e9ment enterr\u00e9e, que seul le plus grand \u201cbunker buster\u201d (NLDR\u00a0: une bombe perforante) des \u00c9tats-Unis, largu\u00e9 par des bombardiers am\u00e9ricains B-2, peut atteindre\u00a0\u00bb.<\/p>\n<p class=\"asset asset-text\">Ce \u00ab\u00a0destructeur de bunker\u00a0\u00bb, c\u2019est la bombe GBU-57, dont Isra\u00ebl a besoin pour frapper les sites nucl\u00e9aires iraniens enfouis dans le sol. Mais plus que cela, la question semble bel et bien de savoir si les \u00c9tats-Unis s\u2019appr\u00eatent \u00e0 devenir un protagoniste actif de la guerre qu\u2019a d\u00e9clench\u00e9 Isra\u00ebl contre l\u2019Iran ce vendredi 13\u00a0juin en attaquant ses sites nucl\u00e9aires.<\/p>\n<p class=\"asset asset-text\">D\u2019apr\u00e8s CBS, qui a pu s\u2019entretenir avec Trump \u00e0 sa mont\u00e9e dans l\u2019avion pr\u00e9sidentiel avant de retourner \u00e0 Washington, ce dernier a r\u00e9affirm\u00e9 qu\u2019il \u00ab\u00a0n\u2019a pas dit qu\u2019[il] cherchai[t] un cessez-le-feu\u00a0\u00bb. Il a au contraire affirm\u00e9 vouloir \u00ab\u00a0une v\u00e9ritable fin\u00a0\u00bb au conflit, avec l\u2019Iran qui \u00ab\u00a0renonce totalement\u00a0\u00bb \u00e0 son programme nucl\u00e9aire.<\/p>\n<p>    Une d\u00e9cision \u00e0 rebours de ses services de renseignements    <\/p>\n<p class=\"asset asset-text\">Ce choix, qui marquerait une v\u00e9ritable bascule dans le conflit s\u2019il est pris, semble pourtant aller \u00e0 rebours de la conception des relations internationales de Donald Trump, marqu\u00e9e par un volont\u00e9 de se d\u00e9sengager des grands conflits mondiaux. N\u2019\u00e9tait-ce pas lui qui affirmait en 2019\u00a0qu\u2019\u00ab\u00a0intervenir au Moyen-Orient fut la pire d\u00e9cision de l\u2019histoire des \u00c9tats-Unis\u00a0\u00bb\u00a0?<\/p>\n<p class=\"asset asset-text\">Cette d\u00e9cision irait m\u00eame dans le sens contraire de sa propre administration, et des faits qu\u2019elle pr\u00e9sente. Le 26\u00a0mars dernier, le renseignement am\u00e9ricain avait affirm\u00e9 qu\u2019il continuait \u00ab\u00a0d\u2019estimer que l\u2019Iran n\u2019est pas en train de fabriquer une arme nucl\u00e9aire, et que le dirigeant supr\u00eame Khamenei n\u2019a pas autoris\u00e9 le programme d\u2019armement nucl\u00e9aire qu\u2019il a suspendu en 2003\u00a0\u00bb. Un document sign\u00e9 par la directrice du renseignement am\u00e9ricain, Tulsi Gabbard, nomm\u00e9e \u00e0 ce poste pour&#8230; son adh\u00e9sion \u00e0 la vision trumpiste. \u00ab\u00a0Je me fiche de ce qu\u2019elle a dit\u00a0\u00bb, a pourtant assum\u00e9 Donald Trump \u00e0 son d\u00e9part du G7, selon CBS. \u00ab\u00a0Je pense qu\u2019ils \u00e9taient tr\u00e8s proches de les avoir\u00a0\u00bb, a-t-il ajout\u00e9 \u00e0 propos de l\u2019arme nucl\u00e9aire.<\/p>\n<p class=\"asset asset-text\">Le renseignement am\u00e9ricain n\u2019a pourtant pas d\u00e9vi\u00e9 de position. Selon <a href=\"https:\/\/edition.cnn.com\/2025\/06\/17\/politics\/israel-iran-nuclear-bomb-us-intelligence-years-away\" target=\"_blank\" rel=\"noopener nofollow\" title=\"Nouvelle fen\u00eatre\">CNN<\/a>, qui a pu s\u2019entretenir avec quatre sources proches du dossier, \u00ab\u00a0les services de renseignement am\u00e9ricains \u00e9taient parvenus \u00e0 une conclusion diff\u00e9rente\u00a0[que celle d\u2019Isra\u00ebl]\u00a0: non seulement l\u2019Iran ne cherchait pas activement \u00e0 se doter d\u2019une arme nucl\u00e9aire, mais il lui fallait encore jusqu\u2019\u00e0 trois ans pour \u00eatre en mesure d\u2019en produire une et de la livrer sur une cible de son choix\u00a0\u00bb. On est bien loin de la menace imminente, n\u00e9cessitant une intervention imm\u00e9diate.<\/p>\n<p>    Une technique de n\u00e9gociation\u00a0?    <\/p>\n<p class=\"asset asset-text\">Toutes ces d\u00e9clarations bellicistes ne doivent pas non plus faire oublier ce qu\u2019est la m\u00e9thode Trump\u00a0: celle de la pression maximaliste sur ses interlocuteurs afin d\u2019obtenir des r\u00e9sultats.\u00a0Ainsi, il n\u2019est pas \u00e0 exclure que cette menace d\u2019une implication militaire am\u00e9ricaine \u00e0 grande \u00e9chelle puisse \u00eatre utilis\u00e9e pour faire pression sur T\u00e9h\u00e9ran. Et ce, afin de pousser le r\u00e9gime des Mollahs \u00e0 c\u00e9der \u00e0 une voie diplomatique tr\u00e8s favorable \u00e0 Washington et Tel-Aviv, avec notamment l\u2019abandon du programme nucl\u00e9aire.<\/p>\n<p class=\"asset asset-text\">Signe de cette d\u00e9cision encore en suspens, ce lundi encore, Donald Trump \u00e9voquait la possibilit\u00e9 de missionner son vice-pr\u00e9sident J.D. Vance et son \u00e9missaire sp\u00e9cial au Proche-Orient Steve\u00a0Witcoff pour des discussions avec T\u00e9h\u00e9ran. \u00ab\u00a0C\u2019est possible\u00a0\u00bb, a-t-il d\u00e9clar\u00e9 \u00e0 bord d\u2019Air Force One, affirmant que \u00ab\u00a0cela d\u00e9pendra de ce qui se passe \u00e0 mon retour\u00a0\u00bb. Le tout&#8230; en ajoutant qu\u2019il \u00ab\u00a0n\u2019\u00e9tait pas sp\u00e9cialement d\u2019humeur \u00e0 n\u00e9gocier\u00a0\u00bb.<\/p>\n<p class=\"asset asset-text\">La question reste aussi de savoir ce qu\u2019il restera bient\u00f4t encore \u00e0 discuter, alors qu\u2019Isra\u00ebl continue \u00e0 intensifier ses frappes sur l\u2019Iran. Le leadership de T\u00e9h\u00e9ran a d\u00e9j\u00e0 \u00e9t\u00e9 bien \u00e9branl\u00e9, avec ce mardi matin encore la mort d\u2019un influent commandant militaire iranien, Ali Shadmani. Depuis le d\u00e9but de l\u2019op\u00e9ration \u00ab\u00a0Rising Lion\u00a0\u00bb vendredi dernier, Benyamin Netanyahu ne cache pas non plus <a href=\"https:\/\/www.huffingtonpost.fr\/international\/article\/hitler-moderne-pour-benjamin-netanyahu-tuer-ali-khamenei-mettra-fin-au-conflit-entre-israel-et-l-iran_251436.html\" rel=\"nofollow noopener\" target=\"_blank\">sa volont\u00e9 d\u2019\u00e9liminer l\u2019ayatollah Khamenei<\/a>, \u00e0 la t\u00eate du pays depuis 1989, voire de renverser le r\u00e9gime des Mollahs.<\/p>\n<p class=\"asset asset-text\">\u00ab\u00a0Si le pr\u00e9sident Trump est sinc\u00e8re au sujet de la diplomatie et int\u00e9ress\u00e9 par l\u2019arr\u00eat de cette guerre, les prochaines \u00e9tapes sont cons\u00e9quentes\u00a0\u00bb, a d\u00e9clar\u00e9 dans un message sur X ce lundi le ministre des Affaires \u00e9trang\u00e8res iranien, Abbas Araghchi, qui \u00e9tait l\u2019interlocuteur des \u00c9tats-Unis lors des derni\u00e8res n\u00e9gociations. \u00ab\u00a0Il suffit d\u2019un coup de t\u00e9l\u00e9phone de Washington pour museler quelqu\u2019un comme Netanyahou\u00a0[..]\u00a0Cela pourrait ouvrir la voie \u00e0 un retour \u00e0 la diplomatie\u00a0\u00bb, a-t-il ajout\u00e9. Au contraire, l\u2019Iran a pr\u00e9venu que toute participation am\u00e9ricaine \u00e0 une attaque sur leurs installations nucl\u00e9aires mettrait en p\u00e9ril toute possibilit\u00e9 de discussions. Faut-il encore que cela soit toujours l\u2019envie du pr\u00e9sident am\u00e9ricain, plus que jamais seul aux manettes.<\/p>\n","protected":false},"excerpt":{"rendered":"LUDOVIC MARIN \/ AFP Le pr\u00e9sident am\u00e9ricain Donald Trump part apr\u00e8s la photo de famille lors du sommet&hellip;\n","protected":false},"author":2,"featured_media":183621,"comment_status":"","ping_status":"","sticky":false,"template":"","format":"standard","meta":{"footnotes":""},"categories":[5],"tags":[11,75,73,1011,27,14,3019,664,12,7612,28],"class_list":{"0":"post-183620","1":"post","2":"type-post","3":"status-publish","4":"format-standard","5":"has-post-thumbnail","7":"category-international","8":"tag-actualites","9":"tag-donald-trump","10":"tag-etats-unis","11":"tag-fr","12":"tag-france","13":"tag-international","14":"tag-iran","15":"tag-israel","16":"tag-news","17":"tag-proche-orient","18":"tag-world"},"share_on_mastodon":{"url":"https:\/\/pubeurope.com\/@fr\/114699361626583198","error":""},"_links":{"self":[{"href":"https:\/\/www.europesays.com\/fr\/wp-json\/wp\/v2\/posts\/183620","targetHints":{"allow":["GET"]}}],"collection":[{"href":"https:\/\/www.europesays.com\/fr\/wp-json\/wp\/v2\/posts"}],"about":[{"href":"https:\/\/www.europesays.com\/fr\/wp-json\/wp\/v2\/types\/post"}],"author":[{"embeddable":true,"href":"https:\/\/www.europesays.com\/fr\/wp-json\/wp\/v2\/users\/2"}],"replies":[{"embeddable":true,"href":"https:\/\/www.europesays.com\/fr\/wp-json\/wp\/v2\/comments?post=183620"}],"version-history":[{"count":0,"href":"https:\/\/www.europesays.com\/fr\/wp-json\/wp\/v2\/posts\/183620\/revisions"}],"wp:featuredmedia":[{"embeddable":true,"href":"https:\/\/www.europesays.com\/fr\/wp-json\/wp\/v2\/media\/183621"}],"wp:attachment":[{"href":"https:\/\/www.europesays.com\/fr\/wp-json\/wp\/v2\/media?parent=183620"}],"wp:term":[{"taxonomy":"category","embeddable":true,"href":"https:\/\/www.europesays.com\/fr\/wp-json\/wp\/v2\/categories?post=183620"},{"taxonomy":"post_tag","embeddable":true,"href":"https:\/\/www.europesays.com\/fr\/wp-json\/wp\/v2\/tags?post=183620"}],"curies":[{"name":"wp","href":"https:\/\/api.w.org\/{rel}","templated":true}]}}