{"id":183625,"date":"2025-06-17T15:17:11","date_gmt":"2025-06-17T15:17:11","guid":{"rendered":"https:\/\/www.europesays.com\/fr\/183625\/"},"modified":"2025-06-17T15:17:11","modified_gmt":"2025-06-17T15:17:11","slug":"a-champdieu-dessintey-teste-un-concept-dauto-reeducation-guidee","status":"publish","type":"post","link":"https:\/\/www.europesays.com\/fr\/183625\/","title":{"rendered":"A Champdieu, Dessintey teste un concept d\u2019auto-r\u00e9\u00e9ducation guid\u00e9e"},"content":{"rendered":"<p class=\"is-style-chapo\">Depuis six mois, Dessintey teste un espace d\u2019auto-r\u00e9\u00e9ducation guid\u00e9e \u00e0 la R\u00e9sidence Mutualiste Alpha de Champdieu. L\u2019objectif\u00a0? Venir en compl\u00e9ment du travail des th\u00e9rapeutes, travailler en s\u2019amusant, mais aussi rompre l\u2019isolement de certains patients\u2026 Seuls trois sites de la R\u00e9gion participent \u00e0 cette \u00e9tude visant \u00e0 analyser les comportements des patients envers cet outil. A terme, cela pourrait faciliter leur r\u00e9cup\u00e9ration et r\u00e9duire leur temps de s\u00e9jour\u2026<\/p>\n<p><img fetchpriority=\"high\" decoding=\"async\" width=\"1024\" height=\"576\" src=\"https:\/\/www.europesays.com\/fr\/wp-content\/uploads\/2025\/06\/IMG_1846_GEN-scaled-e1743772391659-1024x576.jpg\" alt=\"Dessintey\" class=\"wp-image-79737\"  \/>L\u2019exp\u00e9rience est men\u00e9e au sein de trois centres, pendant neuf mois. \u00a9Dessintey<\/p>\n<p>\u00ab\u00a0Gr\u00e2ce \u00e0 cet outil, les patients travaillent sans s\u2019en rendre compte, constate Amandine Klepper, ergoth\u00e9rapeute \u00e0 la R\u00e9sidence Mutualiste Alpha. C\u2019est devenu un vrai lieu de vie\u00a0\u00bb. L\u2019outil en question ressemble \u00e0 une borne d\u2019arcade avec une ou plusieurs boules bleues. Mise au point par <a href=\"https:\/\/www.if-saint-etienne.fr\/economie\/therapie-miroir-dessintey-prend-de-lampleur\" target=\"_blank\" rel=\"noreferrer noopener\">Dessintey<\/a>, trois dispositifs sont d\u00e9sormais test\u00e9s \u00e0 la R\u00e9sidence mutualiste Alpha de Champdieu. D\u2019abord start-up, aujourd\u2019hui devenue PME, Dessintey est n\u00e9e d\u2019une rencontre suscit\u00e9e par les services \u00e9conomiques de Saint-Etienne M\u00e9tropole entre l\u2019ing\u00e9nieur-entrepreneur Nicolas Fournier et le Pr Pascal Giraux, chef du service MPR (M\u00e9decine physique et de r\u00e9adaptation) au CHU de Saint-Etienne, ainsi que Davy Luneau, th\u00e9rapeute ayant exerc\u00e9 dans le milieu de la r\u00e9\u00e9ducation et qui collaborait auparavant avec ce dernier. <\/p>\n<p>L\u2019entreprise est une medtech sp\u00e9cialis\u00e9e dans la r\u00e9\u00e9ducation intensive des pathologies d\u2019origine neurologique ou orthop\u00e9dique. Son premier dispositif, l\u2019Intensive Visual Stimulation (IVS), portait sur la th\u00e9rapie miroir des membres sup\u00e9rieurs et a \u00e9t\u00e9 commercialis\u00e9 en 2018, puis des membres inf\u00e9rieurs en 2021. En parall\u00e8le, <a href=\"https:\/\/www.dessintey.com\/\" target=\"_blank\" rel=\"noreferrer noopener\">Dessintey<\/a> a ouvert une filiale en Allemagne et d\u00e9velopp\u00e9 de nombreux partenariats \u00e0 l\u2019international, en Belgique, en Roumanie, en Cor\u00e9e, en Italie, en Malaisie, en Inde, \u00e0 Singapour ou encore au Moyen-Orient. <\/p>\n<p>\u00ab\u00a0Aujourd\u2019hui, 350 IVS sont install\u00e9s dans des \u00e9tablissements de sant\u00e9, dont 200 en France, d\u00e9taille Julie Perrin, responsable marketing chez Dessintey. Nous comptons d\u00e9sormais 25 salari\u00e9s avec pour particularit\u00e9 le fait que nos commerciaux sont des th\u00e9rapeutes. Nous sommes pr\u00e9sents dans des h\u00f4pitaux, des cliniques, ou des centres de r\u00e9\u00e9ducation, avec une r\u00e9partition \u00e9gale entre \u00e9tablissements publics et priv\u00e9s\u00a0\u00bb. Avec ce nouvel outil d\u2019auto-r\u00e9\u00e9ducation guid\u00e9e, la structure entend franchir une nouvelle \u00e9tape.<\/p>\n<p>Pr\u00e9parer le retour \u00e0 domicile<\/p>\n<p>Marc Aubry, pr\u00e9sident de la Mutualit\u00e9 fran\u00e7aise Loire-Haute Loire \u2013 Puy-de-D\u00f4me, groupe A\u00e9sio Sant\u00e9, et Nicolas Fournier ont mis en place \u00e0 la R\u00e9sidence Mutualiste Alpha de Champdieu un concept novateur : l\u2019espace d\u2019auto-r\u00e9\u00e9ducation guid\u00e9e. Imagin\u00e9 par Dessintey, il fait partie d\u2019une \u00e9tude men\u00e9e au sein de trois \u00e9tablissements de la r\u00e9gion, aux c\u00f4t\u00e9s de la clinique Iris de Saint-Priest (Rh\u00f4ne) et du centre de soins SSR MGEN Camille Blanc (Haute-Savoie). <\/p>\n<p>Le but est de renforcer l\u2019autonomie des patients en augmentant leur temps d\u2019activit\u00e9 puisque ces espaces sont accessibles sept jours sur sept. \u00ab\u00a0L\u2019espace est ouvert en compl\u00e9ment des s\u00e9ances pour consolider les b\u00e9n\u00e9fices de la r\u00e9\u00e9ducation, pr\u00e9cise Julie Perrin. Et puis quand les familles viennent en visite, c\u2019est aussi une activit\u00e9 \u00e0 faire ensemble\u00a0\u00bb. Les appareils permettent de travailler sur les fonctions motrices et cognitives, avec comme enjeu de faciliter le retour du patient \u00e0 domicile. Pour ce faire, Dessintey a donc cr\u00e9\u00e9 trois appareils.<\/p>\n<blockquote>\n<p>On avait un patient qui ne sortait jamais de sa chambre et qui \u00e9tait toute la journ\u00e9e sur sa tablette. Il s\u2019y est mis et rien que pour \u00e7a, c\u2019est une victoire. <\/p>\n<p>Amandine Klepper, ergoth\u00e9rapeute \u00e0 la R\u00e9sidence Mutualiste Alpha.<\/p><\/blockquote>\n<p>Trois solutions<\/p>\n<p>Le SRT5, adapt\u00e9 aux patients qui ont une bonne motricit\u00e9 et qui permet une grande amplitude de mouvements, le SRT2 pour une coordination bimanuelle et avec une amplitude de mouvement moyenne, et enfin le SRT6 pour un travail attentionnel, qui permet de travailler pour les patients avec une moins bonne r\u00e9cup\u00e9ration. \u00ab\u00a0A leur entr\u00e9e dans l\u2019\u00e9tablissement, les soignants d\u00e9terminent le moment o\u00f9 le patient va pouvoir commencer \u00e0 utiliser cet espace, ajoute la responsable marketing chez Dessintey. L\u2019outil est tr\u00e8s inclusif puisqu\u2019il s\u2019est adapt\u00e9 et d\u00e9clin\u00e9 en trois versions selon la motricit\u00e9 de chacun\u00a0\u00bb. <\/p>\n<p>Ce qui en fait un espace adapt\u00e9 \u00e0 quasi toutes les pathologies, en dehors des cas de d\u00e9mence, ou des patients qui ont des troubles de la vue, \u00e2g\u00e9es ou non. \u00ab\u00a0Cela fait six mois que nous avons cet espace et les patients travaillent sans s\u2019en rendre compte, se r\u00e9jouit Amandine Klepper. Ils peuvent se mobiliser sans le th\u00e9rapeute, m\u00eame si ce dernier reste essentiel. C\u2019est aussi vraiment bien niveau sociabilit\u00e9\u00a0\u00bb.<\/p>\n<p>Rompre l\u2019isolement <\/p>\n<p>Lors des premi\u00e8res s\u00e9ances, les r\u00e9sidents sont accompagn\u00e9s par un professionnel et ensuite sont invit\u00e9s \u00e0 les utiliser en totale autonomie ou avec leurs proches. Les bornes donnent acc\u00e8s \u00e0 des jeux assez universels comme le Mastermind, le Simon, etc. Et les r\u00e9sidents, qui ont acc\u00e8s aux scores des autres, vont m\u00eame jusqu\u2019\u00e0 se challenger entre eux, tentant de battre des records. \u00ab\u00a0On n\u2019est pas forc\u00e9ment orient\u00e9 sur un objectif de r\u00e9cup\u00e9ration, \u00e7a a un c\u00f4t\u00e9 ludique et \u00e7a fait travailler tout le monde, indique l\u2019ergoth\u00e9rapeute. Et lorsque des patients travaillent dessus, cela donne aussi envie aux autres puisqu\u2019il s\u2019agit d\u2019un lieu de passage. On avait un patient qui ne sortait jamais de sa chambre et qui \u00e9tait toute la journ\u00e9e sur sa tablette. Il s\u2019y est mis et rien que pour \u00e7a, c\u2019est une victoire. Les patients, comme nous, aiment beaucoup cet espace\u00a0\u00bb. <\/p>\n<p>Une innovation qui peut g\u00e9n\u00e9rer des gains au niveau sant\u00e9, mais aussi \u00e9conomiques en r\u00e9duisant potentiellement les dur\u00e9es de s\u00e9jour, et les risques de r\u00e9-hospitalisation. Dessintey enregistre une croissance de 50 % par rapport \u00e0 l\u2019ann\u00e9e pr\u00e9c\u00e9dente et a d\u00e9pass\u00e9 les 6,5 millions d\u2019euros de chiffre d\u2019affaires en 2024.<\/p>\n","protected":false},"excerpt":{"rendered":"Depuis six mois, Dessintey teste un espace d\u2019auto-r\u00e9\u00e9ducation guid\u00e9e \u00e0 la R\u00e9sidence Mutualiste Alpha de Champdieu. L\u2019objectif\u00a0? Venir&hellip;\n","protected":false},"author":2,"featured_media":183626,"comment_status":"","ping_status":"","sticky":false,"template":"","format":"standard","meta":{"footnotes":""},"categories":[9653],"tags":[1111,11,32172,32173,2430,32174,1777,674,11536,1011,27,12,32175,13386,25,32176,4001],"class_list":{"0":"post-183625","1":"post","2":"type-post","3":"status-publish","4":"format-standard","5":"has-post-thumbnail","7":"category-saint-etienne","8":"tag-actu","9":"tag-actualites","10":"tag-aesio","11":"tag-aesio-sante","12":"tag-auvergne-rhone-alpes","13":"tag-dessintey","14":"tag-eu","15":"tag-europe","16":"tag-evolutif","17":"tag-fr","18":"tag-france","19":"tag-news","20":"tag-reeducation","21":"tag-region-auvergne-rhone-alpes","22":"tag-republique-francaise","23":"tag-residence-mutualiste-alpha-champdieu","24":"tag-saint-etienne"},"share_on_mastodon":{"url":"https:\/\/pubeurope.com\/@fr\/114699373414255742","error":""},"_links":{"self":[{"href":"https:\/\/www.europesays.com\/fr\/wp-json\/wp\/v2\/posts\/183625","targetHints":{"allow":["GET"]}}],"collection":[{"href":"https:\/\/www.europesays.com\/fr\/wp-json\/wp\/v2\/posts"}],"about":[{"href":"https:\/\/www.europesays.com\/fr\/wp-json\/wp\/v2\/types\/post"}],"author":[{"embeddable":true,"href":"https:\/\/www.europesays.com\/fr\/wp-json\/wp\/v2\/users\/2"}],"replies":[{"embeddable":true,"href":"https:\/\/www.europesays.com\/fr\/wp-json\/wp\/v2\/comments?post=183625"}],"version-history":[{"count":0,"href":"https:\/\/www.europesays.com\/fr\/wp-json\/wp\/v2\/posts\/183625\/revisions"}],"wp:featuredmedia":[{"embeddable":true,"href":"https:\/\/www.europesays.com\/fr\/wp-json\/wp\/v2\/media\/183626"}],"wp:attachment":[{"href":"https:\/\/www.europesays.com\/fr\/wp-json\/wp\/v2\/media?parent=183625"}],"wp:term":[{"taxonomy":"category","embeddable":true,"href":"https:\/\/www.europesays.com\/fr\/wp-json\/wp\/v2\/categories?post=183625"},{"taxonomy":"post_tag","embeddable":true,"href":"https:\/\/www.europesays.com\/fr\/wp-json\/wp\/v2\/tags?post=183625"}],"curies":[{"name":"wp","href":"https:\/\/api.w.org\/{rel}","templated":true}]}}