{"id":183631,"date":"2025-06-17T15:20:14","date_gmt":"2025-06-17T15:20:14","guid":{"rendered":"https:\/\/www.europesays.com\/fr\/183631\/"},"modified":"2025-06-17T15:20:14","modified_gmt":"2025-06-17T15:20:14","slug":"grand-nancy-la-floraison-du-phallus-de-titan-se-fait-attendre-au-jardin-botanique-jean-marie-pelt","status":"publish","type":"post","link":"https:\/\/www.europesays.com\/fr\/183631\/","title":{"rendered":"Grand Nancy. La floraison du phallus de titan se fait attendre au jardin botanique Jean-Marie Pelt"},"content":{"rendered":"<p>Depuis ce week-end, les visiteurs affluent au jardin botanique Jean-Marie Pelt, \u00e0 Villers-l\u00e8s-Nancy, avec l\u2019espoir d\u2019assister \u00e0 la floraison d\u2019\u00c9ros. Ce mardi 17\u00a0juin, l\u2019arum titan, aussi appel\u00e9 phallus de titan, semblait montrer tous les signes d\u2019une inflorescence quasi certaine. Mais la nature est capricieuse, \u00c9ros ne s\u2019est pas encore ouvert.<\/p>\n<p>\u00ab\u00a0\u00c9ros mesure maintenant 1, 58\u00a0m. Sa croissance s\u2019est arr\u00eat\u00e9e et il ne grandit plus\u00a0\u00bb, explique Douglas Tavares, jardinier botaniste sp\u00e9cialiste des arac\u00e9es. \u00ab\u00a0Il peut maintenant s\u2019ouvrir \u00e0 tout moment, on esp\u00e8re que ce sera pour demain, mercredi. L\u2019ouverture de la spathe, bract\u00e9e membraneuse ou foliac\u00e9e de grande taille qui entoure le p\u00e9doncule de la fleur, peut durer quatre cinq heures.\u00a0\u00bb<\/p>\n<p>Une chose est s\u00fbre, la floraison annonc\u00e9e d\u2019un deuxi\u00e8me phallus de titan au jardin botanique suscite beaucoup de curiosit\u00e9. Selon Fr\u00e9d\u00e9ric Pautz, directeur du jardin botanique Jean-Marie Pelt, \u00ab\u00a0on compte d\u00e9j\u00e0 plus de 3\u00a0000 visiteurs en plus depuis l\u2019annonce d\u2019une nouvelle floraison.\u00a0\u00bb Pour ne pas trop attendre, il est conseill\u00e9 de r\u00e9server son entr\u00e9e aux serres sur le site en ligne du jardin botanique.<\/p>\n","protected":false},"excerpt":{"rendered":"Depuis ce week-end, les visiteurs affluent au jardin botanique Jean-Marie Pelt, \u00e0 Villers-l\u00e8s-Nancy, avec l\u2019espoir d\u2019assister \u00e0 la&hellip;\n","protected":false},"author":2,"featured_media":183632,"comment_status":"","ping_status":"","sticky":false,"template":"","format":"standard","meta":{"footnotes":""},"categories":[9635],"tags":[1111,11,1704,436,1777,674,1011,27,775,1702,1703,12,3456,25],"class_list":{"0":"post-183631","1":"post","2":"type-post","3":"status-publish","4":"format-standard","5":"has-post-thumbnail","7":"category-nancy","8":"tag-actu","9":"tag-actualites","10":"tag-edition-nancy-et-agglomeration","11":"tag-environnement","12":"tag-eu","13":"tag-europe","14":"tag-fr","15":"tag-france","16":"tag-grand-est","17":"tag-nancy","18":"tag-nancy-ville-54b","19":"tag-news","20":"tag-region-lorraine","21":"tag-republique-francaise"},"share_on_mastodon":{"url":"https:\/\/pubeurope.com\/@fr\/114699385105004338","error":""},"_links":{"self":[{"href":"https:\/\/www.europesays.com\/fr\/wp-json\/wp\/v2\/posts\/183631","targetHints":{"allow":["GET"]}}],"collection":[{"href":"https:\/\/www.europesays.com\/fr\/wp-json\/wp\/v2\/posts"}],"about":[{"href":"https:\/\/www.europesays.com\/fr\/wp-json\/wp\/v2\/types\/post"}],"author":[{"embeddable":true,"href":"https:\/\/www.europesays.com\/fr\/wp-json\/wp\/v2\/users\/2"}],"replies":[{"embeddable":true,"href":"https:\/\/www.europesays.com\/fr\/wp-json\/wp\/v2\/comments?post=183631"}],"version-history":[{"count":0,"href":"https:\/\/www.europesays.com\/fr\/wp-json\/wp\/v2\/posts\/183631\/revisions"}],"wp:featuredmedia":[{"embeddable":true,"href":"https:\/\/www.europesays.com\/fr\/wp-json\/wp\/v2\/media\/183632"}],"wp:attachment":[{"href":"https:\/\/www.europesays.com\/fr\/wp-json\/wp\/v2\/media?parent=183631"}],"wp:term":[{"taxonomy":"category","embeddable":true,"href":"https:\/\/www.europesays.com\/fr\/wp-json\/wp\/v2\/categories?post=183631"},{"taxonomy":"post_tag","embeddable":true,"href":"https:\/\/www.europesays.com\/fr\/wp-json\/wp\/v2\/tags?post=183631"}],"curies":[{"name":"wp","href":"https:\/\/api.w.org\/{rel}","templated":true}]}}