{"id":183633,"date":"2025-06-17T15:21:10","date_gmt":"2025-06-17T15:21:10","guid":{"rendered":"https:\/\/www.europesays.com\/fr\/183633\/"},"modified":"2025-06-17T15:21:10","modified_gmt":"2025-06-17T15:21:10","slug":"sur-le-pied-de-guerre-nuit-et-jour-le-comite-communal-feux-de-foret-lance-la-saison-estivale-qui-sannonce-chaude-a-sollies-toucas","status":"publish","type":"post","link":"https:\/\/www.europesays.com\/fr\/183633\/","title":{"rendered":"Sur le pied de guerre \u00ab\u00a0nuit et jour\u00a0\u00bb, le comit\u00e9 communal feux de for\u00eat lance la saison estivale qui s&rsquo;annonce chaude \u00e0 Solli\u00e8s-Toucas"},"content":{"rendered":"<p>C\u2019est en pr\u00e9sence du maire, de son adjoint \u00e0 la s\u00e9curit\u00e9 et des repr\u00e9sentants du centre de secours solli\u00e8s-pontois, de la gendarmerie, de la police municipale et de l\u2019ADCCFF83, que le pr\u00e9sident d\u00e9l\u00e9gu\u00e9 du comit\u00e9 communal feux de for\u00eats (CCFF) Nicolas Mourcel a donn\u00e9 le coup d\u2019envoi d\u2019une saison qui s\u2019annonce risqu\u00e9e.<\/p>\n<p>Soixante-cinq b\u00e9n\u00e9voles <\/p>\n<p>\u00ab\u00a0Les effectifs continuent \u00e0 progresser avec l\u2019arriv\u00e9e d\u2019Isabelle Parienti, Gilles Le Guen et Marcel Boujon, portant \u00e0 soixante-cinq le nombre de b\u00e9n\u00e9voles, dont douze femmes et onze v\u00e9t\u00e9tistes\u00a0\u00bb, se f\u00e9licite le pr\u00e9sident. \u00ab\u00a0Comme chaque ann\u00e9e, notre \u00e9quipe travaillera en \u00e9troite collaboration avec les pompiers, l\u2019Office national des for\u00eats et la gendarmerie. Nous serons sur le terrain tous les jours durant toute la p\u00e9riode estivale, de jour comme de nuit, gr\u00e2ce \u00e0 notre \u00e9quipe nocturne de b\u00e9n\u00e9voles, afin de pr\u00e9server la faune et la flore de notre territoire et la s\u00e9curit\u00e9 de tous. L\u2019\u00e9t\u00e9 sera chaud avec de gros risques de d\u00e9part de feu du fait de la pluie printani\u00e8re et d\u2019une v\u00e9g\u00e9tation abondante qui s\u00e8che vite avec les temp\u00e9ratures actuelles!\u00a0\u00bb<\/p>\n<p>                                Du 15 juin au 15 septembre <\/p>\n<p>La route foresti\u00e8re DFCI V40 est d\u00e9sormais ferm\u00e9e jusqu\u2019au 15 septembre inclus, entre l\u2019institut m\u00e9dico-\u00e9ducatif des Mori\u00e8res et Signes. Les r\u00e8gles sont rappel\u00e9es sur le panneau B0 qui interdit l\u2019acc\u00e8s \u00e0 tous v\u00e9hicules (autos, motos et v\u00e9los) sous peine d\u2019une contravention de 135 euros. \u00c0 signaler le d\u00e9placement par l\u2019ADCCFF83 du relais du Mont Caume vers le Grand Cap pour assurer une meilleure \u00e9mission\/r\u00e9ception pour les b\u00e9n\u00e9voles patrouillant sur le plateau de Siou Blanc et dans l\u2019arri\u00e8re-pays toucassin. \u00ab\u00a0Il n\u2019y a plus de zone blanche comme nous avions jusqu\u2019alors, compl\u00e8te le pr\u00e9sident d\u00e9l\u00e9gu\u00e9. Nous serons ainsi plus r\u00e9actifs.\u00a0\u00bb<\/p>\n<p>Dispositif renforc\u00e9 <\/p>\n<p>Comme l\u2019an dernier, le comit\u00e9 communal feux de for\u00eats a mis en place des doubles patrouilles en cas de risque s\u00e9v\u00e8re ou tr\u00e8s s\u00e9v\u00e8re (rouge ou rouge extr\u00eame). Il y aura deux \u00e9quipes de deux b\u00e9n\u00e9voles le matin et l\u2019apr\u00e8s-midi, avec les v\u00e9hicules porteurs d\u2019eau, ainsi que les patrouilleurs en VTT afin de guetter la moindre fum\u00e9e suspecte. La directrice de l\u2019office du tourisme de la Vall\u00e9e du Gapeau, Jesica Quindroit, \u00e9galement pr\u00e9sente, a pris les renseignements n\u00e9cessaires pour informer pr\u00e9cis\u00e9ment les visiteurs et vacanciers. La s\u00e9curit\u00e9 est l\u2019affaire de tous. Soyez prudents!<\/p>\n","protected":false},"excerpt":{"rendered":"C\u2019est en pr\u00e9sence du maire, de son adjoint \u00e0 la s\u00e9curit\u00e9 et des repr\u00e9sentants du centre de secours&hellip;\n","protected":false},"author":2,"featured_media":183634,"comment_status":"","ping_status":"","sticky":false,"template":"","format":"standard","meta":{"footnotes":""},"categories":[9619],"tags":[1111,11,1777,674,1011,27,12,882,25,2310,3366],"class_list":{"0":"post-183633","1":"post","2":"type-post","3":"status-publish","4":"format-standard","5":"has-post-thumbnail","7":"category-toulon","8":"tag-actu","9":"tag-actualites","10":"tag-eu","11":"tag-europe","12":"tag-fr","13":"tag-france","14":"tag-news","15":"tag-provence-alpes-cote-dazur","16":"tag-republique-francaise","17":"tag-toulon","18":"tag-vie-locale"},"share_on_mastodon":{"url":"https:\/\/pubeurope.com\/@fr\/114699389159579459","error":""},"_links":{"self":[{"href":"https:\/\/www.europesays.com\/fr\/wp-json\/wp\/v2\/posts\/183633","targetHints":{"allow":["GET"]}}],"collection":[{"href":"https:\/\/www.europesays.com\/fr\/wp-json\/wp\/v2\/posts"}],"about":[{"href":"https:\/\/www.europesays.com\/fr\/wp-json\/wp\/v2\/types\/post"}],"author":[{"embeddable":true,"href":"https:\/\/www.europesays.com\/fr\/wp-json\/wp\/v2\/users\/2"}],"replies":[{"embeddable":true,"href":"https:\/\/www.europesays.com\/fr\/wp-json\/wp\/v2\/comments?post=183633"}],"version-history":[{"count":0,"href":"https:\/\/www.europesays.com\/fr\/wp-json\/wp\/v2\/posts\/183633\/revisions"}],"wp:featuredmedia":[{"embeddable":true,"href":"https:\/\/www.europesays.com\/fr\/wp-json\/wp\/v2\/media\/183634"}],"wp:attachment":[{"href":"https:\/\/www.europesays.com\/fr\/wp-json\/wp\/v2\/media?parent=183633"}],"wp:term":[{"taxonomy":"category","embeddable":true,"href":"https:\/\/www.europesays.com\/fr\/wp-json\/wp\/v2\/categories?post=183633"},{"taxonomy":"post_tag","embeddable":true,"href":"https:\/\/www.europesays.com\/fr\/wp-json\/wp\/v2\/tags?post=183633"}],"curies":[{"name":"wp","href":"https:\/\/api.w.org\/{rel}","templated":true}]}}