{"id":183639,"date":"2025-06-17T15:24:10","date_gmt":"2025-06-17T15:24:10","guid":{"rendered":"https:\/\/www.europesays.com\/fr\/183639\/"},"modified":"2025-06-17T15:24:10","modified_gmt":"2025-06-17T15:24:10","slug":"dame-de-pique-reine-de-coeur-la-retrospective-consacree-a-miss-tic","status":"publish","type":"post","link":"https:\/\/www.europesays.com\/fr\/183639\/","title":{"rendered":"\u00ab\u00a0Dame de pique, Reine de c\u0153ur\u00a0\u00bb, la r\u00e9trospective consacr\u00e9e \u00e0 Miss.Tic"},"content":{"rendered":"<p>            Par<br \/>\n        <strong><br \/>\n            <a href=\"https:\/\/actu.fr\/auteur\/manon-haddouche\" title=\"Consulter tous les articles de Manon Haddouche\" rel=\"nofollow noopener\" target=\"_blank\">Manon Haddouche<\/a><br \/>\n        <\/strong><\/p>\n<p>        Publi\u00e9 le<\/p>\n<p>            17 juin 2025 \u00e0 16h59        <\/p>\n<p>Du jeudi 19 juin au dimanche 12 octobre 2025, le mus\u00e9e <strong>Parcelle473 \u00e0 Montpellier<\/strong> met \u00e0 l\u2019honneur la <strong>street artiste Miss.Tic<\/strong> au travers d\u2019une exposition retra\u00e7ant<strong> son parcours et l\u2019h\u00e9ritage<\/strong> qu\u2019elle l\u00e8gue \u00e0 l\u2019art urbain. Une<strong> cinquantaine d\u2019\u0153uvres<\/strong> seront pr\u00e9sent\u00e9es. Elles sont issues de la collection personnelle de la galeriste historique et amie de l\u2019artiste <strong>L\u00e9lia Mordoch<\/strong>,\u00a0des collections priv\u00e9es d\u2019<strong>Eric Brugier<\/strong> et\u00a0de <strong>Laurent Rigail<\/strong>,\u00a0fondateurs du mus\u00e9e et de pr\u00eats de collectionneurs. \u00ab\u00a0Il y aura des \u0153uvres<strong> des ann\u00e9es 90 jusqu\u2019aux ann\u00e9es<\/strong> 2020,dont quelques pi\u00e8ces en anglais particuli\u00e8rement rares \u00bb, pr\u00e9cise Laurent Rigail.<\/p>\n<p>Pionni\u00e8re du pochoir\u00a0<\/p>\n<p class=\" wall-content\">\u00ab\u00a0C\u2019est la vie, \u00e7a va passer\u00a0\u00bb. Pionni\u00e8re du pochoir, Miss.Tic a su imposer son style reconnaissable entre tous : des silhouettes f\u00e9minines percutantes accompagn\u00e9es de phrases incisives. Installations, sculptures, peintures et diffusion d\u2019un documentaire intime sur l\u2019artiste\u2026 Avec cette exposition, Parcelle473 propose une immersion dans son univers, o\u00f9 chaque \u0153uvre dialogue avec les grands th\u00e8mes de son travail : <strong>la libert\u00e9, la f\u00e9minit\u00e9 et l\u2019insolence<\/strong>. D\u2019o\u00f9 le titre de l\u2019exposition \u00ab Dame de pique, Reine de c\u0153ur. \u00bb<\/p>\n<p>Une exposition \u00ab\u00a0hommage\u00a0\u00bb<\/p>\n<p class=\" wall-content\">Cette exposition rev\u00eat une dimension plus personnelle pour Laurent Rigail, <strong>ami et galeriste de l\u2019artiste<\/strong> pendant 10 ans. \u00ab Lorsque j\u2019ai ouvert le mus\u00e9e \u00e0 Montpellier en 2022, j\u2019ai propos\u00e9 \u00e0 Miss.Tic de lui d\u00e9dier une exposition. C\u2019est \u00e0 ce moment-l\u00e0 qu\u2019elle m\u2019a annonc\u00e9 qu\u2019elle \u00e9tait affaiblie et les choses ne se sont pas faites. C\u2019est le dernier \u00e9change que j\u2019ai eu avec elle. Cette exposition me tient particuli\u00e8rement \u00e0 c\u0153ur, c\u2019est une sorte d\u2019hommage \u00bb, explique-t-il. \u00ab Solos shows, \u00e9ditions, c\u00e9ramiques, groupes shows\u2026 j\u2019ai pr\u00e9sent\u00e9 son travail dans diff\u00e9rentes villes en France mais aussi \u00e0 Londres \u00bb. Il confie pour l\u2019anecdote : \u00ab Je l\u2019ai toujours vouvoy\u00e9 mais avec complicit\u00e9 et amiti\u00e9. C\u2019\u00e9tait notre mode de fonctionnement, c\u2019\u00e9tait une tr\u00e8s forte personnalit\u00e9. \u00bb<\/p>\n<p>    <img   decoding=\"async\" loading=\"lazy\" src=\"https:\/\/www.europesays.com\/fr\/wp-content\/uploads\/2025\/06\/unnamed-2-3-960x640.jpg\" alt=\" \u00ab Dame de pique, Reine de c\u0153ur \u00bb.\" width=\"960\" height=\"640\"\/><br \/>\n    \u00ab Dame de pique, Reine de c\u0153ur \u00bb. (\u00a9DR )Dame de pique, reine de c\u0153ur<\/p>\n<p class=\" wall-content\">\u00ab\u00a0J\u2019aimais beaucoup son travail. D\u00e9j\u00e0 c\u2019est une pr\u00e9curseuse en tant que street artist\u00a0 f\u00e9minine. Elle a ouvert la voie. J\u2019aimais son c\u00f4t\u00e9 \u00e0 la fois po\u00e9tique, tendre mais aussi piquant et un peu d\u00e9cal\u00e9. Elle d\u00e9tournait les mots pour d\u00e9fendre ses id\u00e9es. C\u2019\u00e9tait une femme tr\u00e8s engag\u00e9e, pour les femmes, pour les artistes. Elle ne m\u00e2chait pas ses mots, elle \u00e9tait toujours tr\u00e8s directe et sinc\u00e8re et \u00e7a se ressent dans ses \u0153uvres \u00bb, sourit Laurent Rigail.<\/p>\n<p>Une figure incontournable du street art\u00a0<\/p>\n<p class=\" wall-content\"><strong>Radhia Aounallah<\/strong>, dite Miss.Tic, est une artiste de street art fran\u00e7aise, n\u00e9e le 20 f\u00e9vrier 1956 \u00e0 Paris o\u00f9 elle est d\u00e9c\u00e9d\u00e9e le 22 mai 2022. Elle est connue pour ses \u0153uvres au pochoir, essentiellement sur les murs de Paris. Plasticienne et po\u00e9tesse d\u2019art urbain, elle r\u00e9alise ses \u0153uvres dans le paysage pictural et urbain \u00e0 partir de 1985. Intime et \u00e9minemment politique, <strong>son \u0153uvre souffle un air de r\u00e9volte<\/strong>. Disparue en mai 2022 \u00e0 l\u2019\u00e2ge de 66 ans, Miss.Tic occupe une place centrale au sein d\u2019une histoire de l\u2019art en train de s\u2019\u00e9crire.<\/p>\n<p>Vid\u00e9os : en ce moment sur Actu<\/p>\n<p class=\" wall-content\">Ses \u0153uvres ont \u00e9t\u00e9 expos\u00e9es dans de multiples expositions personnelles et collectives en France, en Espagne, en Italie et en Allemagne, et font l\u2019objet de nombreuses publications. Miss.Tic appara\u00eet dans plusieurs collections publiques, parmi lesquelles le Fonds municipal d\u2019art contemporain de Paris, le Victoria and Albert Museum \u00e0 Londres, le MUCEM \u00e0 Marseille et le Mus\u00e9e Ingres de Montauban.<\/p>\n<p>Programmation autour de l\u2019exposition<\/p>\n<p class=\" wall-content\">En compl\u00e9ment du parcours artistique, le mus\u00e9e propose plusieurs rendez-vous :<\/p>\n<ul class=\" wall-content\">\n<li>Une projection du film documentaire \u00ab Dans les yeux de Misstic \u00bb r\u00e9alis\u00e9 par Thomas Granovsky (9 minutes) qui plonge le spectateur dans l\u2019intimit\u00e9 de l\u2019artiste.<\/li>\n<li>Des ateliers de pochoirs pour les enfants pour s\u2019initier \u00e0 cette technique.<\/li>\n<li>La vente de produits d\u00e9riv\u00e9s \u00e0 la boutique du mus\u00e9e dont un livre sp\u00e9cialement r\u00e9alis\u00e9 pour l\u2019exposition.<\/li>\n<\/ul>\n<p><strong>&gt; Pratique :<\/strong> Exposition Miss.Tic, du 19 juin au 12 octobre, au Mus\u00e9e Parcelle473, avenue des Fr\u00e8res Buhler, \u00e0 Montpellier. <a href=\"https:\/\/www.parcelle473.com\/pr%C3%A9parez-votre-visite\" rel=\"nofollow noopener\" target=\"_blank\">Tarifs par ici<\/a>.\u00a0<\/p>\n<p class=\" wall-content\">Suivez toute l\u2019actualit\u00e9 de vos villes et m\u00e9dias favoris en vous inscrivant \u00e0 <a href=\"https:\/\/moncompte.actu.fr\" title=\"D\u00e9couvez Mon Actu\" rel=\"nofollow noopener\" data-trk=\"{&quot;cta&quot;:{&quot;action&quot;:&quot;https:\\\/\\\/moncompte.actu.fr&quot;,&quot;category&quot;:&quot;mon compte&quot;,&quot;from&quot;:&quot;article footer&quot;,&quot;name&quot;:&quot;Mon actu&quot;,&quot;type&quot;:&quot;cta&quot;}}\" target=\"_blank\">Mon Actu<\/a>.<\/p>\n","protected":false},"excerpt":{"rendered":"Par Manon Haddouche Publi\u00e9 le 17 juin 2025 \u00e0 16h59 Du jeudi 19 juin au dimanche 12 octobre&hellip;\n","protected":false},"author":2,"featured_media":183640,"comment_status":"","ping_status":"","sticky":false,"template":"","format":"standard","meta":{"footnotes":""},"categories":[9599],"tags":[1111,11,1777,674,1349,1011,27,1652,2208,12,2680,25],"class_list":{"0":"post-183639","1":"post","2":"type-post","3":"status-publish","4":"format-standard","5":"has-post-thumbnail","7":"category-montpellier","8":"tag-actu","9":"tag-actualites","10":"tag-eu","11":"tag-europe","12":"tag-expositions","13":"tag-fr","14":"tag-france","15":"tag-loisirs-culture","16":"tag-montpellier","17":"tag-news","18":"tag-occitanie","19":"tag-republique-francaise"},"share_on_mastodon":{"url":"https:\/\/pubeurope.com\/@fr\/114699401065346851","error":""},"_links":{"self":[{"href":"https:\/\/www.europesays.com\/fr\/wp-json\/wp\/v2\/posts\/183639","targetHints":{"allow":["GET"]}}],"collection":[{"href":"https:\/\/www.europesays.com\/fr\/wp-json\/wp\/v2\/posts"}],"about":[{"href":"https:\/\/www.europesays.com\/fr\/wp-json\/wp\/v2\/types\/post"}],"author":[{"embeddable":true,"href":"https:\/\/www.europesays.com\/fr\/wp-json\/wp\/v2\/users\/2"}],"replies":[{"embeddable":true,"href":"https:\/\/www.europesays.com\/fr\/wp-json\/wp\/v2\/comments?post=183639"}],"version-history":[{"count":0,"href":"https:\/\/www.europesays.com\/fr\/wp-json\/wp\/v2\/posts\/183639\/revisions"}],"wp:featuredmedia":[{"embeddable":true,"href":"https:\/\/www.europesays.com\/fr\/wp-json\/wp\/v2\/media\/183640"}],"wp:attachment":[{"href":"https:\/\/www.europesays.com\/fr\/wp-json\/wp\/v2\/media?parent=183639"}],"wp:term":[{"taxonomy":"category","embeddable":true,"href":"https:\/\/www.europesays.com\/fr\/wp-json\/wp\/v2\/categories?post=183639"},{"taxonomy":"post_tag","embeddable":true,"href":"https:\/\/www.europesays.com\/fr\/wp-json\/wp\/v2\/tags?post=183639"}],"curies":[{"name":"wp","href":"https:\/\/api.w.org\/{rel}","templated":true}]}}