{"id":183645,"date":"2025-06-17T15:27:11","date_gmt":"2025-06-17T15:27:11","guid":{"rendered":"https:\/\/www.europesays.com\/fr\/183645\/"},"modified":"2025-06-17T15:27:11","modified_gmt":"2025-06-17T15:27:11","slug":"les-elus-de-la-metropole-de-grenoble-lancent-un-appel-national-pour-plus-degalite","status":"publish","type":"post","link":"https:\/\/www.europesays.com\/fr\/183645\/","title":{"rendered":"les \u00e9lus de la M\u00e9tropole de Grenoble lancent un appel national pour plus d\u2019\u00e9galit\u00e9"},"content":{"rendered":"<p>R\u00e9unis \u00e0 l\u2019occasion de l\u2019\u00e9v\u00e9nement \u00ab\u00a0<a href=\"https:\/\/www.ledauphine.com\/culture-loisirs\/2025\/06\/11\/isere-grenoble-salome-saque-victoire-tuaillon-vincent-edin-le-feminisme-fait-le-printemps-en-grand-samedi-a-la-mc2\" target=\"_blank\" rel=\"noopener\">Le F\u00e9minisme fait le printemps en grand\u00a0\u00bb<\/a> , les \u00e9lus de Grenoble Alpes M\u00e9tropole, soutenus par plusieurs personnalit\u00e9s, ont lanc\u00e9 un appel \u00e0 l\u2019\u00c9tat pour renforcer les politiques en faveur de l\u2019\u00e9galit\u00e9 entre les femmes et les hommes.<\/p>\n<p>  Un appel \u00e0 passer des mots aux actes<\/p>\n<p>Malgr\u00e9 les promesses de 2017, l\u2019\u00e9galit\u00e9 reste encore largement th\u00e9orique\u00a0selon les \u00e9lus\u00a0: un budget national \u00ab\u00a0plafonn\u00e9 \u00e0 100\u00a0millions d\u2019euros\u00a0\u00bb, des f\u00e9minicides toujours nombreux (94 femmes tu\u00e9es en 2024), des r\u00e9ponses judiciaires jug\u00e9es trop lentes, et un \u00e9cart de salaire qui stagne \u00e0 15,2\u00a0%.<\/p>\n<p>\u00ab\u00a0Les familles monoparentales, \u00e0 82\u00a0% port\u00e9es par des m\u00e8res seules, vivent en premi\u00e8re ligne la pr\u00e9carit\u00e9, le surmenage, l\u2019isolement\u00a0\u00bb, rappellent ces derniers.<\/p>\n<p>Ils demandent\u00a0\u00a0l\u2019instauration d\u2019un\u00a0cong\u00e9 menstruel<\/p>\n<p>Face \u00e0 ce constat, les signataires du plaidoyer appellent \u00e0 un changement d\u2019\u00e9chelle. Ils demandent notamment l\u2019instauration d\u2019un <a href=\"https:\/\/www.ledauphine.com\/societe\/2025\/01\/29\/interdiction-des-conges-menstruels-en-tant-que-femme-qui-en-souffre-j-ai-ete-choquee-temoignage-en-isere\" target=\"_blank\" rel=\"noopener\">cong\u00e9 menstruel<\/a>, l\u2019\u00e9galit\u00e9 des droits parentaux, la g\u00e9n\u00e9ralisation des Maisons des femmes ou encore la budg\u00e9tisation sensible au genre. Ils plaident \u00e9galement pour un renforcement du soutien aux familles monoparentales et des avanc\u00e9es concr\u00e8tes dans la <a href=\"https:\/\/www.ledauphine.com\/elections\/2025\/04\/27\/une-aberration-ces-habitants-de-cognin-les-gorges-opposes-a-la-reforme-des-elections-municipales\" target=\"_blank\" rel=\"noopener\">f\u00e9minisation des fonctions \u00e9lectives<\/a>.<\/p>\n<p>Un message clair\u00a0: \u00ab\u00a0L\u2019\u00e9galit\u00e9 femmes-hommes ne peut se limiter \u00e0 des slogans ou des promesses. Il est temps de la traduire v\u00e9ritablement en actes.\u00a0\u00bb<\/p>\n","protected":false},"excerpt":{"rendered":"R\u00e9unis \u00e0 l\u2019occasion de l\u2019\u00e9v\u00e9nement \u00ab\u00a0Le F\u00e9minisme fait le printemps en grand\u00a0\u00bb , les \u00e9lus de Grenoble Alpes&hellip;\n","protected":false},"author":2,"featured_media":183646,"comment_status":"","ping_status":"","sticky":false,"template":"","format":"standard","meta":{"footnotes":""},"categories":[9566],"tags":[1111,11,2430,112,1777,674,6757,1011,27,2731,2732,108,1985,12,316,25,104],"class_list":{"0":"post-183645","1":"post","2":"type-post","3":"status-publish","4":"format-standard","5":"has-post-thumbnail","7":"category-grenoble","8":"tag-actu","9":"tag-actualites","10":"tag-auvergne-rhone-alpes","11":"tag-edition-grenoble-agglomeration","12":"tag-eu","13":"tag-europe","14":"tag-feminisme","15":"tag-fr","16":"tag-france","17":"tag-grenoble","18":"tag-grenoble-bassin","19":"tag-isere","20":"tag-metropole-de-grenoble","21":"tag-news","22":"tag-politique","23":"tag-republique-francaise","24":"tag-societe"},"share_on_mastodon":{"url":"https:\/\/pubeurope.com\/@fr\/114699412652231848","error":""},"_links":{"self":[{"href":"https:\/\/www.europesays.com\/fr\/wp-json\/wp\/v2\/posts\/183645","targetHints":{"allow":["GET"]}}],"collection":[{"href":"https:\/\/www.europesays.com\/fr\/wp-json\/wp\/v2\/posts"}],"about":[{"href":"https:\/\/www.europesays.com\/fr\/wp-json\/wp\/v2\/types\/post"}],"author":[{"embeddable":true,"href":"https:\/\/www.europesays.com\/fr\/wp-json\/wp\/v2\/users\/2"}],"replies":[{"embeddable":true,"href":"https:\/\/www.europesays.com\/fr\/wp-json\/wp\/v2\/comments?post=183645"}],"version-history":[{"count":0,"href":"https:\/\/www.europesays.com\/fr\/wp-json\/wp\/v2\/posts\/183645\/revisions"}],"wp:featuredmedia":[{"embeddable":true,"href":"https:\/\/www.europesays.com\/fr\/wp-json\/wp\/v2\/media\/183646"}],"wp:attachment":[{"href":"https:\/\/www.europesays.com\/fr\/wp-json\/wp\/v2\/media?parent=183645"}],"wp:term":[{"taxonomy":"category","embeddable":true,"href":"https:\/\/www.europesays.com\/fr\/wp-json\/wp\/v2\/categories?post=183645"},{"taxonomy":"post_tag","embeddable":true,"href":"https:\/\/www.europesays.com\/fr\/wp-json\/wp\/v2\/tags?post=183645"}],"curies":[{"name":"wp","href":"https:\/\/api.w.org\/{rel}","templated":true}]}}