{"id":183651,"date":"2025-06-17T15:30:39","date_gmt":"2025-06-17T15:30:39","guid":{"rendered":"https:\/\/www.europesays.com\/fr\/183651\/"},"modified":"2025-06-17T15:30:39","modified_gmt":"2025-06-17T15:30:39","slug":"contribuer-au-financement-dune-centrale-solaire-cest-possible-pres-de-rennes","status":"publish","type":"post","link":"https:\/\/www.europesays.com\/fr\/183651\/","title":{"rendered":"Contribuer au financement d\u2019une centrale solaire, c\u2019est possible pr\u00e8s de Rennes"},"content":{"rendered":"<p>320 000 \u20ac, c\u2019est le montant recherch\u00e9 en financement participatif par TotalEnergies, pour <a href=\"https:\/\/www.letelegramme.fr\/ille-et-vilaine\/rennes-35000\/total-investit-3-meur-pour-installer-pres-de-6-000-panneaux-solaires-pres-de-rennes-6763239.php\" target=\"_blank\" rel=\"noopener\">la centrale solaire<\/a> qu\u2019il construit sur une ancienne carri\u00e8re \u00e0 Janz\u00e9 (35), au sud-est de Rennes. Pens\u00e9e pour impliquer les riverains et \u00e9viter les lev\u00e9es de boucliers, l\u2019op\u00e9ration propose, \u00e0 ceux qui le souhaitent, de financer ce projet de pr\u00e8s de 6 000 panneaux photovolta\u00efque par le biais d\u2019un pr\u00eat r\u00e9mun\u00e9r\u00e9 sur trois ans et demi (taux d\u2019int\u00e9r\u00eat annuel de 6,5 %).<\/p>\n<p>Pilot\u00e9 par la plateforme <a href=\"https:\/\/www.lendosphere.com\/les-projets\/centrale-solaire-de-janze-en-bretagne\" target=\"_blank\" rel=\"noopener\">Lendosph\u00e8re<\/a>, le financement participatif est ouvert depuis lundi 16 juin aux habitants de la communaut\u00e9 de communes de la Roche aux F\u00e9es et des communes de Tresboeuf, La Couy\u00e8re, Saulni\u00e8res, Corps-Nuds et Pir\u00e9-Chanc\u00e9. \u00c0 partir du lundi 23 juin, il sera \u00e9tendu au reste de l\u2019Ille-et-Vilaine et aux d\u00e9partements limitrophes.<\/p>\n<p>D\u2019un budget total de 3 M\u20ac, la nouvelle centrale solaire doit \u00eatre mise en service en juillet prochain. Elle vise une production annuelle d\u2019\u00e9lectricit\u00e9 de 4,1 MWh, soit l\u2019\u00e9quivalent de la consommation d\u2019\u00e9lectricit\u00e9 annuelle de 2 570 habitants (hors chauffage).<\/p>\n","protected":false},"excerpt":{"rendered":"320 000 \u20ac, c\u2019est le montant recherch\u00e9 en financement participatif par TotalEnergies, pour la centrale solaire qu\u2019il construit&hellip;\n","protected":false},"author":2,"featured_media":183652,"comment_status":"","ping_status":"","sticky":false,"template":"","format":"standard","meta":{"footnotes":""},"categories":[2821],"tags":[1111,11,829,1777,674,1011,27,848,4555,12,584,25],"class_list":{"0":"post-183651","1":"post","2":"type-post","3":"status-publish","4":"format-standard","5":"has-post-thumbnail","7":"category-rennes","8":"tag-actu","9":"tag-actualites","10":"tag-bretagne","11":"tag-eu","12":"tag-europe","13":"tag-fr","14":"tag-france","15":"tag-ille-et-vilaine","16":"tag-local","17":"tag-news","18":"tag-rennes","19":"tag-republique-francaise"},"share_on_mastodon":{"url":"https:\/\/pubeurope.com\/@fr\/114699424559029431","error":""},"_links":{"self":[{"href":"https:\/\/www.europesays.com\/fr\/wp-json\/wp\/v2\/posts\/183651","targetHints":{"allow":["GET"]}}],"collection":[{"href":"https:\/\/www.europesays.com\/fr\/wp-json\/wp\/v2\/posts"}],"about":[{"href":"https:\/\/www.europesays.com\/fr\/wp-json\/wp\/v2\/types\/post"}],"author":[{"embeddable":true,"href":"https:\/\/www.europesays.com\/fr\/wp-json\/wp\/v2\/users\/2"}],"replies":[{"embeddable":true,"href":"https:\/\/www.europesays.com\/fr\/wp-json\/wp\/v2\/comments?post=183651"}],"version-history":[{"count":0,"href":"https:\/\/www.europesays.com\/fr\/wp-json\/wp\/v2\/posts\/183651\/revisions"}],"wp:featuredmedia":[{"embeddable":true,"href":"https:\/\/www.europesays.com\/fr\/wp-json\/wp\/v2\/media\/183652"}],"wp:attachment":[{"href":"https:\/\/www.europesays.com\/fr\/wp-json\/wp\/v2\/media?parent=183651"}],"wp:term":[{"taxonomy":"category","embeddable":true,"href":"https:\/\/www.europesays.com\/fr\/wp-json\/wp\/v2\/categories?post=183651"},{"taxonomy":"post_tag","embeddable":true,"href":"https:\/\/www.europesays.com\/fr\/wp-json\/wp\/v2\/tags?post=183651"}],"curies":[{"name":"wp","href":"https:\/\/api.w.org\/{rel}","templated":true}]}}