{"id":183653,"date":"2025-06-17T15:31:21","date_gmt":"2025-06-17T15:31:21","guid":{"rendered":"https:\/\/www.europesays.com\/fr\/183653\/"},"modified":"2025-06-17T15:31:21","modified_gmt":"2025-06-17T15:31:21","slug":"une-brocante-pour-financer-la-renovation-de-leglise","status":"publish","type":"post","link":"https:\/\/www.europesays.com\/fr\/183653\/","title":{"rendered":"une brocante pour financer la r\u00e9novation de l\u2019\u00e9glise"},"content":{"rendered":"<p>La paroisse Saint-Guillaume organise ce samedi 21\u00a0juin de 8\u00a0h \u00e0 15\u00a0h une brocante pour financer les travaux de r\u00e9novation de l\u2019\u00e9glise de la rue Munch. Rendez-vous est donn\u00e9 aux chineurs \u00e0 l\u2019espace Colod\u2019Art, au 28, rue du Mar\u00e9chal-Lefebvre \u00e0 Strasbourg, pour trouver leur coup de c\u0153ur\u00a0!<\/p>\n<p><a href=\"https:\/\/www.dna.fr\/culture-loisirs\/2024\/07\/06\/saint-guillaume-une-levee-de-fonds-pour-poursuivre-la-restauration\" target=\"_blank\" rel=\"nofollow noopener\">\u00c0 la Krutenau, les travaux de r\u00e9novation de l\u2019\u00e9glise se poursuivent tambour battant<\/a> \u00a0: l\u2019espace sous le clocher est d\u00e9sormais remis en peinture, valorisant ainsi le plus vieux vitrail de Saint-Guillaume, dit de \u00ab\u00a0La vie du Christ\u00a0\u00bb et datant de la premi\u00e8re moiti\u00e9 du XIV e \u00a0si\u00e8cle. Quant aux portes lat\u00e9rales, elles viennent de partir en restauration. \u00ab\u00a0Trouver le financement de ces travaux est une de mes priorit\u00e9s, explique <a href=\"https:\/\/www.dna.fr\/edition-de-strasbourg\/2019\/11\/12\/cyril-pallaud-nouvel-organiste-titulaire-de-saint-guillaume\" target=\"_blank\" rel=\"nofollow noopener\">Cyril Pallaud<\/a>, le pr\u00e9sident de l\u2019association Passions Crois\u00e9es, car sans les donateurs priv\u00e9s, nous ne pourrions pas les r\u00e9aliser.\u00a0\u00bb<\/p>\n<p>Ce contenu est bloqu\u00e9 car vous n&rsquo;avez pas accept\u00e9 les cookies et autres traceurs.<\/p>\n<p>En cliquant sur \u00ab J\u2019accepte \u00bb, les cookies et autres traceurs seront d\u00e9pos\u00e9s et vous pourrez visualiser les contenus  (<a href=\"\" class=\"consentModule_policy\" target=\"_blank\" title=\"Consulter la politique de protection des donn\u00e9es du fournisseur\">plus d&rsquo;informations<\/a>).<\/p>\n<p>En cliquant sur \u00ab J\u2019accepte tous les cookies \u00bb, vous autorisez des d\u00e9p\u00f4ts de cookies et autres traceurs pour le stockage de vos donn\u00e9es sur nos sites et applications \u00e0 des fins de personnalisation et de ciblage publicitaire.<\/p>\n<p class=\"consentModule_secondaryText\">Vous gardez la possibilit\u00e9 de retirer votre consentement \u00e0 tout moment en consultant notre <a href=\"http:\/\/www.dna.fr\/protection-des-donnees\" target=\"_blank\" title=\"Consulter notre politique de protection des donn\u00e9es\" rel=\"nofollow noopener\">politique de protection des donn\u00e9es<\/a>. <br \/>&#13;<br \/>\n            <a href=\"http:\/\/www.dna.fr\/societe\/2025\/06\/17\/javascript:Didomi.notice.show()\" class=\"consentModule_cmp\" rel=\"nofollow noopener\" target=\"_blank\">G\u00e9rer mes choix<\/a>&#13;\n        <\/p>\n<p>&#13;<br \/>\n                        J&rsquo;accepte&#13;<br \/>\n            J&rsquo;accepte tous les cookies&#13;\n        <\/p>\n<p>C\u2019est ainsi que la famille Mursch a contact\u00e9 la paroisse en proposant de faire un legs d\u2019une part de son mobilier. Tables, chaises, lampes, petit mobilier, vaisselle, verrerie, cristal, tableaux, tapis\u2026 seront mis en vente lors de cette brocante, dont l\u2019int\u00e9gralit\u00e9 des recettes sera affect\u00e9e aux travaux de r\u00e9novation de l\u2019\u00e9glise.<\/p>\n<p class=\"note\">Brocante de Saint-Guillaume, samedi 21\u00a0juin de 8\u00a0h \u00e0 15\u00a0h \u00e0 l\u2019espace Colod\u2019Art, 28, rue du Mar\u00e9chal-Lefebvre \u00e0 Strasbourg. Acc\u00e8s libre. Renseignements\u00a0: \u2706 \u00a007\u00a071\u00a005\u00a037\u00a077\u00a0; cpallaud@saint-guillaume.org<\/p>\n","protected":false},"excerpt":{"rendered":"La paroisse Saint-Guillaume organise ce samedi 21\u00a0juin de 8\u00a0h \u00e0 15\u00a0h une brocante pour financer les travaux de&hellip;\n","protected":false},"author":2,"featured_media":183654,"comment_status":"","ping_status":"","sticky":false,"template":"","format":"standard","meta":{"footnotes":""},"categories":[2820],"tags":[1111,11,2880,1777,674,107,1011,27,775,12,5889,25,104,640,2879,1631],"class_list":{"0":"post-183653","1":"post","2":"type-post","3":"status-publish","4":"format-standard","5":"has-post-thumbnail","7":"category-strasbourg","8":"tag-actu","9":"tag-actualites","10":"tag-edition-strasbourg","11":"tag-eu","12":"tag-europe","13":"tag-fil-info","14":"tag-fr","15":"tag-france","16":"tag-grand-est","17":"tag-news","18":"tag-religion-croyance","19":"tag-republique-francaise","20":"tag-societe","21":"tag-strasbourg","22":"tag-strasbourg-ville","23":"tag-vie-associative"},"share_on_mastodon":{"url":"https:\/\/pubeurope.com\/@fr\/114699428459133337","error":""},"_links":{"self":[{"href":"https:\/\/www.europesays.com\/fr\/wp-json\/wp\/v2\/posts\/183653","targetHints":{"allow":["GET"]}}],"collection":[{"href":"https:\/\/www.europesays.com\/fr\/wp-json\/wp\/v2\/posts"}],"about":[{"href":"https:\/\/www.europesays.com\/fr\/wp-json\/wp\/v2\/types\/post"}],"author":[{"embeddable":true,"href":"https:\/\/www.europesays.com\/fr\/wp-json\/wp\/v2\/users\/2"}],"replies":[{"embeddable":true,"href":"https:\/\/www.europesays.com\/fr\/wp-json\/wp\/v2\/comments?post=183653"}],"version-history":[{"count":0,"href":"https:\/\/www.europesays.com\/fr\/wp-json\/wp\/v2\/posts\/183653\/revisions"}],"wp:featuredmedia":[{"embeddable":true,"href":"https:\/\/www.europesays.com\/fr\/wp-json\/wp\/v2\/media\/183654"}],"wp:attachment":[{"href":"https:\/\/www.europesays.com\/fr\/wp-json\/wp\/v2\/media?parent=183653"}],"wp:term":[{"taxonomy":"category","embeddable":true,"href":"https:\/\/www.europesays.com\/fr\/wp-json\/wp\/v2\/categories?post=183653"},{"taxonomy":"post_tag","embeddable":true,"href":"https:\/\/www.europesays.com\/fr\/wp-json\/wp\/v2\/tags?post=183653"}],"curies":[{"name":"wp","href":"https:\/\/api.w.org\/{rel}","templated":true}]}}