{"id":183658,"date":"2025-06-17T15:34:10","date_gmt":"2025-06-17T15:34:10","guid":{"rendered":"https:\/\/www.europesays.com\/fr\/183658\/"},"modified":"2025-06-17T15:34:10","modified_gmt":"2025-06-17T15:34:10","slug":"les-villes-de-nice-et-de-gennevilliers-sommees-de-les-retirer-de-leurs-mairies","status":"publish","type":"post","link":"https:\/\/www.europesays.com\/fr\/183658\/","title":{"rendered":"les villes de Nice et de Gennevilliers somm\u00e9es de les retirer de leurs mairies"},"content":{"rendered":"<p class=\"article-p mdl\">La croix et les banni\u00e8res. Les pr\u00e9fets des Alpes-Maritimes,\u00a0Laurent Hottiaux, et celui des Hauts-de-Seine,\u00a0Alexandre Brug\u00e8re,\u00a0ont respectivement rappel\u00e9 \u00e0 l&rsquo;ordre les mairies de Nice et de\u00a0Gennevilliers\u00a0<strong>\u00ab\u00a0au nom du principe de neutralit\u00e9 du service public\u00a0\u00bb<\/strong>. La raison ? La premi\u00e8re affiche un drapeau isra\u00e9lien sur son fronton, quand la seconde arbore celui de la Palestine.<\/p>\n<p class=\"article-p mdl\">L&rsquo;\u00e9tendard de l&rsquo;\u00c9tat h\u00e9breu flotte sur l&rsquo;h\u00f4tel de ville de Nice depuis\u00a0<a class=\"link\" href=\"https:\/\/www.rtl.fr\/actu\/international\/7-octobre-on-a-compris-qu-on-ne-pouvait-pas-s-enfuir-un-an-apres-plusieurs-rescapes-de-l-attaque-racontent-7900425778\" target=\"_blank\" rel=\"noopener\">les attaques du 7 octobre 2023<\/a>\u00a0en Isra\u00ebl, et <strong>Christian Estrosi s&rsquo;est engag\u00e9 \u00e0 l&rsquo;y laisser<\/strong> tant qu&rsquo;il resterait des otages du Hamas \u00e0 Gaza.<\/p>\n<p class=\"article-p mdl\">\u00ab\u00a0J&rsquo;ai pris des engagements face aux Ni\u00e7ois, a r\u00e9agi l&rsquo;\u00e9lu Horizons lundi 16 juin. Je continuerai jusqu&rsquo;au bout \u00e0 <strong>mettre mon \u00e9nergie contre toutes les formes d&rsquo;antis\u00e9mitisme et d&rsquo;antisionisme<\/strong>\u00ab\u00a0.<\/p>\n<p class=\"article-p mdl\">Il a rappel\u00e9 que plusieurs recours avaient d\u00e9j\u00e0 \u00e9t\u00e9 d\u00e9pos\u00e9s devant le tribunal administratif pour r\u00e9clamer ce retrait. Pour l&rsquo;instant, le tribunal n&rsquo;a rendu qu&rsquo;une seule d\u00e9cision, en <strong>rejetant fin mai 2024 \u00ab\u00a0pour d\u00e9faut d&rsquo;urgence\u00a0\u00bb un recours en r\u00e9f\u00e9r\u00e9 <\/strong>d\u00e9pos\u00e9 par trois citoyens ni\u00e7ois anonymes.\u00a0<\/p>\n<p>            \u00ab\u00a0Un deux poids, deux mesures inacceptable\u00a0\u00bb pour le maire de Gennevilliers<\/p>\n<p class=\"article-p mdl\">Depuis fin 2023, <strong>des manifestations quasi-hebdomadaires pro-palestiniennes <\/strong>ont \u00e9t\u00e9 organis\u00e9es \u00e0 Nice avec comme point de ralliement la mairie. Les participants r\u00e9clament \u00e0 chaque fois que puisse flotter celui de la Palestine \u00e0 la place.\u00a0<\/p>\n<p class=\"article-p mdl\">Invoquant \u00e0 nouveau le principe de neutralit\u00e9,<strong> la pr\u00e9fecture des Hauts-de-Seine a pareillement demand\u00e9 vendredi le retrait de la banni\u00e8re palestinienne<\/strong> hiss\u00e9e sur le parvis de l&rsquo;h\u00f4tel de ville de Gennevilliers.\u00a0<\/p>\n<p class=\"article-p mdl\">Le pr\u00e9fet Alexandre Brug\u00e8re voit <strong>un symbole politique<\/strong> dans ces couleurs noir-blanc-vert orn\u00e9es d&rsquo;un triangle rouge. C&rsquo;est l&rsquo;argument qu&rsquo;il a d\u00e9velopp\u00e9 dans un courrier adress\u00e9 au maire communiste Patrice Leclerc, qui est lui offusqu\u00e9 de voir plusieurs communes mettre en avant la banni\u00e8re isra\u00e9lienne.<\/p>\n<p class=\"article-p mdl\">\u00ab\u00a0Alors que la mairie d&rsquo;Antony a aussi \u00e0 son fronton, dans les Hauts-de-Seine, ce drapeau d&rsquo;un\u00a0\u00c9tat qu&rsquo;on accuse de g\u00e9nocide, on ne lui demande pas de le retirer\u2026 <strong>C&rsquo;est un deux poids, deux mesures inacceptable<\/strong>\u00ab\u00a0, dit-il \u00e0 RTL, \u00e9voquant \u00e9galement la situation \u00e0 Nice, o\u00f9 la pr\u00e9fecture n&rsquo;a pas r\u00e9agi avant 20 mois, photos en mains.<\/p>\n<p class=\"article-p mdl\">L&rsquo;\u00e9dile souligne par ailleurs qu&rsquo;il n&rsquo;a jamais re\u00e7u de courrier rappelant au principe de neutralit\u00e9 lorsque<strong> la mairie \u00e9tait pavois\u00e9e aux couleurs ukrainiennes<\/strong> au d\u00e9but de l&rsquo;invasion russe.<\/p>\n<p>            Des habitants partag\u00e9s sur la question<\/p>\n<p class=\"article-p mdl\">Les habitants de cette banlieue de Paris sont partag\u00e9s. \u00ab\u00a0C&rsquo;est l\u00e0 depuis des mois mais il n&rsquo;y a jamais un mot pour les otages isra\u00e9liens, je ne suis pas du tout d&rsquo;accord et <strong>cela me choque<\/strong>\u00ab\u00a0, explique Leone, qui soutient la position de la pr\u00e9fecture.<\/p>\n<p>Devant l&rsquo;arr\u00eat de bus, Mess lui peine \u00e0 comprendre cette derni\u00e8re : \u00ab\u00a0Il faut \u00eatre solidaire avec le peuple palestinien, je pense qu&rsquo;il faut prendre position car les lois internationales ne sont pas respect\u00e9es.<strong> C&rsquo;est une question humaine<\/strong>\u00ab\u00a0.<\/p>\n<p>\u00c0 Gennevilliers, la pr\u00e9fecture justifie par ailleurs sa demande avec\u00a0une d\u00e9cision\u00a0de d\u00e9cembre du tribunal administratif de Montreuil consid\u00e9rant que le choix d&rsquo;afficher une telle banderole <strong>\u00ab\u00a0rel\u00e8ve de la comp\u00e9tence du conseil municipal\u00a0\u00bb<\/strong>. Selon ce m\u00eame jugement, \u00ab\u00a0la reproduction d\u2019un drapeau palestinien constitutif<br \/>\nd\u2019un symbole politique\u00a0\u00bb d\u00e9passe \u00ab\u00a0le simple soutien \u00e0 la population civile<br \/>\npalestinienne de Gaza\u00a0\u00bb dans le contexte actuel.<\/p>\n<p>Comme \u00e0 Nice avec celui d&rsquo;Isra\u00ebl, le drapeau flotte toujours et le conseil municipal se prononcera pour l&rsquo;y maintenir le 25 juin prochain, assure Patrice Leclerc, r\u00e9clamant le respect du droit international et <strong>la reconnaissance d&rsquo;un\u00a0\u00c9tat palestinien, comme entend le faire\u00a0<\/strong><a class=\"link\" href=\"https:\/\/www.rtl.fr\/actu\/politique\/gaza-la-reconnaissance-d-un-etat-palestinien-est-un-devoir-moral-dit-emmanuel-macron-qui-veut-durcir-la-position-contre-israel-7900510654\" target=\"_blank\" rel=\"noopener\"><strong>Emmanuel Macron<\/strong><\/a>.<\/p>\n<p>Selon\u00a0<a class=\"link\" href=\"https:\/\/france3-regions.franceinfo.fr\/paris-ile-de-france\/hauts-de-seine\/polemique-drapeau-palestinien-sur-une-mairie-solidarite-humanitaire-ou-symbole-politique-un-prefet-demande-le-retrait-d-un-drapeau-3172101.html\" target=\"_blank\" rel=\"noopener\">France 3 R\u00e9gions<\/a>, <strong>la mairie de Saint-Denis a \u00e9t\u00e9 avertie par la pr\u00e9fecture de Seine-Saint-Denis<\/strong> pour les m\u00eames raisons. Hiss\u00e9 vendredi en pr\u00e9sence de l&rsquo;ambassadrice de la Palestine en France dans le cadre d&rsquo;un week-end de mobilisation, le drapeau a \u00e9t\u00e9 retir\u00e9 dimanche comme pr\u00e9vu initialement.<\/p>\n<p>    La r\u00e9daction vous recommande<\/p>\n<p class=\"s-newsletter__title\">\n                L\u2019actualit\u00e9 par la r\u00e9daction de RTL dans votre bo\u00eete mail.\n            <\/p>\n<p class=\"s-newsletter__subtitle\">\n                Gr\u00e2ce \u00e0 votre compte RTL abonnez-vous \u00e0 la newsletter RTL info pour suivre toute l&rsquo;actualit\u00e9 au quotidien\n            <\/p>\n<p>\n                                    Lire la suite\n                                <\/p>\n","protected":false},"excerpt":{"rendered":"La croix et les banni\u00e8res. Les pr\u00e9fets des Alpes-Maritimes,\u00a0Laurent Hottiaux, et celui des Hauts-de-Seine,\u00a0Alexandre Brug\u00e8re,\u00a0ont respectivement rappel\u00e9 \u00e0&hellip;\n","protected":false},"author":2,"featured_media":183659,"comment_status":"","ping_status":"","sticky":false,"template":"","format":"standard","meta":{"footnotes":""},"categories":[2819],"tags":[1111,11,2898,2397,3259,1777,674,107,1011,27,665,3314,14,664,12,2401,3518,316,8916,882,25],"class_list":{"0":"post-183658","1":"post","2":"type-post","3":"status-publish","4":"format-standard","5":"has-post-thumbnail","7":"category-nice","8":"tag-actu","9":"tag-actualites","10":"tag-alpes-maritimes","11":"tag-christian-estrosi","12":"tag-conflit-israelo-palestinien","13":"tag-eu","14":"tag-europe","15":"tag-fil-info","16":"tag-fr","17":"tag-france","18":"tag-gaza","19":"tag-hauts-de-seine","20":"tag-international","21":"tag-israel","22":"tag-news","23":"tag-nice","24":"tag-palestine","25":"tag-politique","26":"tag-prefecture","27":"tag-provence-alpes-cote-dazur","28":"tag-republique-francaise"},"share_on_mastodon":{"url":"https:\/\/pubeurope.com\/@fr\/114699440388543686","error":""},"_links":{"self":[{"href":"https:\/\/www.europesays.com\/fr\/wp-json\/wp\/v2\/posts\/183658","targetHints":{"allow":["GET"]}}],"collection":[{"href":"https:\/\/www.europesays.com\/fr\/wp-json\/wp\/v2\/posts"}],"about":[{"href":"https:\/\/www.europesays.com\/fr\/wp-json\/wp\/v2\/types\/post"}],"author":[{"embeddable":true,"href":"https:\/\/www.europesays.com\/fr\/wp-json\/wp\/v2\/users\/2"}],"replies":[{"embeddable":true,"href":"https:\/\/www.europesays.com\/fr\/wp-json\/wp\/v2\/comments?post=183658"}],"version-history":[{"count":0,"href":"https:\/\/www.europesays.com\/fr\/wp-json\/wp\/v2\/posts\/183658\/revisions"}],"wp:featuredmedia":[{"embeddable":true,"href":"https:\/\/www.europesays.com\/fr\/wp-json\/wp\/v2\/media\/183659"}],"wp:attachment":[{"href":"https:\/\/www.europesays.com\/fr\/wp-json\/wp\/v2\/media?parent=183658"}],"wp:term":[{"taxonomy":"category","embeddable":true,"href":"https:\/\/www.europesays.com\/fr\/wp-json\/wp\/v2\/categories?post=183658"},{"taxonomy":"post_tag","embeddable":true,"href":"https:\/\/www.europesays.com\/fr\/wp-json\/wp\/v2\/tags?post=183658"}],"curies":[{"name":"wp","href":"https:\/\/api.w.org\/{rel}","templated":true}]}}