{"id":183660,"date":"2025-06-17T15:35:24","date_gmt":"2025-06-17T15:35:24","guid":{"rendered":"https:\/\/www.europesays.com\/fr\/183660\/"},"modified":"2025-06-17T15:35:24","modified_gmt":"2025-06-17T15:35:24","slug":"il-sort-dune-garde-a-vue-pour-vol-et-est-interpelle-trois-heures-plus-tard-pour-un-autre-vol","status":"publish","type":"post","link":"https:\/\/www.europesays.com\/fr\/183660\/","title":{"rendered":"Il sort d\u2019une garde \u00e0 vue pour vol et est interpell\u00e9 trois heures plus tard\u2026 pour un autre vol"},"content":{"rendered":"<tr wp_automatic_readability=\"5.8875\">\n<td valign=\"middle\" align=\"center\" class=\"col-logo\" wp_automatic_readability=\"5\">\n    <img decoding=\"async\" src=\"https:\/\/maville.com\/design\/images\/logo-of-monetise.svg?version=20130627\" alt=\"logo Ouest-France\" height=\"66\"\/><\/p>\n<p>Contenu r\u00e9serv\u00e9 aux abonn\u00e9s<\/p>\n<\/td>\n<td class=\"col-titre\">\n\t\t\tMardi 17 juin 2025 11:26<br \/>\n\t\t\t<a class=\"icon-bulle sizeL count\" href=\"#ancreAvis\"><br \/>\n\t&#8230;<br \/>\n<\/a><\/td>\n<\/tr>\n<p>\t\t<a class=\"mavillebox2 elmt-photo\" href=\"https:\/\/maville.com\/photosmvi\/2025\/06\/17\/P35295977D6857699G.jpg\" title=\" Un homme de 35\u00a0ans a \u00e9t\u00e9 interpell\u00e9 et plac\u00e9 en garde \u00e0 vue lundi 16\u00a0juin, \u00e0 Nantes, suspect\u00e9 d\u2019avoir vol\u00e9 des v\u00eatements et de l\u2019alcool dans une grande surface.  \u00a9  OUEST FRANCE archives  &lt;!--TAG-BLC credit--&gt;\" rel=\"galerie_actu noopener\" target=\"_blank\"><br \/>\n\t<img decoding=\"async\" src=\"https:\/\/www.europesays.com\/fr\/wp-content\/uploads\/2025\/06\/P35295977D6857699G_crop_640-330_.jpg\" alt=\"photo  un homme de 35\u00a0ans a \u00e9t\u00e9 interpell\u00e9 et plac\u00e9 en garde \u00e0 vue lundi 16\u00a0juin, \u00e0 nantes, suspect\u00e9 d\u2019avoir vol\u00e9 des v\u00eatements et de l\u2019alcool dans une grande surface.  \u00a9  ouest france archives \"\/><br \/>\n\t1<br \/>\n<\/a><\/p>\n<p class=\"elmt-legende\"> Un homme de 35\u00a0ans a \u00e9t\u00e9 interpell\u00e9 et plac\u00e9 en garde \u00e0 vue lundi 16\u00a0juin, \u00e0 Nantes, suspect\u00e9 d\u2019avoir vol\u00e9 des v\u00eatements et de l\u2019alcool dans une grande surface.  \u00a9  OUEST FRANCE archives  <\/p>\n<p>\t\tUn homme de 35\u00a0ans a \u00e9t\u00e9 interpell\u00e9 et plac\u00e9 en garde \u00e0 vue lundi 16\u00a0juin, \u00e0 Nantes, suspect\u00e9 d\u2019avoir vol\u00e9 pr\u00e8s de 300\u00a0\u20ac de v\u00eatements et d\u2019alcool dans une grande surface. Quelques heures plus t\u00f4t, il se trouvait encore en garde \u00e0 vue pour des faits de vol.<\/p>\n<p><b>Cet article est r\u00e9serv\u00e9 aux abonn\u00e9s<\/b><\/p>\n<p>Pour un acc\u00e8s imm\u00e9diat, abonnez-vous<\/p>\n<p><b>1\u00e8re semaine offerte<\/b><\/p>\n<p>\t\tOuest-France<\/p>\n<p>Retrouvez d&rsquo;autres actus sur les communes de :<\/p>\n<p>\t\t&#13;<\/p>\n","protected":false},"excerpt":{"rendered":"Contenu r\u00e9serv\u00e9 aux abonn\u00e9s Mardi 17 juin 2025 11:26 &#8230; 1 Un homme de 35\u00a0ans a \u00e9t\u00e9 interpell\u00e9&hellip;\n","protected":false},"author":2,"featured_media":183661,"comment_status":"","ping_status":"","sticky":false,"template":"","format":"standard","meta":{"footnotes":""},"categories":[2818],"tags":[1111,11,1777,674,1011,27,8712,6203,9817,766,12,2636,25,4102,13409,1175,13373],"class_list":{"0":"post-183660","1":"post","2":"type-post","3":"status-publish","4":"format-standard","5":"has-post-thumbnail","7":"category-nantes","8":"tag-actu","9":"tag-actualites","10":"tag-eu","11":"tag-europe","12":"tag-fr","13":"tag-france","14":"tag-garde","15":"tag-heures","16":"tag-interpelle","17":"tag-nantes","18":"tag-news","19":"tag-pays-de-la-loire","20":"tag-republique-francaise","21":"tag-sort","22":"tag-tard","23":"tag-vol","24":"tag-vue"},"share_on_mastodon":{"url":"https:\/\/pubeurope.com\/@fr\/114699444246604127","error":""},"_links":{"self":[{"href":"https:\/\/www.europesays.com\/fr\/wp-json\/wp\/v2\/posts\/183660","targetHints":{"allow":["GET"]}}],"collection":[{"href":"https:\/\/www.europesays.com\/fr\/wp-json\/wp\/v2\/posts"}],"about":[{"href":"https:\/\/www.europesays.com\/fr\/wp-json\/wp\/v2\/types\/post"}],"author":[{"embeddable":true,"href":"https:\/\/www.europesays.com\/fr\/wp-json\/wp\/v2\/users\/2"}],"replies":[{"embeddable":true,"href":"https:\/\/www.europesays.com\/fr\/wp-json\/wp\/v2\/comments?post=183660"}],"version-history":[{"count":0,"href":"https:\/\/www.europesays.com\/fr\/wp-json\/wp\/v2\/posts\/183660\/revisions"}],"wp:featuredmedia":[{"embeddable":true,"href":"https:\/\/www.europesays.com\/fr\/wp-json\/wp\/v2\/media\/183661"}],"wp:attachment":[{"href":"https:\/\/www.europesays.com\/fr\/wp-json\/wp\/v2\/media?parent=183660"}],"wp:term":[{"taxonomy":"category","embeddable":true,"href":"https:\/\/www.europesays.com\/fr\/wp-json\/wp\/v2\/categories?post=183660"},{"taxonomy":"post_tag","embeddable":true,"href":"https:\/\/www.europesays.com\/fr\/wp-json\/wp\/v2\/tags?post=183660"}],"curies":[{"name":"wp","href":"https:\/\/api.w.org\/{rel}","templated":true}]}}