{"id":183672,"date":"2025-06-17T15:42:11","date_gmt":"2025-06-17T15:42:11","guid":{"rendered":"https:\/\/www.europesays.com\/fr\/183672\/"},"modified":"2025-06-17T15:42:11","modified_gmt":"2025-06-17T15:42:11","slug":"en-video-lancement-de-la-velostation-de-la-gare-lille-europe-et-ses-448-places-gratuites","status":"publish","type":"post","link":"https:\/\/www.europesays.com\/fr\/183672\/","title":{"rendered":"EN VID\u00c9O. Lancement de la v\u00e9lostation de la gare Lille-Europe et ses 448 places gratuites"},"content":{"rendered":"<p>            Par<br \/>\n        <strong><br \/>\n            <a href=\"https:\/\/actu.fr\/auteur\/margot-nicodeme\" title=\"Consulter tous les articles de Margot Nicod\u00e8me\" target=\"_blank\" rel=\"noopener\">Margot Nicod\u00e8me<\/a><br \/>\n        <\/strong><\/p>\n<p>        Publi\u00e9 le<\/p>\n<p>            17 juin 2025 \u00e0 17h30        <\/p>\n<p>Elle n\u2019\u00e9tait qu\u2019un ouvrage de m\u00e9tal, peu s\u00e9curisant pour les pi\u00e9tons qui empruntaient sa passerelle <b>au-dessus du p\u00e9riph\u00e9rique de Lille<\/b>. Un an plus tard, <b>la place Valladolid <\/b>de <a href=\"https:\/\/actu.fr\/hauts-de-france\/lille_59350\" target=\"_blank\" rel=\"noopener\">Lille<\/a> (Nord) n\u2019a plus rien \u00e0 voir : elle accueille <b>une <a href=\"https:\/\/actu.fr\/hauts-de-france\/lille_59350\/lille-cest-quoi-cette-enorme-velostation-qui-va-etre-installee-sur-la-place-valladolid_62228939.html\" target=\"_blank\" rel=\"noopener\">v\u00e9lostation<\/a>\u00a0moderne<\/b>, inaugur\u00e9e ce mardi 17 juin 2025. Officiellement \u00ab\u00a0la v\u00e9lostation de la <a href=\"https:\/\/actu.fr\/tag\/lille-europe\" target=\"_blank\" rel=\"noopener\">gare Lille-Europe<\/a>\u00ab\u00a0, il s\u2019agit d\u2019<b>une grande structure en bois<\/b> pouvant stocker <b>448 v\u00e9los<\/b>, de tous types, y compris les cargos. L\u2019acc\u00e8s est gratuit pour les d\u00e9tenteurs de la carte de transports en commun Pass pass.\u00a0<\/p>\n<p>    <img   decoding=\"async\" loading=\"lazy\" class=\"size-large\" src=\"https:\/\/www.europesays.com\/fr\/wp-content\/uploads\/2025\/06\/cd35ccdf71586c145ccdf71589545cv-960x640.jpg\" alt=\"La place Valladolid de Lille (Nord), qui accueille la vaste v\u00e9lostation, n'a plus rien \u00e0 voir avec ce qu'elle \u00e9tait encore au printemps 2024.\" width=\"960\" height=\"640\"\/><br \/>\n    La place Valladolid de Lille (Nord), qui accueille la vaste v\u00e9lostation, n\u2019a plus rien \u00e0 voir avec ce qu\u2019elle \u00e9tait encore au printemps 2024. \u00a9Margot Nicod\u00e8me3,3 millions d\u2019euros investis pour la v\u00e9lostation de la gare Lille-Europe<\/p>\n<p class=\" wall-content\"><b>La v\u00e9lostation a mis un an \u00e0 sortir de terre<\/b>, parvis inclus, et la transformation est radicale. La place Valladolid, autrefois volontiers contourn\u00e9e par les pi\u00e9tons et cyclistes, rena\u00eet.<b> 3,3 millions d\u2019euros ont \u00e9t\u00e9 engag\u00e9s<\/b> pour ce r\u00e9sultat, ainsi r\u00e9partis : 800 000 \u20ac provenant de l\u2019\u00c9tat, 1,7 million d\u2019euros correspondant aux aides de l\u2019Europe, et les 800 000 \u20ac restants \u00e9manant de la M\u00e9tropole europ\u00e9enne de Lille. L\u2019exploitation de la v\u00e9lo station, elle, revient au r\u00e9seau <a href=\"https:\/\/actu.fr\/tag\/sncf\" target=\"_blank\" rel=\"noopener\">SNCF<\/a> gares &amp; connexions.<\/p>\n<blockquote class=\"tiktok-embed\" cite=\"https:\/\/www.tiktok.com\/@lilleactu\/video\/7516916434526588182\" data-video-id=\"7516916434526588182\" data-embed-from=\"oembed\" style=\"max-width:605px; min-width:325px;\"><p>\n<a target=\"_blank\" title=\"@lilleactu\" href=\"https:\/\/www.tiktok.com\/@lilleactu?refer=embed\" rel=\"noopener\">@lilleactu<\/a> <\/p>\n<p>\ud83d\udeb4\ud83d\udeb4\u200d\u2640\ufe0f Une nouvelle v\u00e9lo-station est ouverte \u00e0 Lille-Europe, place Valladoid. On vous montre l\u2019\u00e9quipement ! \ud83d\udeb4\ud83d\udeb4\u200d\u2640\ufe0f <a title=\"velo\" target=\"_blank\" href=\"https:\/\/www.tiktok.com\/tag\/velo?refer=embed\" rel=\"noopener\">#velo<\/a> <a title=\"lille\" target=\"_blank\" href=\"https:\/\/www.tiktok.com\/tag\/lille?refer=embed\" rel=\"noopener\">#lille<\/a> <a title=\"velostation\" target=\"_blank\" href=\"https:\/\/www.tiktok.com\/tag\/velostation?refer=embed\" rel=\"noopener\">#velostation<\/a> <a title=\"lilleurope\" target=\"_blank\" href=\"https:\/\/www.tiktok.com\/tag\/lilleurope?refer=embed\" rel=\"noopener\">#lilleurope<\/a> <a title=\"valladoid\" target=\"_blank\" href=\"https:\/\/www.tiktok.com\/tag\/valladoid?refer=embed\" rel=\"noopener\">#valladoid<\/a><\/p>\n<p> <a target=\"_blank\" title=\"\u266c NOTHING - Westover\" href=\"https:\/\/www.tiktok.com\/music\/NOTHING-6773888441802311681?refer=embed\" rel=\"noopener\">\u266c NOTHING \u2013 Westover<\/a> <\/p>\n<\/blockquote>\n<p class=\" wall-content\">Les 448 places disponibles \u00e0 la r\u00e9servation en ligne d\u00e8s ce 17 juin y sont s\u00e9curis\u00e9es. Concr\u00e8tement, le particulier \u2013 obligatoirement d\u00e9tenteur d\u2019une carte Pass Pass \u2013 y a acc\u00e8s 24h sur 24, en badgeant son titre de transport.<\/p>\n<p class=\" wall-content\">\u00c0 l\u2019int\u00e9rieur de la v\u00e9lostation, il accroche son deux-roues puis peut librement aller prendre son train. L\u2019objectif conjoint de la SNCF et de la MEL \u00e9tant de <b>d\u00e9velopper l\u2019intermodalit\u00e9 train \u2013 v\u00e9lo<\/b>. \u00ab\u00a0Il ne manquait que cela au pied de la gare Lille-Europe\u00a0\u00bb, s\u2019est r\u00e9joui le pr\u00e9sident de la MEL, Damien Castelain.<\/p>\n<p>    <img   decoding=\"async\" loading=\"lazy\" class=\"size-large\" src=\"https:\/\/www.europesays.com\/fr\/wp-content\/uploads\/2025\/06\/9b079ed88c3667f079ed88c3643179v-960x640.jpg\" alt=\"Une v\u00e9lo-station de 430 places sera install\u00e9e sur la place Valladolid, \u00e0 Lille (Nord). Les travaux seront r\u00e9alis\u00e9s l'\u00e9t\u00e9 2024.\" width=\"960\" height=\"640\"\/><br \/>\n    Voici \u00e0 quoi ressemblait la place Valladolid au printemps 2024. Le changement est radical. \u00a9Margot Nicod\u00e8me\/Lille actu<\/p>\n<p class=\" wall-content\">\u00c9galement pr\u00e9sent au sein de l\u2019\u00e9quipement de qualit\u00e9, dont la toiture est v\u00e9g\u00e9talis\u00e9e sur 612 m\u00b2, <b>un atelier de r\u00e9paration,<\/b>\u00a0mis \u00e0 disposition de tous les usagers. Il comprend une unit\u00e9 de<b> gonflage de pneus<\/b>. Un <a href=\"https:\/\/actu.fr\/hauts-de-france\/lille_59350\/videoprotection-dans-le-metropole-de-lille-38-communes-interessees-par-un-centre-de-supervision-commun_62586389.html\" target=\"_blank\" rel=\"noopener\">syst\u00e8me de vid\u00e9osurveillance<\/a> vient s\u00e9curiser davantage encore l\u2019espace.\u00a0<\/p>\n<p>Un \u00e9quipement en bois qui \u00ab\u00a0gomme\u00a0\u00bb le p\u00e9riph\u2019 et s\u2019inscrit dans le projet \u00ab\u00a0Grand Euralille\u00a0\u00bb<\/p>\n<p class=\" wall-content\"><b>Ce nouvel \u00e9l\u00e9ment, avant tout visuel<\/b>, dans ce p\u00f4le tertiaire majeur qu\u2019est Euralille s\u2019inscrit dans un vaste projet m\u00e9tropolitain. Baptis\u00e9 \u00ab\u00a0Grand Euralille\u00a0\u00bb, il ambitionne de connecter le public \u00e0 la De\u00fble, <a href=\"https:\/\/actu.fr\/hauts-de-france\/lille_59350\/projet-deuralille-a-la-deule-trop-de-beton-et-pas-assez-de-nature-selon-lille-verte_60757862.html\" target=\"_blank\" rel=\"noopener\">sur un secteur couvrant 200 ha<\/a>.<\/p>\n<p class=\" wall-content\">Dans ce cadre, la nouvelle place Valladolid vient \u00ab\u00a0gommer\u00a0\u00bb la fracture que cr\u00e9e le p\u00e9riph\u00e9rique, dit Stanislas Dendeviel, adjoint \u00e0 l\u2019urbanisme \u00e0 la Ville de Lille, et \u00ab\u00a0le boulevard Pasteur va \u00eatre transform\u00e9 \u00e0 terme\u00a0\u00bb. C\u2019est tout cet axe qui longe justement la gare Lille-Europe, jusqu\u2019\u00e0 l\u2019entr\u00e9e de <a href=\"https:\/\/actu.fr\/hauts-de-france\/la-madeleine_59368\/en-images-le-gigantesque-projet-sensorium-est-termine-a-la-madeleine-apres-8-ans-de-travaux_62741942.html\" target=\"_blank\" rel=\"noopener\">La Madeleine<\/a> par le Grand boulevard.<\/p>\n<p class=\" wall-content\">Les titulaires de la carte Pass pass d\u00e9sirant r\u00e9server une place dans la v\u00e9lostation doivent imp\u00e9rativement se pr\u00e9inscrire <a href=\"https:\/\/parkingsvelos-hdf-garesetconnexions.sncf.com\/\" target=\"_blank\" rel=\"noopener\">en ligne<\/a>. Un d\u00e9lai de 24h s\u2019\u00e9coulera entre l\u2019inscription et l\u2019acc\u00e8s au site.<\/p>\n<p>Plus d\u2019informations sur la v\u00e9lostation de la gare Lille-Europe <a href=\"https:\/\/parkingsvelos-hdf-garesetconnexions.sncf.com\/\" target=\"_blank\" rel=\"noopener\">ICI<\/a>.<\/p>\n<p class=\" wall-content\">Suivez toute l\u2019actualit\u00e9 de vos villes et m\u00e9dias favoris en vous inscrivant \u00e0 <a href=\"https:\/\/moncompte.actu.fr\" title=\"D\u00e9couvez Mon Actu\" rel=\"nofollow noopener\" data-trk=\"{&quot;cta&quot;:{&quot;action&quot;:&quot;https:\\\/\\\/moncompte.actu.fr&quot;,&quot;category&quot;:&quot;mon compte&quot;,&quot;from&quot;:&quot;article footer&quot;,&quot;name&quot;:&quot;Mon actu&quot;,&quot;type&quot;:&quot;cta&quot;}}\" target=\"_blank\">Mon Actu<\/a>.<\/p>\n<p>                    <script async src=\"\/\/www.tiktok.com\/embed.js\"><\/script><\/p>\n","protected":false},"excerpt":{"rendered":"Par Margot Nicod\u00e8me Publi\u00e9 le 17 juin 2025 \u00e0 17h30 Elle n\u2019\u00e9tait qu\u2019un ouvrage de m\u00e9tal, peu s\u00e9curisant&hellip;\n","protected":false},"author":2,"featured_media":183673,"comment_status":"","ping_status":"","sticky":false,"template":"","format":"standard","meta":{"footnotes":""},"categories":[2815],"tags":[1111,11,1777,674,1011,27,811,1307,32177,4863,12,25,104,208],"class_list":{"0":"post-183672","1":"post","2":"type-post","3":"status-publish","4":"format-standard","5":"has-post-thumbnail","7":"category-lille","8":"tag-actu","9":"tag-actualites","10":"tag-eu","11":"tag-europe","12":"tag-fr","13":"tag-france","14":"tag-hauts-de-france","15":"tag-lille","16":"tag-lille-europe","17":"tag-metropole-europeenne-de-lille","18":"tag-news","19":"tag-republique-francaise","20":"tag-societe","21":"tag-velo"},"share_on_mastodon":{"url":"https:\/\/pubeurope.com\/@fr\/114699471762326950","error":""},"_links":{"self":[{"href":"https:\/\/www.europesays.com\/fr\/wp-json\/wp\/v2\/posts\/183672","targetHints":{"allow":["GET"]}}],"collection":[{"href":"https:\/\/www.europesays.com\/fr\/wp-json\/wp\/v2\/posts"}],"about":[{"href":"https:\/\/www.europesays.com\/fr\/wp-json\/wp\/v2\/types\/post"}],"author":[{"embeddable":true,"href":"https:\/\/www.europesays.com\/fr\/wp-json\/wp\/v2\/users\/2"}],"replies":[{"embeddable":true,"href":"https:\/\/www.europesays.com\/fr\/wp-json\/wp\/v2\/comments?post=183672"}],"version-history":[{"count":0,"href":"https:\/\/www.europesays.com\/fr\/wp-json\/wp\/v2\/posts\/183672\/revisions"}],"wp:featuredmedia":[{"embeddable":true,"href":"https:\/\/www.europesays.com\/fr\/wp-json\/wp\/v2\/media\/183673"}],"wp:attachment":[{"href":"https:\/\/www.europesays.com\/fr\/wp-json\/wp\/v2\/media?parent=183672"}],"wp:term":[{"taxonomy":"category","embeddable":true,"href":"https:\/\/www.europesays.com\/fr\/wp-json\/wp\/v2\/categories?post=183672"},{"taxonomy":"post_tag","embeddable":true,"href":"https:\/\/www.europesays.com\/fr\/wp-json\/wp\/v2\/tags?post=183672"}],"curies":[{"name":"wp","href":"https:\/\/api.w.org\/{rel}","templated":true}]}}