{"id":183680,"date":"2025-06-17T15:46:11","date_gmt":"2025-06-17T15:46:11","guid":{"rendered":"https:\/\/www.europesays.com\/fr\/183680\/"},"modified":"2025-06-17T15:46:11","modified_gmt":"2025-06-17T15:46:11","slug":"le-coupable-sest-denonce-et-ne-risque-rien","status":"publish","type":"post","link":"https:\/\/www.europesays.com\/fr\/183680\/","title":{"rendered":"le coupable s&rsquo;est d\u00e9nonc\u00e9 et ne risque rien"},"content":{"rendered":"<p itemprop=\"description\"><strong>Cela fait plusieurs semaines que les agriculteurs enragent et m\u00e8nent leur enqu\u00eate.<\/strong><\/p>\n<p>En janvier 2024, les agriculteurs de Chabani\u00e8re, pr\u00e9sents lors du fameux blocage de l\u2019\u00e9changeur de l\u2019autoroute A7 et A450, avaient fabriqu\u00e9 un sanctuaire \u00e0 proximit\u00e9 de la sortie Oullins-Pierre-B\u00e9nite pour repr\u00e9senter leur col\u00e8re et pour rendre hommage aux confr\u00e8res qui se sont suicid\u00e9. Avec une croix, tourn\u00e9e vers la basilique de Fourvi\u00e8re.<\/p>\n<p>Sauf que depuis la fin du mois de mai, la croix, les panneaux et la statuette ont subitement disparu. Les agriculteurs, en col\u00e8re, avaient alors tent\u00e9 de retrouver le ou les coupables.<\/p>\n<p>Rang\u00e9 du c\u00f4t\u00e9 des agriculteurs, le maire de Mornant et vice-pr\u00e9sident d\u00e9l\u00e9gu\u00e9 \u00e0 la s\u00e9curit\u00e9 \u00e0 la R\u00e9gion, Renaud Pfeffer, avait m\u00eame fait un signalement aupr\u00e8s du procureur de la R\u00e9publique, le 13 juin dernier pour qu\u2019il puisse y avoir des suites judiciaires.<\/p>\n<p>Mais cela ne risque pas d&rsquo;arriver. Car selon les informations de nos confr\u00e8res du Progr\u00e8s, le sanctuaire a \u00e9t\u00e9 officiellement d\u00e9mantel\u00e9 par la Direction interd\u00e9partementale des routes Centre-Est (DIRCE), sur ordre de la pr\u00e9fecture du Rh\u00f4ne&#8230;.<\/p>\n<p>Cette derni\u00e8re indique avoir agi \u00e0 des fins s\u00e9curitaires, \u00ab\u00a0en cas d\u2019accidents ou de perte de contr\u00f4le d\u2019un v\u00e9hicule\u00a0\u00bb.<\/p>\n","protected":false},"excerpt":{"rendered":"Cela fait plusieurs semaines que les agriculteurs enragent et m\u00e8nent leur enqu\u00eate. En janvier 2024, les agriculteurs de&hellip;\n","protected":false},"author":2,"featured_media":183681,"comment_status":"","ping_status":"","sticky":false,"template":"","format":"standard","meta":{"footnotes":""},"categories":[1889],"tags":[1111,11,2813,2190,2430,1109,251,1112,2811,1777,674,118,1011,27,1922,1110,1114,2428,2810,12,241,316,25,2812,517,800],"class_list":{"0":"post-183680","1":"post","2":"type-post","3":"status-publish","4":"format-standard","5":"has-post-thumbnail","7":"category-lyon","8":"tag-actu","9":"tag-actualites","10":"tag-article","11":"tag-asvel","12":"tag-auvergne-rhone-alpes","13":"tag-breves","14":"tag-culture","15":"tag-depeches","16":"tag-economique","17":"tag-eu","18":"tag-europe","19":"tag-faits-divers","20":"tag-fr","21":"tag-france","22":"tag-info","23":"tag-informations","24":"tag-infos","25":"tag-lyon","26":"tag-lyonmag","27":"tag-news","28":"tag-ol","29":"tag-politique","30":"tag-republique-francaise","31":"tag-sociale","32":"tag-sport","33":"tag-transports"},"share_on_mastodon":{"url":"https:\/\/pubeurope.com\/@fr\/114699487384783600","error":""},"_links":{"self":[{"href":"https:\/\/www.europesays.com\/fr\/wp-json\/wp\/v2\/posts\/183680","targetHints":{"allow":["GET"]}}],"collection":[{"href":"https:\/\/www.europesays.com\/fr\/wp-json\/wp\/v2\/posts"}],"about":[{"href":"https:\/\/www.europesays.com\/fr\/wp-json\/wp\/v2\/types\/post"}],"author":[{"embeddable":true,"href":"https:\/\/www.europesays.com\/fr\/wp-json\/wp\/v2\/users\/2"}],"replies":[{"embeddable":true,"href":"https:\/\/www.europesays.com\/fr\/wp-json\/wp\/v2\/comments?post=183680"}],"version-history":[{"count":0,"href":"https:\/\/www.europesays.com\/fr\/wp-json\/wp\/v2\/posts\/183680\/revisions"}],"wp:featuredmedia":[{"embeddable":true,"href":"https:\/\/www.europesays.com\/fr\/wp-json\/wp\/v2\/media\/183681"}],"wp:attachment":[{"href":"https:\/\/www.europesays.com\/fr\/wp-json\/wp\/v2\/media?parent=183680"}],"wp:term":[{"taxonomy":"category","embeddable":true,"href":"https:\/\/www.europesays.com\/fr\/wp-json\/wp\/v2\/categories?post=183680"},{"taxonomy":"post_tag","embeddable":true,"href":"https:\/\/www.europesays.com\/fr\/wp-json\/wp\/v2\/tags?post=183680"}],"curies":[{"name":"wp","href":"https:\/\/api.w.org\/{rel}","templated":true}]}}