{"id":183684,"date":"2025-06-17T15:48:13","date_gmt":"2025-06-17T15:48:13","guid":{"rendered":"https:\/\/www.europesays.com\/fr\/183684\/"},"modified":"2025-06-17T15:48:13","modified_gmt":"2025-06-17T15:48:13","slug":"louverture-des-bouches-a-incendie-a-repris-et-les-hors-la-loi-risquent-gros","status":"publish","type":"post","link":"https:\/\/www.europesays.com\/fr\/183684\/","title":{"rendered":"l&rsquo;ouverture des bouches \u00e0 incendie a repris et les hors-la-loi risquent gros"},"content":{"rendered":"<p>            Par<br \/>\n        <strong><br \/>\n            <a href=\"https:\/\/actu.fr\/auteur\/dorinegoth\" title=\"Consulter tous les articles de Dorine Goth\" rel=\"nofollow noopener\" target=\"_blank\">Dorine Goth<\/a><br \/>\n        <\/strong><\/p>\n<p>        Publi\u00e9 le<\/p>\n<p>            17 juin 2025 \u00e0 17h18        <\/p>\n<p>C\u2019est devenu une tradition dangereuse. \u00c0 chaque fois que <a href=\"https:\/\/actu.fr\/meteo\/apres-les-orages-la-canicule-meteo-france-annonce-le-retour-d-une-forte-chaleur-a-paris-et-en-ile-de-france_62775438.html\" rel=\"nofollow noopener\" target=\"_blank\">le mercure grimpe<\/a>, des habitants ouvrent des <strong>bouches \u00e0 incendie<\/strong> pour faire jaillir un flux continu d\u2019eau. Un syst\u00e8me D pour apporter <a href=\"https:\/\/actu.fr\/ile-de-france\/bobigny_93008\/seine-saint-denis-amenagement-du-parc-de-la-bergere-a-bobigny-baignade-aires-de-jeux-college_40027743.html\" rel=\"nofollow noopener\" target=\"_blank\">un peu de fra\u00eecheur<\/a> dans <a href=\"https:\/\/actu.fr\/ile-de-france\/paris_75056\/passer-d-une-ville-radiateur-a-une-ville-oasis-le-plan-de-paris-pour-faire-face-a-la-canicule_59694190.html\" rel=\"nofollow noopener\" target=\"_blank\">les univers b\u00e9tonn\u00e9s<\/a> mais qui au-del\u00e0 d\u2019\u00eatre ill\u00e9gale, n\u2019est <strong>pas sans risques<\/strong> pour ceux qui se trouvent \u00e0 proximit\u00e9.<\/p>\n<p class=\" wall-content\">\u00ab\u2009Certains ne sont jamais seuls, ils sont toujours accompagn\u00e9s de leur connerie\u2009\u00bb, r\u00e9agissait lundi 16\u00a0juin 2025, le porte-parole des sapeurs pompiers de France, en citant Arletty sur X, \u00e0 propos d\u2019une vid\u00e9o partag\u00e9e sur les r\u00e9seaux sociaux. Sur celle-ci, on y voit un homme disant qu\u2019il avait \u00ab\u2009r\u00e9alis\u00e9 un r\u00eave de gosse\u2009\u00bb \u00e0 Saint-Denis, apr\u00e8s l\u2019ouverture d\u2019une bouche \u00e0 incendie.<\/p>\n<p>Des bless\u00e9s, une amende, de la prison\u2026<\/p>\n<p class=\" wall-content\">Le principal risque est d\u00fb \u00e0 la<strong> puissance du jet en sortie<\/strong> d\u2019une bouche \u00e0 incendie. En juin\u00a02019, un enfant de 6\u00a0ans \u00e9tait gri\u00e8vement bless\u00e9 apr\u00e8s avoir \u00e9t\u00e9 projet\u00e9 en l\u2019air par un geyser \u00e0 Saint-Denis. En 2015, un autre de 8\u00a0ans avait fait un vol plan\u00e9 de plusieurs m\u00e8tres.<\/p>\n<p class=\" wall-content\">\n<p class=\" wall-content\">Cette pratique comporte aussi <strong>un risque de gaspillage<\/strong> \u00e0 grande \u00e9chelle. En 2015, premi\u00e8re ann\u00e9e d\u2019apparition du ph\u00e9nom\u00e8ne \u00e0 grande \u00e9chelle 250\u2009000\u00a0m3 avaient \u00e9t\u00e9 gaspill\u00e9s pendant l\u2019\u00e9t\u00e9 avec l\u2019ouverture de plusieurs centaines de bornes. Un gaspillage qui n\u2019est pas sans cons\u00e9quence en cas d\u2019incendie\u2009: les moyens d\u2019extinctions des feux ne seraient plus imm\u00e9diatement op\u00e9rationnels pour les pompiers. Selon le code p\u00e9nal, la pratique est sanctionn\u00e9e \u00e0 hauteur de <a href=\"https:\/\/actu.fr\/ile-de-france\/orly_94054\/ouverture-des-bouches-a-incendie-un-homme-interpelle-dans-le-val-de-marne_51814475.html\" rel=\"nofollow noopener\" target=\"_blank\">cinq ans de prison et 75\u2009000\u00a0euros d\u2019amende<\/a>.<\/p>\n<p class=\" wall-content\">Pour se rafra\u00eechir en toute s\u00e9curit\u00e9, reste les piscines publiques. Ces derni\u00e8res ann\u00e9es, plusieurs \u00e9quipements publics ont ouvert en Seine-Saint-Denis, \u00e0 la faveur des Jeux olympiques de Paris 2024 et du plan piscine lanc\u00e9 par le d\u00e9partement. \u00c0 La Courneuve, <a href=\"https:\/\/actu.fr\/ile-de-france\/la-courneuve_93027\/sans-les-jo-jamais-la-ville-n-aurait-pu-se-l-offrir-a-la-courneuve-la-nouvelle-piscine-fait-des-heureux_61565658.html\" rel=\"nofollow noopener\" target=\"_blank\">la piscine d\u00e9partementale Annette Kellermann<\/a> ouvre, mercredi 18\u00a0juin 2025, pour la premi\u00e8re fois son nouveau bassin ludique ext\u00e9rieur.<\/p>\n<p>Vid\u00e9os : en ce moment sur Actu<\/p>\n<p class=\" wall-content\">Suivez toute l\u2019actualit\u00e9 de vos villes et m\u00e9dias favoris en vous inscrivant \u00e0 <a href=\"https:\/\/moncompte.actu.fr\" title=\"D\u00e9couvez Mon Actu\" rel=\"nofollow noopener\" data-trk=\"{&quot;cta&quot;:{&quot;action&quot;:&quot;https:\\\/\\\/moncompte.actu.fr&quot;,&quot;category&quot;:&quot;mon compte&quot;,&quot;from&quot;:&quot;article footer&quot;,&quot;name&quot;:&quot;Mon actu&quot;,&quot;type&quot;:&quot;cta&quot;}}\" target=\"_blank\">Mon Actu<\/a>.<\/p>\n","protected":false},"excerpt":{"rendered":"Par Dorine Goth Publi\u00e9 le 17 juin 2025 \u00e0 17h18 C\u2019est devenu une tradition dangereuse. \u00c0 chaque fois&hellip;\n","protected":false},"author":2,"featured_media":183685,"comment_status":"","ping_status":"","sticky":false,"template":"","format":"standard","meta":{"footnotes":""},"categories":[1592],"tags":[1111,11,6698,1777,674,1011,27,662,12,626,25,104],"class_list":{"0":"post-183684","1":"post","2":"type-post","3":"status-publish","4":"format-standard","5":"has-post-thumbnail","7":"category-ile-de-france","8":"tag-actu","9":"tag-actualites","10":"tag-canicule","11":"tag-eu","12":"tag-europe","13":"tag-fr","14":"tag-france","15":"tag-ile-de-france","16":"tag-news","17":"tag-paris","18":"tag-republique-francaise","19":"tag-societe"},"share_on_mastodon":{"url":"https:\/\/pubeurope.com\/@fr\/114699495245373753","error":""},"_links":{"self":[{"href":"https:\/\/www.europesays.com\/fr\/wp-json\/wp\/v2\/posts\/183684","targetHints":{"allow":["GET"]}}],"collection":[{"href":"https:\/\/www.europesays.com\/fr\/wp-json\/wp\/v2\/posts"}],"about":[{"href":"https:\/\/www.europesays.com\/fr\/wp-json\/wp\/v2\/types\/post"}],"author":[{"embeddable":true,"href":"https:\/\/www.europesays.com\/fr\/wp-json\/wp\/v2\/users\/2"}],"replies":[{"embeddable":true,"href":"https:\/\/www.europesays.com\/fr\/wp-json\/wp\/v2\/comments?post=183684"}],"version-history":[{"count":0,"href":"https:\/\/www.europesays.com\/fr\/wp-json\/wp\/v2\/posts\/183684\/revisions"}],"wp:featuredmedia":[{"embeddable":true,"href":"https:\/\/www.europesays.com\/fr\/wp-json\/wp\/v2\/media\/183685"}],"wp:attachment":[{"href":"https:\/\/www.europesays.com\/fr\/wp-json\/wp\/v2\/media?parent=183684"}],"wp:term":[{"taxonomy":"category","embeddable":true,"href":"https:\/\/www.europesays.com\/fr\/wp-json\/wp\/v2\/categories?post=183684"},{"taxonomy":"post_tag","embeddable":true,"href":"https:\/\/www.europesays.com\/fr\/wp-json\/wp\/v2\/tags?post=183684"}],"curies":[{"name":"wp","href":"https:\/\/api.w.org\/{rel}","templated":true}]}}