{"id":183700,"date":"2025-06-17T15:56:10","date_gmt":"2025-06-17T15:56:10","guid":{"rendered":"https:\/\/www.europesays.com\/fr\/183700\/"},"modified":"2025-06-17T15:56:10","modified_gmt":"2025-06-17T15:56:10","slug":"trump-peine-a-appliquer-sa-politique-migratoire-sans-deteriorer-leconomie-americaine","status":"publish","type":"post","link":"https:\/\/www.europesays.com\/fr\/183700\/","title":{"rendered":"Trump peine \u00e0 appliquer sa politique migratoire sans d\u00e9t\u00e9riorer l\u2019\u00e9conomie am\u00e9ricaine"},"content":{"rendered":"\n<p>En fin de semaine derni\u00e8re, alors que les raids de l\u2019ICE, la police am\u00e9ricaine de l\u2019immigration et des douanes, s\u2019intensifiaient malgr\u00e9 la vague de protestation n\u00e9e \u00e0 Los Angeles le 6\u00a0juin et <a href=\"https:\/\/www.courrierinternational.com\/article\/manifestations-une-maree-humaine-anti-trump-defile-a-travers-les-etats-unis_232016\" rel=\"nofollow noopener\" target=\"_blank\">qui s\u2019est \u00e9tendue \u00e0 tout le pays<\/a>, Donald Trump s\u2019\u00e9tait finalement montr\u00e9 ouvert au compromis. Le pr\u00e9sident am\u00e9ricain avait annonc\u00e9 la suspension des arrestations cibl\u00e9es de travailleurs sans papiers dans certains secteurs essentiels \u00e0 l\u2019\u00e9conomie du pays, c\u00e9dant ainsi aux \u201cpressions de la part de dirigeants des secteurs de l\u2019agriculture et de l\u2019h\u00f4tellerie pour qu\u2019il assouplisse une politique d\u2019expulsion radicale qui leur co\u00fbtait des travailleurs immigr\u00e9s\u201d, <a class=\"ithalc\" data-ithal=\"lien_externe\" data-ithalc=\"[nav_article]\" target=\"_blank\" href=\"https:\/\/www.washingtonpost.com\/immigration\/2025\/06\/16\/trump-farms-hotels-immigration-raids\/\" rel=\"nofollow noopener\">explique <strong>The Washington Post<\/strong><\/a><strong>.<\/strong> Des industries qui reposent largement sur la main-d\u2019\u0153uvre immigr\u00e9e et, notamment, en situation irr\u00e9guli\u00e8re.<\/p>\n<p>\u201cLes immigrants sans papiers repr\u00e9sentent de 4\u00a0% \u00e0 5\u00a0% de la main-d\u2019\u0153uvre totale aux \u00c9tats-Unis, mais de 15\u00a0% \u00e0 20\u00a0% ou plus dans des secteurs tels que la production agricole, la transformation des aliments et la construction, selon\u00a0<a class=\"ithalc\" data-ithal=\"lien_externe\" data-ithalc=\"[nav_article]\" target=\"_blank\" href=\"https:\/\/www.goldmansachs.com\/insights\/articles\/how-will-declining-immigration-impact-the-us-economy\" rel=\"nofollow noopener\">Goldman Sachs<\/a>\u201d, <a class=\"ithalc\" data-ithal=\"lien_externe\" data-ithalc=\"[nav_article]\" target=\"_blank\" href=\"https:\/\/edition.cnn.com\/2025\/06\/13\/business\/ice-workplace-raids-home-depot\" rel=\"nofollow noopener\">cit\u00e9 par la cha\u00eene<strong> CNN<\/strong><\/a><strong>.<\/strong> Face aux arrestations massives de travailleur<\/p>\n","protected":false},"excerpt":{"rendered":"En fin de semaine derni\u00e8re, alors que les raids de l\u2019ICE, la police am\u00e9ricaine de l\u2019immigration et des&hellip;\n","protected":false},"author":2,"featured_media":183701,"comment_status":"","ping_status":"","sticky":false,"template":"","format":"standard","meta":{"footnotes":""},"categories":[1589],"tags":[11,75,73,1866,1061,12,2542,1864,1865,1863,308],"class_list":{"0":"post-183700","1":"post","2":"type-post","3":"status-publish","4":"format-standard","5":"has-post-thumbnail","7":"category-etats-unis","8":"tag-actualites","9":"tag-donald-trump","10":"tag-etats-unis","11":"tag-etats-unis-damerique","12":"tag-immigration","13":"tag-news","14":"tag-u00e9conomie","15":"tag-united-states","16":"tag-united-states-of-america","17":"tag-us","18":"tag-usa"},"share_on_mastodon":{"url":"https:\/\/pubeurope.com\/@fr\/114699526749224161","error":""},"_links":{"self":[{"href":"https:\/\/www.europesays.com\/fr\/wp-json\/wp\/v2\/posts\/183700","targetHints":{"allow":["GET"]}}],"collection":[{"href":"https:\/\/www.europesays.com\/fr\/wp-json\/wp\/v2\/posts"}],"about":[{"href":"https:\/\/www.europesays.com\/fr\/wp-json\/wp\/v2\/types\/post"}],"author":[{"embeddable":true,"href":"https:\/\/www.europesays.com\/fr\/wp-json\/wp\/v2\/users\/2"}],"replies":[{"embeddable":true,"href":"https:\/\/www.europesays.com\/fr\/wp-json\/wp\/v2\/comments?post=183700"}],"version-history":[{"count":0,"href":"https:\/\/www.europesays.com\/fr\/wp-json\/wp\/v2\/posts\/183700\/revisions"}],"wp:featuredmedia":[{"embeddable":true,"href":"https:\/\/www.europesays.com\/fr\/wp-json\/wp\/v2\/media\/183701"}],"wp:attachment":[{"href":"https:\/\/www.europesays.com\/fr\/wp-json\/wp\/v2\/media?parent=183700"}],"wp:term":[{"taxonomy":"category","embeddable":true,"href":"https:\/\/www.europesays.com\/fr\/wp-json\/wp\/v2\/categories?post=183700"},{"taxonomy":"post_tag","embeddable":true,"href":"https:\/\/www.europesays.com\/fr\/wp-json\/wp\/v2\/tags?post=183700"}],"curies":[{"name":"wp","href":"https:\/\/api.w.org\/{rel}","templated":true}]}}