{"id":183704,"date":"2025-06-17T15:58:15","date_gmt":"2025-06-17T15:58:15","guid":{"rendered":"https:\/\/www.europesays.com\/fr\/183704\/"},"modified":"2025-06-17T15:58:15","modified_gmt":"2025-06-17T15:58:15","slug":"apres-la-la-france-et-la-grande-bretagne-lallemagne-va-interdire-la-vente-de-gaz-hilarant-aux-mineurs","status":"publish","type":"post","link":"https:\/\/www.europesays.com\/fr\/183704\/","title":{"rendered":"Apr\u00e8s la la France et la Grande-Bretagne, l&rsquo;Allemagne va interdire la vente de gaz hilarant aux mineurs"},"content":{"rendered":"<p class=\"PopSlotParagraph qg-tx2 qg-xtra-lh svelte-1r0pyek\">C\u2019est le projet prioritaire de la ministre de la Sant\u00e9 allemande nouvellement nomm\u00e9e Nina Warken : interdire un produit dont la consommation s\u2019est g\u00e9n\u00e9ralis\u00e9e chez les jeunes en Allemagne : le gaz hilarant. Le <a href=\"https:\/\/www.franceinfo.fr\/sante\/reportage-c-est-tout-sauf-drole-une-centaine-de-deputes-signent-une-proposition-de-loi-pour-restreindre-la-vente-de-protoxyde-d-azote-aux-professionnels-uniquement_7029422.html\" target=\"_blank\" rel=\"noopener nofollow\" class=\"\" data-testid=\"link\">protoxyde d\u2019azote<\/a> est consomm\u00e9 pour ses effets euphorisants, mais les s\u00e9quelles peuvent \u00eatre lourdes pour la sant\u00e9, le c\u0153ur, le cerveau et le syst\u00e8me nerveux, avec des risques mortels ou de paralysie.<\/p>\n<p class=\"PopSlotParagraph qg-tx2 qg-xtra-lh svelte-1r0pyek\">**&gt;&gt;<a href=\"https:\/\/www.franceinfo.fr\/sante\/hausse-des-intoxications-au-gaz-hilarant-les-jeunes-ne-consomment-plus-simplement-une-petite-dose-alerte-le-secretaire-general-d-addictions-france_7195374.html\" target=\"_blank\" rel=\"noopener nofollow\" class=\"\" data-testid=\"link\"><strong><strong>Hausse des intoxications au gaz hilarant : \u00ab\u00a0Les jeunes ne consomment plus simplement une petite dose\u00a0\u00bb, alerte le secr\u00e9taire g\u00e9n\u00e9ral d&rsquo;Addictions France<\/strong><\/strong><\/a><\/p>\n<p class=\"PopSlotParagraph qg-tx2 qg-xtra-lh svelte-1r0pyek\">**La Grande-Bretagne a interdit depuis 2023 la d\u00e9tention de ce produit pour un usage r\u00e9cr\u00e9atif. En janvier 2025, la France, qui depuis 2021 en interdisait la vente aux mineurs, vient d&rsquo;\u00e9tendre l&rsquo;interdiction \u00e0 tous les particuliers.<\/p>\n<p class=\"PopSlotParagraph qg-tx2 qg-xtra-lh svelte-1r0pyek\">En Allemagne, le protoxyde d&rsquo;azote \u00e9tait jusqu\u2019ici en libre circulation, ou presque, mais une pol\u00e9mique de trop a provoqu\u00e9 une r\u00e9action de la nouvelle ministre de la Sant\u00e9. Dans une petite ville du nord du pays, un automate install\u00e9 pr\u00e8s d\u2019une \u00e9cole proposait directement \u00e0 la vente des cartouches de gaz hilarant, vendu 20\u00a0euros, comme un banal produit festif.<\/p>\n<p> Une interdiction g\u00e9n\u00e9ralis\u00e9e apr\u00e8s des initiatives locales<\/p>\n<p class=\"PopSlotParagraph qg-tx2 qg-xtra-lh svelte-1r0pyek\">L\u2019ancien ministre de la Sant\u00e9 voulait d\u00e9j\u00e0 prohiber le produit \u00e0 la vente sur tout le territoire et des interdictions, dans certains L\u00e4nder ou municipalit\u00e9s, sont d\u00e9j\u00e0 en vigueur. \u00c0 Hambourg, le protoxyde d&rsquo;azote ne peut plus \u00eatre vendu aux enfants et aux adolescents depuis janvier 2025. Dortmund, Osnabr\u00fcck et Francfort ont suivi le mouvement.<\/p>\n<p class=\"PopSlotParagraph qg-tx2 qg-xtra-lh svelte-1r0pyek\">\u00c0 Francfort, un sondage r\u00e9cent chez les 15-18\u00a0ans a montr\u00e9 qu\u2019un adolescent sur six disait avoir d\u00e9j\u00e0 test\u00e9 le produit, soit plus de 15%. En 2010, c\u2019\u00e9tait 5%. Ce sont ces statistiques inqui\u00e9tantes qui ont pouss\u00e9 la nouvelle ministre \u00e0 agir. Ce projet de loi sera le premier qu\u2019elle va proposer au Conseil des ministres d\u00e8s que possible.<\/p>\n<p class=\"PopSlotParagraph qg-tx2 qg-xtra-lh svelte-1r0pyek\">Aujourd\u2019hui, ce gaz est consid\u00e9r\u00e9 avant tout comme un anesth\u00e9siant. Il ne figure pas sur la liste des stup\u00e9fiants, malgr\u00e9 les addictions. La version m\u00e9dicale de ce produit ne peut \u00eatre d\u00e9livr\u00e9e aux professionnels &#8211; par exemple les dentistes &#8211; que pour le traitement de douleurs l\u00e9g\u00e8res. En revanche, le gaz hilarant industriel, utilis\u00e9 par exemple pour faire mousser la cr\u00e8me, est en vente libre. Pour l\u2019instant, l\u2019Allemagne n\u2019envisage pas d\u2019aller aussi loin que l\u2019\u00c9tat de New York, o\u00f9 la vente de cr\u00e8me chantilly est interdite aux moins de 21 ans.<\/p>\n<p> Un dossier ouvert sur le long terme<\/p>\n<p class=\"PopSlotParagraph qg-tx2 qg-xtra-lh svelte-1r0pyek\">\u00ab\u00a0La priorit\u00e9, c\u2019est d\u2019ajuster la loi et la r\u00e9ponse juridique au probl\u00e8me, explique Tino Sorge porte-parole des questions de sant\u00e9 \u00e0 la CDU. Dans un premier temps, il s&rsquo;agit de restreindre l&rsquo;acc\u00e8s aux distributeurs automatiques, dans les commerces et sur internet. Mais il s&rsquo;agira aussi, \u00e0 plus long terme, d&rsquo;essayer d&#8217;emp\u00eacher les autres possibilit\u00e9s pour s\u2019en procurer facilement. Et la question de savoir o\u00f9 les jeunes peuvent trouver le protoxyde d&rsquo;azote, et comment le g\u00e9rer, sera discut\u00e9e pendant le d\u00e9bat au Parlement, \u00e0 la lumi\u00e8re des avis des experts et des expertes.\u00a0\u00bb<\/p>\n<p class=\"PopSlotParagraph qg-tx2 qg-xtra-lh svelte-1r0pyek\">Les professionnels de sant\u00e9 insistent d\u00e9j\u00e0 sur la n\u00e9cessit\u00e9 de la pr\u00e9vention, dans les familles et \u00e0 l\u2019\u00e9cole. La ministre Nina Warken, elle, veut profiter de cette r\u00e9forme pour interdire \u00e9galement le commerce et la distribution de GHB, la fameuse \u00ab\u00a0drogue du violeur\u00a0\u00bb. \u00ab\u00a0Nous ne permettrons plus que des produits chimiques soient utilis\u00e9s comme des drogues du viol\u00a0\u00bb, a-t-elle comment\u00e9 dans une interview.<\/p>\n","protected":false},"excerpt":{"rendered":"C\u2019est le projet prioritaire de la ministre de la Sant\u00e9 allemande nouvellement nomm\u00e9e Nina Warken : interdire un&hellip;\n","protected":false},"author":2,"featured_media":183705,"comment_status":"","ping_status":"","sticky":false,"template":"","format":"standard","meta":{"footnotes":""},"categories":[1587],"tags":[11,672,1804,1805,1803,1777,674,1801,12,1802],"class_list":{"0":"post-183704","1":"post","2":"type-post","3":"status-publish","4":"format-standard","5":"has-post-thumbnail","7":"category-allemagne","8":"tag-actualites","9":"tag-allemagne","10":"tag-bundesrepublik-deutschland","11":"tag-de","12":"tag-deutschland","13":"tag-eu","14":"tag-europe","15":"tag-germany","16":"tag-news","17":"tag-republique-federale-dallemagne"},"share_on_mastodon":{"url":"https:\/\/pubeurope.com\/@fr\/114699534791433891","error":""},"_links":{"self":[{"href":"https:\/\/www.europesays.com\/fr\/wp-json\/wp\/v2\/posts\/183704","targetHints":{"allow":["GET"]}}],"collection":[{"href":"https:\/\/www.europesays.com\/fr\/wp-json\/wp\/v2\/posts"}],"about":[{"href":"https:\/\/www.europesays.com\/fr\/wp-json\/wp\/v2\/types\/post"}],"author":[{"embeddable":true,"href":"https:\/\/www.europesays.com\/fr\/wp-json\/wp\/v2\/users\/2"}],"replies":[{"embeddable":true,"href":"https:\/\/www.europesays.com\/fr\/wp-json\/wp\/v2\/comments?post=183704"}],"version-history":[{"count":0,"href":"https:\/\/www.europesays.com\/fr\/wp-json\/wp\/v2\/posts\/183704\/revisions"}],"wp:featuredmedia":[{"embeddable":true,"href":"https:\/\/www.europesays.com\/fr\/wp-json\/wp\/v2\/media\/183705"}],"wp:attachment":[{"href":"https:\/\/www.europesays.com\/fr\/wp-json\/wp\/v2\/media?parent=183704"}],"wp:term":[{"taxonomy":"category","embeddable":true,"href":"https:\/\/www.europesays.com\/fr\/wp-json\/wp\/v2\/categories?post=183704"},{"taxonomy":"post_tag","embeddable":true,"href":"https:\/\/www.europesays.com\/fr\/wp-json\/wp\/v2\/tags?post=183704"}],"curies":[{"name":"wp","href":"https:\/\/api.w.org\/{rel}","templated":true}]}}