{"id":183710,"date":"2025-06-17T16:01:08","date_gmt":"2025-06-17T16:01:08","guid":{"rendered":"https:\/\/www.europesays.com\/fr\/183710\/"},"modified":"2025-06-17T16:01:08","modified_gmt":"2025-06-17T16:01:08","slug":"en-soutenant-les-frappes-israeliennes-en-iran-trump-se-fache-avec-ce-dingue-de-tucker-carlson-et-divise-la-galaxie-maga","status":"publish","type":"post","link":"https:\/\/www.europesays.com\/fr\/183710\/","title":{"rendered":"En soutenant les frappes isra\u00e9liennes en Iran, Trump se f\u00e2che avec \u00abce dingue\u00bb de Tucker Carlson et divise la galaxie MAGA"},"content":{"rendered":"<p>L\u2019unit\u00e9 de la droite trumpiste est mise \u00e0 rude \u00e9preuve depuis quelques jours sur le soutien \u00e0 apporter \u00e0 l\u2019intervention isra\u00e9lienne en Iran\u00a0: si les R\u00e9publicains de l\u2019establishment apportent \u00e0 l\u2019\u00c9tat h\u00e9breu un soutien sans faille, plusieurs figures embl\u00e9matiques d\u00e9plorent l\u2019abandon de la ligne non-interventionniste.<\/p>\n<p class=\"fig-paragraph\">Donald Trump n\u2019en finit plus de se f\u00e2cher avec ses plus proches amis et soutiens.\u00a0<a href=\"http:\/\/www.lefigaro.fr\/vox\/monde\/yascha-mounk-entre-trump-et-musk-ce-n-est-pas-qu-un-match-de-catch-entre-deux-ego-mais-une-divergence-de-visions-20250608\" data-fig-type=\"Article\" data-gtm-custom-categorie=\"navigation\" data-gtm-custom-action=\"crossclick\" data-gtm-custom-label=\"Contextuel\" data-gtm-event=\"customEventSPE\" data-fig-domain=\"LEFIGARO\" target=\"_blank\" rel=\"noopener\">Apr\u00e8s le violent clash qui l\u2019a oppos\u00e9 \u00e0 Elon Musk<\/a>, c\u2019est d\u00e9sormais avec l\u2019ancien animateur vedette de Fox News\u00a0<a href=\"http:\/\/www.lefigaro.fr\/flash-actu\/etats-unis-l-animateur-proche-de-trump-tucker-carlson-annonce-avoir-interviewe-le-chef-de-la-diplomatie-russe-20241204\" data-fig-type=\"NewsFlash\" data-gtm-custom-categorie=\"navigation\" data-gtm-custom-action=\"crossclick\" data-gtm-custom-label=\"Contextuel\" data-gtm-event=\"customEventSPE\" data-fig-domain=\"LEFIGARO\" target=\"_blank\" rel=\"noopener\">Tucker Carlson<\/a>\u00a0qu\u2019il a \u00e9chang\u00e9 des noms d\u2019oiseau, sur fond de d\u00e9saccord au sujet de l\u2019engagement des \u00c9tats-Unis dans le conflit au Moyen-Orient. Depuis son d\u00e9part de la cha\u00eene en 2022, Tucker Carlson avait pourtant mis son \u00e9mission sur le r\u00e9seau social X au service de la campagne du candidat Trump, en offrant une tribune \u00e0 ses proches et aux id\u00e9es port\u00e9es par le mouvement MAGA.<\/p>\n<p class=\"fig-paragraph\">Figure \u00e9galement de la droite conspirationniste am\u00e9ricaine (il a notamment r\u00e9fut\u00e9 l\u2019utilit\u00e9 des vaccins, pr\u00e9sent\u00e9 les assaillants du Capitole comme les victimes d\u2019une machination, insinu\u00e9 que Barack Obama \u00e9tait homosexuel ou ni\u00e9 le r\u00e9chauffement climatique), Tucker Carlson s\u2019est peu \u00e0 peu converti depuis une vingtaine d\u2019ann\u00e9es \u00e0 une doctrine non-interventionniste, apr\u00e8s avoir d\u2019abord soutenu la guerre de George Bush en Irak.<\/p>\n<p class=\"fig-body-link\">\n            \u00c0 lire aussi<br \/>\n        <a class=\"fig-body-link__link fig-premium-mark\" href=\"http:\/\/www.lefigaro.fr\/international\/israel-iran-entre-donald-trump-et-benyamin-netanyahou-deux-visions-distinctes-de-la-guerre-20250617\" data-fig-type=\"Article\" data-gtm-custom-categorie=\"navigation\" data-gtm-custom-action=\"crossclick\" data-gtm-custom-label=\"Contextuel\" data-gtm-event=\"customEventSPE\" data-fig-domain=\"LEFIGARO\" target=\"_blank\" rel=\"noopener\">Isra\u00ebl-Iran\u00a0: entre Donald Trump et Benyamin Netanyahou, deux visions distinctes de la guerre<br \/>\n    <\/a>\n<\/p>\n<p class=\"fig-paragraph\">Cette ligne l\u2019a pouss\u00e9 \u00e0 condamner fermement les bombardements isra\u00e9liens sur T\u00e9h\u00e9ran depuis quelques jours, et m\u00eame \u00e0 \u00e9crire par la suite, face aux r\u00e9actions de Donald Trump pouvant s\u2019apparenter \u00e0 un soutien \u00e0 ces op\u00e9rations militaires, que le pr\u00e9sident am\u00e9ricain \u00e9tait \u00abcomplice de ces actes de guerre\u00bb dont l\u2019issue \u00absera d\u00e9terminante pour la suite de son mandat\u00bb. Tucker Carlson a par la suite d\u00e9nonc\u00e9 l\u2019influence des \u00e9ditorialistes \u00abva-t-en-guerre\u00bb, dont ses anciens coll\u00e8gues de Fox News Sean Hannity et Mark Levin, qui feraient d\u2019apr\u00e8s lui pression sur Trump pour le pousser \u00e0 \u00abune intervention militaire directe des \u00c9tats-Unis dans une guerre contre l\u2019Iran\u00bb.<\/p>\n<p class=\"fig-paragraph\">Il n\u2019en fallait pas plus pour mettre en col\u00e8re le pr\u00e9sident des \u00c9tats-Unis, qui\u00a0<a href=\"https:\/\/thehill.com\/homenews\/administration\/5353448-trump-swipes-at-tucker-carlson-over-israel-iran-criticism\/\" target=\"_blank\" rel=\"nofollow noopener\" data-gtm-custom-categorie=\"navigation\" data-gtm-custom-action=\"crossclick\" data-gtm-custom-label=\"Contextuel\" data-gtm-event=\"customEventSPE\">s\u2019est emport\u00e9 sur son r\u00e9seau Truth Social<\/a>\u00a0contre la vedette m\u00e9diatique\u00a0: \u00abQuelqu\u2019un peut-il expliquer \u00e0 ce dingue de Tucker Carlson que L\u2019IRAN NE PEUT PAS AVOIR D\u2019ARME NUCL\u00c9AIRE\u00a0!\u00bb a-t-il \u00e9crit.<\/p>\n<p class=\"fig-body-link\">\n            \u00c0 lire aussi<br \/>\n        <a class=\"fig-body-link__link fig-premium-mark\" href=\"http:\/\/www.lefigaro.fr\/international\/papa-est-de-retour-tucker-carlson-ex-presentateur-vedette-de-fox-news-roule-pour-trump-20241026\" data-fig-type=\"Article\" data-gtm-custom-categorie=\"navigation\" data-gtm-custom-action=\"crossclick\" data-gtm-custom-label=\"Contextuel\" data-gtm-event=\"customEventSPE\" data-fig-domain=\"LEFIGARO\" target=\"_blank\" rel=\"noopener\">\u00abPapa est de retour\u00bb: Tucker Carlson, ex-pr\u00e9sentateur vedette de Fox News, roule pour Trump<br \/>\n    <\/a>\n<\/p>\n<p>Le mouvement MAGA divis\u00e9<\/p>\n<p class=\"fig-paragraph\">Il faut dire que la position de Donald Trump, qui avait d\u2019abord d\u00e9clar\u00e9 avoir tent\u00e9 de dissuader Isra\u00ebl de mener les premi\u00e8res frappes, mais qui s\u2019est dor\u00e9navant montr\u00e9 beaucoup plus solidaire de l\u2019intervention contre l\u2019Iran, d\u00e9route une partie de son camp. Au point de d\u00e9voiler au grand jour une v\u00e9ritable ligne de fracture au sein du mouvement MAGA, dont une partie soutenait jusqu\u2019ici avec insistance l\u2019isolationnisme am\u00e9ricain promis par Trump, sous le slogan \u00abAmerica first\u00bb ; et dont une autre partie plaide pour un soutien sans faille \u00e0 Isra\u00ebl, \u00e0 l\u2019instar du pr\u00e9sident de la Chambre des repr\u00e9sentants, le r\u00e9publicain Mike Johnson, qui a d\u00e9clar\u00e9 vendredi qu\u2019Isra\u00ebl \u00e9tait \u00abdans son bon droit\u00bb en frappant l\u2019Iran. \u00c0 la Chambre, l\u2019\u00e9lue g\u00e9orgienne proche de la droite QAnon Marjorie Taylor Greene a au contraire indiqu\u00e9 qu\u2019elle \u00abpriait pour la paix\u00bb, et \u00e9crit sur son comppte X\u00a0: \u00abTous ceux que je connais sont las des interventions des \u00c9tats-Unis et des changements de r\u00e9gime dans les pays \u00e9trangers\u00bb.<\/p>\n<p class=\"fig-paragraph\">Tr\u00e8s suivi sur les r\u00e9seaux sociaux de la droite am\u00e9ricaine, l\u2019influenceur Charlie Kirk a m\u00eame affirm\u00e9 que ces dissensions internes au sein du courant trumpiste sur les questions de politique internationale finiraient par provoquer un \u00abschisme massif\u00bb.<\/p>\n","protected":false},"excerpt":{"rendered":"L\u2019unit\u00e9 de la droite trumpiste est mise \u00e0 rude \u00e9preuve depuis quelques jours sur le soutien \u00e0 apporter&hellip;\n","protected":false},"author":2,"featured_media":183711,"comment_status":"","ping_status":"","sticky":false,"template":"","format":"standard","meta":{"footnotes":""},"categories":[2],"tags":[259,11,260,75,1011,27,14,3019,261,12,262,25],"class_list":{"0":"post-183710","1":"post","2":"type-post","3":"status-publish","4":"format-standard","5":"has-post-thumbnail","7":"category-actualites","8":"tag-actualite-internationale","9":"tag-actualites","10":"tag-affaires-etrangeres","11":"tag-donald-trump","12":"tag-fr","13":"tag-france","14":"tag-international","15":"tag-iran","16":"tag-ministere-des-affaires-etrangeres","17":"tag-news","18":"tag-politique-etrangere","19":"tag-republique-francaise"},"share_on_mastodon":{"url":"https:\/\/pubeurope.com\/@fr\/114699546364371930","error":""},"_links":{"self":[{"href":"https:\/\/www.europesays.com\/fr\/wp-json\/wp\/v2\/posts\/183710","targetHints":{"allow":["GET"]}}],"collection":[{"href":"https:\/\/www.europesays.com\/fr\/wp-json\/wp\/v2\/posts"}],"about":[{"href":"https:\/\/www.europesays.com\/fr\/wp-json\/wp\/v2\/types\/post"}],"author":[{"embeddable":true,"href":"https:\/\/www.europesays.com\/fr\/wp-json\/wp\/v2\/users\/2"}],"replies":[{"embeddable":true,"href":"https:\/\/www.europesays.com\/fr\/wp-json\/wp\/v2\/comments?post=183710"}],"version-history":[{"count":0,"href":"https:\/\/www.europesays.com\/fr\/wp-json\/wp\/v2\/posts\/183710\/revisions"}],"wp:featuredmedia":[{"embeddable":true,"href":"https:\/\/www.europesays.com\/fr\/wp-json\/wp\/v2\/media\/183711"}],"wp:attachment":[{"href":"https:\/\/www.europesays.com\/fr\/wp-json\/wp\/v2\/media?parent=183710"}],"wp:term":[{"taxonomy":"category","embeddable":true,"href":"https:\/\/www.europesays.com\/fr\/wp-json\/wp\/v2\/categories?post=183710"},{"taxonomy":"post_tag","embeddable":true,"href":"https:\/\/www.europesays.com\/fr\/wp-json\/wp\/v2\/tags?post=183710"}],"curies":[{"name":"wp","href":"https:\/\/api.w.org\/{rel}","templated":true}]}}