{"id":183714,"date":"2025-06-17T16:03:14","date_gmt":"2025-06-17T16:03:14","guid":{"rendered":"https:\/\/www.europesays.com\/fr\/183714\/"},"modified":"2025-06-17T16:03:14","modified_gmt":"2025-06-17T16:03:14","slug":"la-france-signe-un-accord-cadre-avec-airbus-et-naval-group-pour-son-programme-de-drone-helicoptere","status":"publish","type":"post","link":"https:\/\/www.europesays.com\/fr\/183714\/","title":{"rendered":"La France signe un accord-cadre avec Airbus et Naval Group pour son programme de drone h\u00e9licopt\u00e8re"},"content":{"rendered":"<p>&#13;<br \/>\n\tLa France poursuit la modernisation de ses capacit\u00e9s navales avec un accent sur les syst\u00e8mes autonomes. En signant ce mardi 17 juin un accord-cadre avec <a href=\"https:\/\/www.usinenouvelle.com\/article\/airbus-helicoptere-devoile-le-h140-un-nouveau-bimoteur-leger-a-destination-des-services-medicaux-d-urgence.N2228806\" target=\"_blank\" rel=\"nofollow noopener\">Airbus Helicopters<\/a> et <a href=\"https:\/\/www.usinenouvelle.com\/editorial\/subtil-equilibre-trouve-chez-naval-group.N2229869\" target=\"_blank\" rel=\"nofollow noopener\">Naval Group<\/a>, le ministre des Arm\u00e9es, S\u00e9bastien Lecornu, engage officiellement le programme SDAM (Syst\u00e8mes de Drone A\u00e9rien pour la Marine). Ce programme vise \u00e0 \u00e9quiper les fr\u00e9gates de la Marine nationale avec le VSR700, un drone-h\u00e9licopt\u00e8re con\u00e7u par Airbus. Le contrat a \u00e9t\u00e9 sign\u00e9 en marge du salon du Bourget, avec Bruno Even, PDG d\u2019Airbus Helicopters, et Marie-Laure Bourgeois, vice-pr\u00e9sidente ex\u00e9cutive des ventes de Naval Group.<\/p>\n<p>&#13;<br \/>\n\tDes drones d\u00e9j\u00e0 \u00e9prouv\u00e9s en mer<\/p>\n<p>&#13;<br \/>\n\tChaque SDAM comprendra un drone VSR700, exploit\u00e9 via le syst\u00e8me de mission Steeris con\u00e7u par Naval Group. D\u00e9velopp\u00e9 \u00e0 l\u2019issue de quinze ann\u00e9es de recherche et d\u2019essais, Steeris est pr\u00e9sent\u00e9 comme une solution \u00e9prouv\u00e9e pour l\u2019int\u00e9gration de syst\u00e8mes autonomes dans des environnements navals. Naval Group sera \u00e9galement charg\u00e9 d\u2019int\u00e9grer ces syst\u00e8mes \u00e0 bord des fr\u00e9gates fran\u00e7aises.<\/p>\n<p class=\"editoTitleType1 editoTitleType1--noBorder is-margin-0\">VOS <b>INDICES<\/b><\/p>\n<p>                source<br \/>\n                <img decoding=\"async\" src=\"https:\/\/www.europesays.com\/fr\/wp-content\/uploads\/2025\/05\/logo-indice-contations.png\" alt=\"Indices &amp; cotations\"\/><\/p>\n<p>&#13;<br \/>\n\t\u00abAvec nos partenaires, nous avons d\u00e9montr\u00e9 les capacit\u00e9s du VSR700 en mer lors de multiples d\u00e9monstrations, dont une \u00e0 bord d&rsquo;une fr\u00e9gate de la Marine nationale fran\u00e7aise\u00bb, a d\u00e9clar\u00e9 Bruno Even, PDG d\u2019Airbus Helicopters. \u00abVSR700 est un syst\u00e8me v\u00e9ritablement polyvalent qui peut \u00eatre utilis\u00e9 dans de nombreux environnements, comme en t\u00e9moigne la version d\u2019\u00e9claireur arm\u00e9 expos\u00e9e au salon du Bourget.\u00bb<\/p>\n<p>&#13;<br \/>\n\t\u00a0<\/p>\n<p>&#13;<\/p>\n<p>&#13;<br \/>\n\t\t<img decoding=\"async\" alt=\"VSR 700 Bourget\" src=\"data:image\/gif;base64,R0lGODdhAQABAPAAAMPDwwAAACwAAAAAAQABAAACAkQBADs=\" data-original=\"https:\/\/www.usinenouvelle.com\/mediatheque\/6\/5\/3\/001528356_illustration_large.jpg\"\/><\/p>\n<p>&#13;<\/p>\n<p>&#13;<br \/>\n\tLe drone sera destin\u00e9 \u00e0 des missions de surveillance et de renseignement, gr\u00e2ce \u00e0 une configuration comprenant un radar, un syst\u00e8me \u00e9lectro-optique et un r\u00e9cepteur AIS (Automatic Identification System). Il est capable de d\u00e9coller et d\u2019atterrir automatiquement depuis un navire, y compris en conditions de mer difficiles, et peut voler plus de huit heures avec trois capteurs embarqu\u00e9s.<\/p>\n<p>&#13;<br \/>\n\tAlors que l\u2019Union europ\u00e9enne accentue ses efforts de r\u00e9armement, ce programme s\u2019inscrit dans une logique de renforcement des capacit\u00e9s industrielles fran\u00e7aises et europ\u00e9ennes dans le domaine des drones navals, tout en ouvrant des perspectives de coop\u00e9ration internationale. L\u2019accord pr\u00e9voit aussi la possibilit\u00e9 d\u2019une coop\u00e9ration avec d\u2019autres nations par le biais d\u2019accords intergouvernementaux. Plusieurs pays ont \u00e9t\u00e9 invit\u00e9s par la Direction g\u00e9n\u00e9rale de l\u2019armement (DGA) \u00e0 rejoindre le programme.<\/p>\n<p>&#13;<br \/>\n\t<strong>Avec Reuters (R\u00e9dig\u00e9 par Florence Lo\u00e8ve, \u00e9dit\u00e9 par Blandine H\u00e9nault)<\/strong><\/p>\n<p class=\"editoTitleType1 editoTitleType1--lagoon is-uppercase\">S\u00e9lectionn\u00e9 <b>pour vous<\/b><\/p>\n<p>                                                                            <a class=\"editoCardType21__link editoCardType21__containerImage\" href=\"https:\/\/www.usinenouvelle.com\/article\/bourget-2025-airbus-signe-un-contrat-de-plusieurs-milliards-d-euros-boeing-reste-en-retrait.N2233757\" data-xiti-name=\"2233757\" rel=\"nofollow noopener\" target=\"_blank\"><\/p>\n<p>                                                                                                                                                    <img decoding=\"async\" src=\"data:image\/gif;base64,R0lGODdhAQABAPAAAMPDwwAAACwAAAAAAQABAAACAkQBADs=\" data-original=\"\/mediatheque\/1\/9\/2\/001528291_256x170_c.jpg\" alt=\"Bourget 2025 : Airbus signe un contrat de plusieurs milliards d'euros, Boeing reste en retrait\"\/><\/p>\n<p>                            <\/a><\/p>\n","protected":false},"excerpt":{"rendered":"&#13; La France poursuit la modernisation de ses capacit\u00e9s navales avec un accent sur les syst\u00e8mes autonomes. En&hellip;\n","protected":false},"author":2,"featured_media":183715,"comment_status":"","ping_status":"","sticky":false,"template":"","format":"standard","meta":{"footnotes":""},"categories":[4],"tags":[11,670,32182,554,2125,2024,1011,27,2124,6129,32183,12,25,32145],"class_list":{"0":"post-183714","1":"post","2":"type-post","3":"status-publish","4":"format-standard","5":"has-post-thumbnail","7":"category-france","8":"tag-actualites","9":"tag-aero-spatial","10":"tag-airbus-group","11":"tag-defense","12":"tag-depeches-reuters","13":"tag-drones","14":"tag-fr","15":"tag-france","16":"tag-infos-reuters","17":"tag-maritime","18":"tag-naval-group-ex-dcns","19":"tag-news","20":"tag-republique-francaise","21":"tag-salon-du-bourget"},"share_on_mastodon":{"url":"https:\/\/pubeurope.com\/@fr\/114699554319562176","error":""},"_links":{"self":[{"href":"https:\/\/www.europesays.com\/fr\/wp-json\/wp\/v2\/posts\/183714","targetHints":{"allow":["GET"]}}],"collection":[{"href":"https:\/\/www.europesays.com\/fr\/wp-json\/wp\/v2\/posts"}],"about":[{"href":"https:\/\/www.europesays.com\/fr\/wp-json\/wp\/v2\/types\/post"}],"author":[{"embeddable":true,"href":"https:\/\/www.europesays.com\/fr\/wp-json\/wp\/v2\/users\/2"}],"replies":[{"embeddable":true,"href":"https:\/\/www.europesays.com\/fr\/wp-json\/wp\/v2\/comments?post=183714"}],"version-history":[{"count":0,"href":"https:\/\/www.europesays.com\/fr\/wp-json\/wp\/v2\/posts\/183714\/revisions"}],"wp:featuredmedia":[{"embeddable":true,"href":"https:\/\/www.europesays.com\/fr\/wp-json\/wp\/v2\/media\/183715"}],"wp:attachment":[{"href":"https:\/\/www.europesays.com\/fr\/wp-json\/wp\/v2\/media?parent=183714"}],"wp:term":[{"taxonomy":"category","embeddable":true,"href":"https:\/\/www.europesays.com\/fr\/wp-json\/wp\/v2\/categories?post=183714"},{"taxonomy":"post_tag","embeddable":true,"href":"https:\/\/www.europesays.com\/fr\/wp-json\/wp\/v2\/tags?post=183714"}],"curies":[{"name":"wp","href":"https:\/\/api.w.org\/{rel}","templated":true}]}}